{"id":310089,"date":"2025-08-10T20:04:12","date_gmt":"2025-08-10T20:04:12","guid":{"rendered":"https:\/\/www.europesays.com\/fr\/310089\/"},"modified":"2025-08-10T20:04:12","modified_gmt":"2025-08-10T20:04:12","slug":"kim-kardashian-quitte-les-usa-pour-une-greffe-apres-des-annees-de-douleur","status":"publish","type":"post","link":"https:\/\/www.europesays.com\/fr\/310089\/","title":{"rendered":"Kim Kardashian quitte les USA pour une greffe apr\u00e8s des ann\u00e9es de douleur"},"content":{"rendered":"<p>Kim Kardashian n\u2019a jamais cach\u00e9 qu\u2019elle \u00e9tait vraiment <a href=\"https:\/\/mcetv.ouest-france.fr\/mon-mag-buzz\/people\/us\/kim-kardashian-en-deuil-elle-pleure-la-perte-dun-vrai-pilier-de-sa-vie-08072025\/\" target=\"_blank\" rel=\"noopener nofollow\">passionn\u00e9e par le sport<\/a>. En effet, impossible pour la principale int\u00e9ress\u00e9e de rater une seule s\u00e9ance. En revanche, une blessure lui a tout de m\u00eame laiss\u00e9 des s\u00e9quelles. Elle a alors affirm\u00e9 avoir pu venir \u00e0 bout de la douleur gr\u00e2ce \u00e0 <strong>une greffe r\u00e9volutionnaire<\/strong>.<\/p>\n<p>Kim Kardashian soulage ses douleurs gr\u00e2ce \u00e0 cette m\u00e9thode<\/p>\n<p>C\u2019est sur son compte Instagram que Kim Kardashian s\u2019est livr\u00e9e sans filtre sur la m\u00e9thode r\u00e9volutionnaire dont elle avait pu b\u00e9n\u00e9ficier pour, selon ses dires, venir \u00e0 bout de <a href=\"https:\/\/mcetv.ouest-france.fr\/mon-mag-buzz\/people\/us\/kim-kardashian-met-les-etats-unis-a-feu-et-a-sang-avec-cette-prise-de-position-12062025\/\" target=\"_blank\" rel=\"noopener nofollow\">nombreuses ann\u00e9es de douleur<\/a>.<\/p>\n<p>Sur le r\u00e9seau social, elle a expliqu\u00e9 : \u00ab\u00a0Je suis tellement excit\u00e9e de partager avec vous mon parcours de cellules souches. Il y a deux ans, <strong>je me suis d\u00e9chir\u00e9 l\u2019\u00e9paule<\/strong> en soulevant des poids, me laissant dans une douleur d\u00e9bilitante\u00a0\u00bb.<\/p>\n<p>Avant d\u2019expliquer : \u00ab\u00a0J\u2019ai tout essay\u00e9 pour trouver du soulagement, puis j\u2019ai appris le potentiel de la th\u00e9rapie par les cellules souches et j\u2019ai rencontr\u00e9 le Dr Adeel Khan \u00e0 Eterna. Son \u00e9quipe a trait\u00e9 mon \u00e9paule avec des cellules Dezawa MuseTM\ufe0f\u00a0\u00bb.<\/p>\n<p>La <a href=\"https:\/\/mcetv.ouest-france.fr\/mon-mag-buzz\/people\/us\/kim-kardashian-ce-nouveau-soutien-gorge-skims-va-en-choquer-plus-dun-30052025\/\" target=\"_blank\" rel=\"noopener nofollow\">m\u00e8re de famille <\/a>a alors affirm\u00e9 : \u00ab\u00a0les r\u00e9sultats ont \u00e9t\u00e9 imm\u00e9diats\u00a0\u00bb. Elle a expliqu\u00e9 pouvoir faire n\u2019importe quel mouvement. De plus, Kim Kardashian a pr\u00e9cis\u00e9 que son \u00e9paule \u00e9tait \u00ab\u00a0normale\u00a0\u00bb depuis.<\/p>\n<p>C\u2019est pour cette raison qu\u2019elle a d\u00e9cid\u00e9 d\u2019aller plus loin. En effet, elle a r\u00e9v\u00e9l\u00e9 : \u00ab\u00a0Encourag\u00e9e par ce succ\u00e8s, je suis r\u00e9cemment retourn\u00e9e chez le Dr Khan pour <strong>aborder les douleurs chroniques de dos<\/strong> dont je souffre depuis des ann\u00e9es\u00a0\u00bb.<\/p>\n<p>\u00ab\u00a0Le traitement des cellules souches de Muse a encore chang\u00e9 la donne. J\u2019ai eu un soulagement tout de suite, et la douleur insupportable est enfin partie. Si vous avez des difficult\u00e9s avec des douleurs de dos, je ne peux pas assez recommander ce traitement\u00a0\u00bb, a-t-elle soulign\u00e9.<\/p>\n<p><a href=\"https:\/\/mcetv.ouest-france.fr\/mon-mag-buzz\/people\/us\/kanye-west-rend-kim-kardashian-responsable-de-ses-derives-les-plus-choquantes-08052025\/\" target=\"_blank\" rel=\"noopener nofollow\"><img loading=\"lazy\" decoding=\"async\" class=\"size-full wp-image-2244039\" src=\"https:\/\/www.europesays.com\/fr\/wp-content\/uploads\/2025\/08\/Kim-Kardashian-quitte-les-USA-pour-une-greffe-revolutionnaire-apres-des-annees-de-douleur-petite.jpg\" alt=\"Kim Kardashian quitte les USA pour une greffe r\u00e9volutionnaire apr\u00e8s des ann\u00e9es de douleur\" width=\"600\" height=\"360\"  \/><\/a>Cr\u00e9dit photo : capture d\u2019\u00e9cran Instagram @kimkardashian<br \/>\n\u00ab\u00a0Il a transform\u00e9 ma vie\u00a0\u00bb<\/p>\n<p>La candidate de t\u00e9l\u00e9-r\u00e9alit\u00e9 a d\u2019ailleurs affirm\u00e9 : \u00ab\u00a0Il a transform\u00e9 ma vie quand je pensais que mon corps \u00e9tait en panne\u00a0\u00bb. En revanche, elle a tout de m\u00eame tenu \u00e0 faire une mise en garde n\u00e9cessaire sur ce traitement.<\/p>\n<p>Kim Kardashian a bien pr\u00e9cis\u00e9 : \u00ab\u00a0Bien s\u00fbr, tout le monde est diff\u00e9rent\u00a0\u00bb. Avant d\u2019ajouter qu\u2019elle partageait seulement son exp\u00e9rience et que cette<strong> m\u00e9thode avait r\u00e9ellement fonctionn\u00e9 sur elle.<\/strong><\/p>\n<p>En revanche, elle n\u2019a pas pu profiter de cette m\u00e9thode aux USA. En effet, elle a pr\u00e9cis\u00e9 : \u00ab\u00a0Comme les cellules souches de Muse ne sont pas encore accessibles aux \u00c9tats-Unis, j\u2019ai d\u00fb me rendre au Mexique pour \u00eatre soign\u00e9e par l\u2019\u00e9quipe du Dr Khan\u00a0\u00bb.<\/p>\n<p>Pour finir, elle a fait part de sa reconnaissance envers cette m\u00e9decine qui a visiblement fait son travail sur ses douleurs. \u00ab\u00a0Je suis profond\u00e9ment reconnaissante de l\u2019opportunit\u00e9 et des ressources qui m\u2019ont permis de poursuivre cette gu\u00e9rison\u00a0\u00bb.<\/p>\n<p>Avant de conclure : \u00ab\u00a0Je prie pour que <strong>la science continue d\u2019\u00e9voluer<\/strong> pour que davantage de gens puissent. \u00c0 l\u2019espoir, la gu\u00e9rison et l\u2019avenir de la science\u00a0\u00bb. De nombreux internautes ont alors r\u00e9agi \u00e0 ses dires.<\/p>\n<p>Plusieurs personnes ont rappel\u00e9 \u00e0 Kim Kardashian qu\u2019il n\u2019avait pas assez d\u2019argent pour profiter de cette m\u00e9thode. Pour rappel, les soins de sant\u00e9 co\u00fbtent tr\u00e8s cher en Am\u00e9rique.<\/p>\n","protected":false},"excerpt":{"rendered":"Kim Kardashian n\u2019a jamais cach\u00e9 qu\u2019elle \u00e9tait vraiment passionn\u00e9e par le sport. En effet, impossible pour la principale&hellip;\n","protected":false},"author":2,"featured_media":310090,"comment_status":"","ping_status":"","sticky":false,"template":"","format":"standard","meta":{"footnotes":""},"categories":[1589],"tags":[11,73,1866,12,1864,1865,1863,308],"class_list":{"0":"post-310089","1":"post","2":"type-post","3":"status-publish","4":"format-standard","5":"has-post-thumbnail","7":"category-etats-unis","8":"tag-actualites","9":"tag-etats-unis","10":"tag-etats-unis-damerique","11":"tag-news","12":"tag-united-states","13":"tag-united-states-of-america","14":"tag-us","15":"tag-usa"},"share_on_mastodon":{"url":"https:\/\/pubeurope.com\/@fr\/115006266668619581","error":""},"_links":{"self":[{"href":"https:\/\/www.europesays.com\/fr\/wp-json\/wp\/v2\/posts\/310089","targetHints":{"allow":["GET"]}}],"collection":[{"href":"https:\/\/www.europesays.com\/fr\/wp-json\/wp\/v2\/posts"}],"about":[{"href":"https:\/\/www.europesays.com\/fr\/wp-json\/wp\/v2\/types\/post"}],"author":[{"embeddable":true,"href":"https:\/\/www.europesays.com\/fr\/wp-json\/wp\/v2\/users\/2"}],"replies":[{"embeddable":true,"href":"https:\/\/www.europesays.com\/fr\/wp-json\/wp\/v2\/comments?post=310089"}],"version-history":[{"count":0,"href":"https:\/\/www.europesays.com\/fr\/wp-json\/wp\/v2\/posts\/310089\/revisions"}],"wp:featuredmedia":[{"embeddable":true,"href":"https:\/\/www.europesays.com\/fr\/wp-json\/wp\/v2\/media\/310090"}],"wp:attachment":[{"href":"https:\/\/www.europesays.com\/fr\/wp-json\/wp\/v2\/media?parent=310089"}],"wp:term":[{"taxonomy":"category","embeddable":true,"href":"https:\/\/www.europesays.com\/fr\/wp-json\/wp\/v2\/categories?post=310089"},{"taxonomy":"post_tag","embeddable":true,"href":"https:\/\/www.europesays.com\/fr\/wp-json\/wp\/v2\/tags?post=310089"}],"curies":[{"name":"wp","href":"https:\/\/api.w.org\/{rel}","templated":true}]}}