{"id":310093,"date":"2025-08-10T20:06:10","date_gmt":"2025-08-10T20:06:10","guid":{"rendered":"https:\/\/www.europesays.com\/fr\/310093\/"},"modified":"2025-08-10T20:06:10","modified_gmt":"2025-08-10T20:06:10","slug":"allemagne-en-100-jours-friedrich-merz-deja-au-plus-bas-dans-les-sondages","status":"publish","type":"post","link":"https:\/\/www.europesays.com\/fr\/310093\/","title":{"rendered":"Allemagne : en 100 jours, Friedrich Merz d\u00e9j\u00e0 au plus bas dans les sondages"},"content":{"rendered":"<p>N\u00e9anmoins, \u00ab\u00a0il est \u00e9vident que la situation \u00e9conomique et migratoire, les deux objectifs centraux du gouvernement, s\u2019am\u00e9liorent\u00a0\u00bb, constate Wolfgang Schroeder, politologue de l\u2019universit\u00e9 de Cassel.<\/p>\n<p>Un bilan des cent premiers jours du gouvernement qui ne satisfait plus que 29\u00a0% des Allemands, le pire score depuis son entr\u00e9e en fonction, selon un sondage de la t\u00e9l\u00e9vision publique ARD publi\u00e9 jeudi.<\/p>\n<p>Tour de vis migratoire<\/p>\n<p>Apr\u00e8s une campagne l\u00e9gislative domin\u00e9e par l\u2019immigration, le gouvernement Merz a encore donn\u00e9 un tour de vis \u00e0 sa politique migratoire, tournant un peu plus le dos \u00e0 la politique d\u2019accueil g\u00e9n\u00e9reuse d\u2019Angela Merkel en 2015.<\/p>\n<p>    La r\u00e9daction vous conseille<\/p>\n<p>Outre des expulsions d\u2019\u00e9trangers en hausse, dont celles de 81 criminels vers l\u2019Afghanistan et de 40\u00a0personnes vers l\u2019Irak, le gouvernement a d\u00e9cid\u00e9 le refoulement des demandeurs d\u2019asile aux fronti\u00e8res. Il a aussi modifi\u00e9 la l\u00e9gislation afin de limiter le regroupement familial pour certaines cat\u00e9gories de r\u00e9fugi\u00e9s, et d\u2019allonger les d\u00e9lais d\u2019acc\u00e8s \u00e0 la nationalit\u00e9 allemande.<\/p>\n<p>Friedrich Merz esp\u00e8re ainsi \u00ab\u00a0regagner la confiance\u00a0\u00bb des \u00e9lecteurs s\u00e9duits par l\u2019extr\u00eame droite.<\/p>\n<p>\u00c9conomie\u00a0: toujours des vents contraires<\/p>\n<p>Apr\u00e8s deux ann\u00e9es de r\u00e9cession, li\u00e9es notamment \u00e0 l\u2019invasion de l\u2019Ukraine par la Russie et la hausse des co\u00fbts de l\u2019\u00e9nergie qui a suivi, la premi\u00e8re \u00e9conomie europ\u00e9enne esp\u00e9rait redresser la t\u00eate cette ann\u00e9e.<\/p>\n<p>En amont de sa prise de fonction, Friedrich Merz a obtenu un fonds de 500\u00a0milliards d\u2019euros pour moderniser les infrastructures sur douze ans, ainsi que l\u2019assouplissement des r\u00e8gles strictes sur la dette pour financer les efforts de d\u00e9fense. Son pari\u00a0: relancer durablement la croissance allemande en stimulant les investissements strat\u00e9giques.<\/p>\n<p>    La r\u00e9daction vous conseille<\/p>\n<p>Mais au deuxi\u00e8me trimestre, le produit int\u00e9rieur brut allemand a recul\u00e9 de 0,1\u00a0%, apr\u00e8s une hausse de 0,3\u00a0% au premier. Pour l\u2019ensemble de 2025, le FMI table sur une quasi-stagnation (+\u00a00,1\u00a0%).<\/p>\n<p>Les droits de douane de 15\u00a0% impos\u00e9s par les \u00c9tats-Unis aux produits europ\u00e9ens depuis jeudi devraient causer des \u00ab\u00a0dommages importants\u00a0\u00bb \u00e0 l\u2019\u00e9conomie allemande, d\u00e9pendante de ses exportations, a reconnu Friedrich Merz.<\/p>\n<p>Stature internationale retrouv\u00e9e<\/p>\n<p>Comme il l\u2019avait promis, Friedrich Merz s\u2019implique davantage que son pr\u00e9d\u00e9cesseur Olaf Scholz dans les affaires \u00e9trang\u00e8res.<\/p>\n<p>\u00ab\u00a0Il parle tr\u00e8s bien anglais, il a une prestance d\u2019homme d\u2019\u00c9tat. Il semble vraiment prendre plaisir\u00a0\u00bb sur la sc\u00e8ne internationale, souligne la politologue Ursula M\u00fcnch de l\u2019universit\u00e9 de Tutzing.<\/p>\n<p>En plus du renforcement des liens en Europe, notamment \u00ab\u00a0avec la France, la Grande-Bretagne et la Pologne\u00a0\u00bb, le nouveau chancelier \u00ab\u00a0veille \u00e9galement \u00e0 \u00e9tablir des relations acceptables, en tout cas fonctionnelles, avec le pr\u00e9sident am\u00e9ricain\u00a0\u00bb Donald Trump \u00e0 qui il a rendu visite en juin, rench\u00e9rit Uwe Jun, son confr\u00e8re de l\u2019universit\u00e9 de Tr\u00e8ves.<\/p>\n<p>    La r\u00e9daction vous conseille<\/p>\n<p>La mont\u00e9e en puissance continue des efforts de d\u00e9fense, une exigence de Donald Trump, vise \u00e0 doter l\u2019Allemagne de \u00ab\u00a0l\u2019arm\u00e9e conventionnelle la plus puissante d\u2019Europe\u00a0\u00bb, un tournant dans un pays profond\u00e9ment pacifiste depuis les horreurs du nazisme.<\/p>\n<p>Sous sa houlette, l\u2019Allemagne a aussi amorc\u00e9 un changement de cap vis-\u00e0-vis d\u2019Isra\u00ebl, dont elle \u00e9tait jusqu\u2019ici l\u2019un des plus fid\u00e8les soutiens, en annon\u00e7ant vendredi suspendre les exportations d\u2019armes que ce pays pourrait utiliser \u00e0 Gaza.<\/p>\n<p>En revanche, sur l\u2019Ukraine, Friedrich Merz a finalement maintenu le cap de son pr\u00e9d\u00e9cesseur Olaf Scholz\u00a0: Berlin rechigne toujours \u00e0 fournir \u00e0 Kiev des Taurus, des missiles de croisi\u00e8re d\u2019une port\u00e9e de plus de 500\u00a0kilom\u00e8tres.<\/p>\n<p>Couac<\/p>\n<p>Une premi\u00e8re fissure est apparue au d\u00e9but de l\u2019\u00e9t\u00e9 entre alli\u00e9s conservateurs et sociaux-d\u00e9mocrates, incapables de s\u2019accorder sur une r\u00e9duction du prix de l\u2019\u00e9nergie pour les particuliers.<\/p>\n<p>Quelques jours plus tard, un d\u00e9saccord a \u00e9clat\u00e9 au grand jour \u00e0 propos de la nomination de trois juges \u00e0 la Cour constitutionnelle de Karlsruhe.<\/p>\n<p>Un nombre non n\u00e9gligeable de d\u00e9put\u00e9s conservateurs ont rejet\u00e9 l\u2019une des candidates, soutenue par les sociaux-d\u00e9mocrates, pour ses positions qu\u2019ils jugent trop lib\u00e9rales sur l\u2019avortement ou le port du voile.<\/p>\n<p>Comme son \u00e9chec au premier tour de sa propre \u00e9lection d\u00e9but mai, ce couac a mis en lumi\u00e8re la ligne de cr\u00eate sur laquelle \u00e9volue Friedrich Merz.<\/p>\n<p>Avec seulement douze si\u00e8ges de plus que la majorit\u00e9 requise au Bundestag, la coalition poss\u00e8de une faible marge de man\u0153uvre. Or, les sujets conflictuels, dont le budget 2026 et les r\u00e9formes de l\u2019allocation citoyenne et du frein \u00e0 l\u2019endettement, l\u2019attendent \u00e0 la rentr\u00e9e.<\/p>\n","protected":false},"excerpt":{"rendered":"N\u00e9anmoins, \u00ab\u00a0il est \u00e9vident que la situation \u00e9conomique et migratoire, les deux objectifs centraux du gouvernement, s\u2019am\u00e9liorent\u00a0\u00bb, constate&hellip;\n","protected":false},"author":2,"featured_media":310094,"comment_status":"","ping_status":"","sticky":false,"template":"","format":"standard","meta":{"footnotes":""},"categories":[1587],"tags":[11,672,1804,1805,1803,1777,674,1801,12,1802],"class_list":{"0":"post-310093","1":"post","2":"type-post","3":"status-publish","4":"format-standard","5":"has-post-thumbnail","7":"category-allemagne","8":"tag-actualites","9":"tag-allemagne","10":"tag-bundesrepublik-deutschland","11":"tag-de","12":"tag-deutschland","13":"tag-eu","14":"tag-europe","15":"tag-germany","16":"tag-news","17":"tag-republique-federale-dallemagne"},"share_on_mastodon":{"url":"https:\/\/pubeurope.com\/@fr\/115006274486075771","error":""},"_links":{"self":[{"href":"https:\/\/www.europesays.com\/fr\/wp-json\/wp\/v2\/posts\/310093","targetHints":{"allow":["GET"]}}],"collection":[{"href":"https:\/\/www.europesays.com\/fr\/wp-json\/wp\/v2\/posts"}],"about":[{"href":"https:\/\/www.europesays.com\/fr\/wp-json\/wp\/v2\/types\/post"}],"author":[{"embeddable":true,"href":"https:\/\/www.europesays.com\/fr\/wp-json\/wp\/v2\/users\/2"}],"replies":[{"embeddable":true,"href":"https:\/\/www.europesays.com\/fr\/wp-json\/wp\/v2\/comments?post=310093"}],"version-history":[{"count":0,"href":"https:\/\/www.europesays.com\/fr\/wp-json\/wp\/v2\/posts\/310093\/revisions"}],"wp:featuredmedia":[{"embeddable":true,"href":"https:\/\/www.europesays.com\/fr\/wp-json\/wp\/v2\/media\/310094"}],"wp:attachment":[{"href":"https:\/\/www.europesays.com\/fr\/wp-json\/wp\/v2\/media?parent=310093"}],"wp:term":[{"taxonomy":"category","embeddable":true,"href":"https:\/\/www.europesays.com\/fr\/wp-json\/wp\/v2\/categories?post=310093"},{"taxonomy":"post_tag","embeddable":true,"href":"https:\/\/www.europesays.com\/fr\/wp-json\/wp\/v2\/tags?post=310093"}],"curies":[{"name":"wp","href":"https:\/\/api.w.org\/{rel}","templated":true}]}}