{"id":310105,"date":"2025-08-10T20:12:24","date_gmt":"2025-08-10T20:12:24","guid":{"rendered":"https:\/\/www.europesays.com\/fr\/310105\/"},"modified":"2025-08-10T20:12:24","modified_gmt":"2025-08-10T20:12:24","slug":"le-triomphe-de-lintouchable-grant-forrest-clement-sordet-meilleur-francais","status":"publish","type":"post","link":"https:\/\/www.europesays.com\/fr\/310105\/","title":{"rendered":"Le triomphe de l&rsquo;intouchable Grant Forrest, Cl\u00e9ment Sordet meilleur Fran\u00e7ais"},"content":{"rendered":"<p>\t\t\t\t\t\t<img width=\"770\" height=\"556\" src=\"https:\/\/www.europesays.com\/fr\/wp-content\/uploads\/2025\/08\/1afp__20250810__2229402375__v1__highres__nexochampionship2025dayfour-e1754843061458-770x556.jpg\" class=\"img-responsive wp-post-image\" alt=\"\" decoding=\"async\" fetchpriority=\"high\"  \/>\t\t\t\t\t<\/p>\n<p>\t\t\t\t\t\t Partager cet article <\/p>\n<p class=\"screen-reader-text juiz_sps_maybe_hidden_text\">Partager la publication \u00ab\u00a0Le triomphe de l\u2019intouchable Grant Forrest, Cl\u00e9ment Sordet meilleur Fran\u00e7ais\u00a0\u00bb<\/p>\n<p><strong>Au terme d\u2019un tournoi men\u00e9 de main de ma\u00eetre sur son sol natal, l\u2019Ecossais Grant Forrest, 32 ans, s\u2019est adjug\u00e9 le 2e tournoi de sa carri\u00e8re sur le DP World Tour, en triomphant lors du premier Nexo Championship de l\u2019histoire \u00e0 Aberdeen en -8 total. Cl\u00e9ment Sordet termine premier tricolore, \u00e0 la 31e place.<\/strong><\/p>\n<p>\t\t\t\t\t<a id=\"181426\" href=\"https:\/\/leclub-golf.com\/fr\/green-fees?online=1&amp;utm_source=golf+planete&amp;utm_medium=referral&amp;utm_campaign=green+fee+en+ligne&amp;utm_id=green+fee+en+ligne_golf+planete_referral_banner\" target=\"_blank\" rel=\"sponsorised nofollow noopener\"><img decoding=\"async\" src=\"data:image\/svg+xml,%3Csvg%20xmlns=\" http:=\"\" class=\"img-responsive\" alt=\"\" data-lazy-src=\"https:\/\/www.europesays.com\/fr\/wp-content\/uploads\/2025\/08\/leclubgolf-e09-effet-classique-1170x275png.png\"\/><\/a><\/p>\n<p>Longtemps, la premi\u00e8re \u00e9dition du <strong>Nexo Championship<\/strong> sera rest\u00e9e dans les m\u00e9moires collectives de la semaine comme l\u2019un des challenges golfiques les plus ardus de la saison. Outre l\u2019<strong>Indian Open<\/strong> peut-\u00eatre, rarement les joueurs du <strong>DP World Tour<\/strong> n\u2019auront autant \u00e9t\u00e9 remu\u00e9s par un parcours de golf, sa pr\u00e9paration et les conditions de jeu.<\/p>\n<p><a href=\"https:\/\/www.europeantour.com\/dpworld-tour\/nexo-championship-2025\/leaderboard\" target=\"_blank\" rel=\"noopener nofollow\">Retrouvez le classement complet<\/a><\/p>\n<p>Si le parcours sera donc incontestablement le 2e grand gagnant de la semaine, rien ne pourra en revanche \u00e9clipser la performance de <strong>Grant Forrest<\/strong>, grand vainqueur sur le <strong>Trump International Golf Links<\/strong>. La rare f\u00e9rocit\u00e9 du test golfique \u00e9l\u00e8ve m\u00eame sa prestation, une victoire en -8 avec quatre coups d\u2019avance, au rang des plus belles d\u00e9monstrations de la saison.<\/p>\n<blockquote class=\"twitter-tweet\">\n<p dir=\"ltr\" lang=\"en\">A welcome return to the winner\u2019s circle for Grant Forrest! \ud83c\udff4\udb40\udc67\udb40\udc62\udb40\udc73\udb40\udc63\udb40\udc74\udb40\udc7f<a href=\"https:\/\/twitter.com\/hashtag\/NexoChampionship?src=hash&amp;ref_src=twsrc%5Etfw\" rel=\"nofollow noopener\" target=\"_blank\">#NexoChampionship<\/a> <a href=\"https:\/\/t.co\/F7wGVN5wA0\" rel=\"nofollow\">pic.twitter.com\/F7wGVN5wA0<\/a><\/p>\n<p>\u2014 DP World Tour (@DPWorldTour) <a href=\"https:\/\/twitter.com\/DPWorldTour\/status\/1954572425191985252?ref_src=twsrc%5Etfw\" rel=\"nofollow noopener\" target=\"_blank\">August 10, 2025<\/a><\/p>\n<\/blockquote>\n<p>\t\t\t\t\t<a id=\"181434\" href=\"https:\/\/www.omegaeuropeanmasters.com\/fr\/tickets\/tickets\" target=\"_blank\" rel=\"sponsorised nofollow noopener\"><img fetchpriority=\"high\" decoding=\"async\" src=\"https:\/\/www.europesays.com\/fr\/wp-content\/uploads\/2025\/08\/omegamasters-e02-billetterie-om25-1170x275-1.jpg\" class=\"img-responsive\" alt=\"\"\/><\/a><\/p>\n<p>Dans un dimanche boucl\u00e9 dans le par (72), le 3e vainqueur Ecossais de la saison est aussi devenu le seul joueur de la semaine \u00e0 ne pas rendre de carte au-dessus du par. Son 2e titre en carri\u00e8re, apr\u00e8s l\u2019<strong>Hero Open<\/strong> en 2021, d\u00e9j\u00e0 sur son sol national, lui permet de changer de dimension et d\u2019int\u00e9grer <a href=\"https:\/\/www.europeantour.com\/dpworld-tour\/rankings\/overview\/rankings\/\" target=\"_blank\" rel=\"noopener nofollow\">le top 30 de la Race to Dubai<\/a>, au 28e rang.<\/p>\n<p>\u00ab C\u2019est ma premi\u00e8re victoire en tant que p\u00e8re. \u00c7a m\u2019a demand\u00e9 du temps pour me remettre en mode golf apr\u00e8s la naissance de mon fils. Je suis tr\u00e8s heureux d\u2019y \u00eatre parvenu, et ce moment est tr\u00e8s sp\u00e9cial \u00bb,\u00a0a t-il confi\u00e9, \u00e9mu, apr\u00e8s sa victoire.<\/p>\n<p>Le joueur s\u2019adjuge \u00e9galement <a href=\"https:\/\/www.golfplanete.com\/actualites\/forrest-court-toujours-en-tete-avant-le-dernier-tour-du-mieux-pour-les-bleus\/\" target=\"_blank\" rel=\"noopener nofollow\">la belle prime de 10 000$ en plus de son ch\u00e8que de grand vainqueur en tant que nouveau recordman du parcours cette semaine<\/a> et une carte de 66 (-6) vendredi.<\/p>\n<p>\t\t\t\t\t<a id=\"180473\" href=\"https:\/\/eu.ping.com\/fr-fr\/clubs\/irons\/idi\" target=\"_blank\" rel=\"sponsorised nofollow noopener\"><img decoding=\"async\" src=\"data:image\/svg+xml,%3Csvg%20xmlns=\" http:=\"\" class=\"img-responsive\" alt=\"\" data-lazy-src=\"https:\/\/www.europesays.com\/fr\/wp-content\/uploads\/2025\/07\/ping-e07-fers-idi-1170x275-1.jpg\"\/><\/a><br \/>\nCl\u00e9ment Sordet sur la bonne pente<\/p>\n<p>Partag\u00e9 entre une saison qui s\u2019articule entre l\u2019<strong>HotelPlanner Tour<\/strong> (2e division) et le DP World Tour, le Lyonnais <strong>Cl\u00e9ment Sordet\u00a0<\/strong>est en train de r\u00e9aliser, malgr\u00e9 les \u00e9l\u00e9ments contraires, l\u2019une des saisons les plus solides de sa carri\u00e8re sur l\u2019\u00e9lite. D\u00e9sormais \u00e0 quelques encablures du top 113 n\u00e9cessaire pour retenir ses droits de jeu complets sur l\u2019\u00e9lite l\u2019an prochain apr\u00e8s une belle 31e place (+5, 73 en +1 pour terminer) en Ecosse (il est 118e \u00e0 la Race), le Fran\u00e7ais pourrait enfin p\u00e9renniser son avenir sur le grand circuit apr\u00e8s plusieurs saisons \u00e0 faire l\u2019ascenseur.<\/p>\n<p>Les deux autres Tricolores qui avaient pass\u00e9 le cut terminent \u00e0 la 48e place pour <strong>Julien Brun<\/strong> et \u00e0 la 57e place pour <strong>Ugo Coussaud<\/strong>.<\/p>\n<p>\t\t\t\t\t<a id=\"177181\" href=\"http:\/\/charleskent-golf.com\/andalucia-majors\/\" target=\"_blank\" rel=\"sponsorised nofollow noopener\"><img decoding=\"async\" src=\"data:image\/svg+xml,%3Csvg%20xmlns=\" http:=\"\" class=\"img-responsive\" alt=\"\" data-lazy-src=\"https:\/\/www.europesays.com\/fr\/wp-content\/uploads\/2025\/06\/charleskent-e03-andalucia-majors-1170x275-1.gif\"\/><\/a><br \/>\nLe leaderboard<\/p>\n<p><img loading=\"lazy\" decoding=\"async\" class=\"alignnone size-imagelargeur770 wp-image-181955\" src=\"data:image\/svg+xml,%3Csvg%20xmlns=\" http:=\"\" alt=\"\" width=\"1320\" height=\"753\" data-lazy- data-lazy- data-lazy-src=\"https:\/\/www.europesays.com\/fr\/wp-content\/uploads\/2025\/08\/class1-2.png\"\/><\/p>\n<p>\u00a0<br \/>\nLe leaderboard des Fran\u00e7ais<\/p>\n<p><img loading=\"lazy\" decoding=\"async\" class=\"alignnone size-full wp-image-181956\" src=\"data:image\/svg+xml,%3Csvg%20xmlns=\" http:=\"\" alt=\"\" width=\"1320\" height=\"757\" data-lazy- data-lazy- data-lazy-src=\"https:\/\/www.europesays.com\/fr\/wp-content\/uploads\/2025\/08\/class-fr-2.png\"\/><\/p>\n<p>\t\t\t\t\t<a id=\"181417\" href=\"https:\/\/cabotbordeaux.com\/fr\/booking\/training-golf\" target=\"_blank\" rel=\"sponsorised nofollow noopener\"><img decoding=\"async\" src=\"data:image\/svg+xml,%3Csvg%20xmlns=\" http:=\"\" class=\"img-responsive\" alt=\"\" data-lazy-src=\"https:\/\/www.europesays.com\/fr\/wp-content\/uploads\/2025\/08\/cabot-e04-stage-septembre-1170x275-1.gif\"\/><\/a><\/p>\n<p>Photo : ROSS PARKER \/ GETTY IMAGES EUROPE \/ Getty Images via AFP<\/p>\n<p>\t\t\t\t<img loading=\"lazy\" decoding=\"async\" src=\"data:image\/svg+xml,%3Csvg%20xmlns=\" http:=\"\" attributionsrc=\"\" border=\"0\" height=\"1\" width=\"1\" alt=\"Advertisement\" data-lazy-src=\"https:\/\/www.europesays.com\/fr\/wp-content\/uploads\/2025\/08\/B33661776.421948095;dc_trk_aid=614321628;dc_trk_cid=235413172;ord=[timestamp];dc_lat=;dc_rdid=;tag_f.gif\"\/><\/p>\n<p>\t\t\t\t\t<a id=\"174697\" href=\"https:\/\/ad.doubleclick.net\/ddm\/trackclk\/N6600.3770024GOLFPLANATE\/B33661776.421948095;dc_trk_aid=614321628;dc_trk_cid=235413172;dc_lat=;dc_rdid=;tag_for_child_directed_treatment=;tfua=;gdpr=${GDPR};gdpr_consent=${GDPR_CONSENT_755};ltd=;dc_tdv=1\" target=\"_blank\" rel=\"sponsorised nofollow noopener\"><img decoding=\"async\" src=\"data:image\/svg+xml,%3Csvg%20xmlns=\" http:=\"\" class=\"img-responsive\" alt=\"\" data-lazy-src=\"https:\/\/www.europesays.com\/fr\/wp-content\/uploads\/2025\/06\/amundi-e01-retraite-2506-1170x275-1.jpg\"\/><\/a><\/p>\n<p>\t\t\t<script async src=\"https:\/\/platform.twitter.com\/widgets.js\" charset=\"utf-8\"><\/script><\/p>\n","protected":false},"excerpt":{"rendered":"Partager cet article Partager la publication \u00ab\u00a0Le triomphe de l\u2019intouchable Grant Forrest, Cl\u00e9ment Sordet meilleur Fran\u00e7ais\u00a0\u00bb Au terme&hellip;\n","protected":false},"author":2,"featured_media":310106,"comment_status":"","ping_status":"","sticky":false,"template":"","format":"standard","meta":{"footnotes":""},"categories":[1418],"tags":[1011,27,1472,60],"class_list":{"0":"post-310105","1":"post","2":"type-post","3":"status-publish","4":"format-standard","5":"has-post-thumbnail","7":"category-golf","8":"tag-fr","9":"tag-france","10":"tag-golf","11":"tag-sports"},"share_on_mastodon":{"url":"https:\/\/pubeurope.com\/@fr\/115006298063634998","error":""},"_links":{"self":[{"href":"https:\/\/www.europesays.com\/fr\/wp-json\/wp\/v2\/posts\/310105","targetHints":{"allow":["GET"]}}],"collection":[{"href":"https:\/\/www.europesays.com\/fr\/wp-json\/wp\/v2\/posts"}],"about":[{"href":"https:\/\/www.europesays.com\/fr\/wp-json\/wp\/v2\/types\/post"}],"author":[{"embeddable":true,"href":"https:\/\/www.europesays.com\/fr\/wp-json\/wp\/v2\/users\/2"}],"replies":[{"embeddable":true,"href":"https:\/\/www.europesays.com\/fr\/wp-json\/wp\/v2\/comments?post=310105"}],"version-history":[{"count":0,"href":"https:\/\/www.europesays.com\/fr\/wp-json\/wp\/v2\/posts\/310105\/revisions"}],"wp:featuredmedia":[{"embeddable":true,"href":"https:\/\/www.europesays.com\/fr\/wp-json\/wp\/v2\/media\/310106"}],"wp:attachment":[{"href":"https:\/\/www.europesays.com\/fr\/wp-json\/wp\/v2\/media?parent=310105"}],"wp:term":[{"taxonomy":"category","embeddable":true,"href":"https:\/\/www.europesays.com\/fr\/wp-json\/wp\/v2\/categories?post=310105"},{"taxonomy":"post_tag","embeddable":true,"href":"https:\/\/www.europesays.com\/fr\/wp-json\/wp\/v2\/tags?post=310105"}],"curies":[{"name":"wp","href":"https:\/\/api.w.org\/{rel}","templated":true}]}}