{"id":310108,"date":"2025-08-10T20:15:12","date_gmt":"2025-08-10T20:15:12","guid":{"rendered":"https:\/\/www.europesays.com\/fr\/310108\/"},"modified":"2025-08-10T20:15:12","modified_gmt":"2025-08-10T20:15:12","slug":"resultat-roberto-bautista-agut-cameron-norrie-atp-1000-cincinnati-deuxieme-tour-dimanche-10-aout-2025-lequipe","status":"publish","type":"post","link":"https:\/\/www.europesays.com\/fr\/310108\/","title":{"rendered":"R\u00e9sultat : Roberto Bautista Agut &#8211; Cameron Norrie, ATP 1000, Cincinnati, Deuxi\u00e8me tour, Dimanche 10 ao\u00fbt 2025 &#8211; L&#039;\u00c9quipe"},"content":{"rendered":"<ol>\n<li><a href=\"https:\/\/news.google.com\/rss\/articles\/CBMi1AFBVV95cUxNQ2xzZU16eTNyMmFRdWoybVhKSlRiTldfZXV0MHJQM3lCZFlnSElCTzB1SlVySzMzRF92U3BMeEs4alFmRVJHY2JtYkNwVzAwMUlOYU9WYnlEM0NNWEtYdUR3Yjlrc0J3Z1Z1R0FFcVpzODdnZ3lIeG5reW9TaklxZXQ4b3FNUjh5ajBhZ2lEMXBYbFBOb0p0Uzd3Q3hTZDg5WTJ1eXhSSWREUS1NcXZHZlBDclJLVzY2ZlAzc1FmQU1ncFVMRW5jWm5yc0FYUUtXV2hMaA?oc=5\" target=\"_blank\" rel=\"nofollow noopener\">R\u00e9sultat : Roberto Bautista Agut &#8211; Cameron Norrie, ATP 1000, Cincinnati, Deuxi\u00e8me tour, Dimanche 10 ao\u00fbt 2025<\/a>&nbsp;&nbsp;L&rsquo;\u00c9quipe<\/li>\n<li><a href=\"https:\/\/news.google.com\/rss\/articles\/CBMiyAFBVV95cUxOREpTTXI3cUdFbGVnNEppSnpJaTNqU01YRU9adDQwYnhSekFaellkOC1fM29uUDhHbC1IMWdRMWpnN0xOSVlFTFFQaUVBN2NpbmRlNjRFQkxOZ3J5RUZkMk92VmZGajNsTS1jWF9vVjJ2cnhGbkdCWWk5WGlnMGgzSTdocXFxRlM0dWl1S3VRTDBzOEZ5UmJpd2h3elBzQnBuMmVrSld6SURhUFRlUzBQLXJRcjNOZVZnZjRCMjJPa09EeDh6UFE0Rw?oc=5\" target=\"_blank\" rel=\"nofollow noopener\">R\u00e9sultat : Lukas Neumayer &#8211; Dusan Lajovic, Challenger, Cordenons, Finale, Dimanche 10 ao\u00fbt 2025<\/a>&nbsp;&nbsp;L&rsquo;\u00c9quipe<\/li>\n<li><a href=\"https:\/\/news.google.com\/rss\/articles\/CBMiqgFBVV95cUxOZWxZdUZIRU9mazBfTWpUMGllblh3TGhIMll1Z1Rpak9GbC1QNjdINWkzMi13NUxVVWpZUWdENDJZWWpjSHRFSFVDMXFwWk9vekZZZzZDei01cjNoRzB1LWdKemZCbGh5enV1RDZfVENDeGZ1b05GU0V1aFVjOFFkdkpINl9rOEFYNDg1emw3RTZWdV9JQnFTWHE0clpCREJScFVYYjdKeE1Wdw?oc=5\" target=\"_blank\" rel=\"nofollow noopener\">ATP &#8211; Toronto &#8211; Titr\u00e9 en 2024 \u00e0 Montr\u00e9al, Alexei Popyrin va glisser<\/a>&nbsp;&nbsp;Tennis Actu<\/li>\n<li><a href=\"https:\/\/news.google.com\/rss\/articles\/CBMi_gFBVV95cUxPT1M3S3ZoVDM1a2lWcHZoVUtkMkNYQU1BTnJGcElkTXByeWs4ZHcwTnRpTzI0NWRjWHg4aXRucllMdE9GQjZoNEJBb3k5RVlLUjFnYzhSOU55S1NRRWRPZGRhNVM1bGttZHpLODFFWXBQVlZsb1NFeVNYcVRIaFgzZEl5UktrOGZFTkFfTXhZMU1mc3dhVmtROU9KSEFiUXdjcC1fSUJXdUw5b256cjZEVTlnbmdHVDFFNmlWZlRYcGsweDhNZDg0cF9aZDYzTE9Wc1pMTGpwMDJPOGd1WWdOTF9JbG9DRlJXR0JsZTdBM2NLOTNKc1lRd0xMZWRSQQ?oc=5\" target=\"_blank\" rel=\"nofollow noopener\">ATP &gt; Popyrin fait le bilan apr\u00e8s son \u00e9limination : \u00ab C&rsquo;est toujours agr\u00e9able d&rsquo;\u00eatre craint sur le circuit. Je pense l&rsquo;avoir d\u00e9j\u00e0 d\u00e9montr\u00e9 par le pass\u00e9<\/a>&nbsp;&nbsp;We Love Tennis<\/li>\n<li><a href=\"https:\/\/news.google.com\/rss\/articles\/CBMitAFBVV95cUxPQi1TdHJPdjRGLXNlZE5GRGV6QXNRWXZxSnJfTlUxa3lnVnd6ckMzQWJHeGtlTVFjUVh1aGQ0cksxeDJCOXFBV1N5WVBLMkRld3VnVTlUQ0dxWGhhTzA1Q0x3bXFNdTBsclhUbkEwaURPcnhpNTJZbk9iNzJmZHg1VzhjTnVaY0tselJQU0RXeE5wMFNwTDd4T3hoWDI4OEJJYnRoUm9YODNyajMtNVRUcTlTLVk?oc=5\" target=\"_blank\" rel=\"nofollow noopener\">Ajax Amsterdam 2-0 Telstar, Eredivisie : r\u00e9sum\u00e9 du match (10\/08\/2025)<\/a>&nbsp;&nbsp;L&rsquo;\u00c9quipe<\/li>\n<\/ol>\n","protected":false},"excerpt":{"rendered":"R\u00e9sultat : Roberto Bautista Agut &#8211; Cameron Norrie, ATP 1000, Cincinnati, Deuxi\u00e8me tour, Dimanche 10 ao\u00fbt 2025&nbsp;&nbsp;L&rsquo;\u00c9quipe R\u00e9sultat&hellip;\n","protected":false},"author":2,"featured_media":1983,"comment_status":"","ping_status":"","sticky":false,"template":"","format":"standard","meta":{"footnotes":""},"categories":[1415],"tags":[1011,27,60,1467],"class_list":{"0":"post-310108","1":"post","2":"type-post","3":"status-publish","4":"format-standard","5":"has-post-thumbnail","7":"category-tennis","8":"tag-fr","9":"tag-france","10":"tag-sports","11":"tag-tennis"},"share_on_mastodon":{"url":"https:\/\/pubeurope.com\/@fr\/115006309829261489","error":""},"_links":{"self":[{"href":"https:\/\/www.europesays.com\/fr\/wp-json\/wp\/v2\/posts\/310108","targetHints":{"allow":["GET"]}}],"collection":[{"href":"https:\/\/www.europesays.com\/fr\/wp-json\/wp\/v2\/posts"}],"about":[{"href":"https:\/\/www.europesays.com\/fr\/wp-json\/wp\/v2\/types\/post"}],"author":[{"embeddable":true,"href":"https:\/\/www.europesays.com\/fr\/wp-json\/wp\/v2\/users\/2"}],"replies":[{"embeddable":true,"href":"https:\/\/www.europesays.com\/fr\/wp-json\/wp\/v2\/comments?post=310108"}],"version-history":[{"count":0,"href":"https:\/\/www.europesays.com\/fr\/wp-json\/wp\/v2\/posts\/310108\/revisions"}],"wp:featuredmedia":[{"embeddable":true,"href":"https:\/\/www.europesays.com\/fr\/wp-json\/wp\/v2\/media\/1983"}],"wp:attachment":[{"href":"https:\/\/www.europesays.com\/fr\/wp-json\/wp\/v2\/media?parent=310108"}],"wp:term":[{"taxonomy":"category","embeddable":true,"href":"https:\/\/www.europesays.com\/fr\/wp-json\/wp\/v2\/categories?post=310108"},{"taxonomy":"post_tag","embeddable":true,"href":"https:\/\/www.europesays.com\/fr\/wp-json\/wp\/v2\/tags?post=310108"}],"curies":[{"name":"wp","href":"https:\/\/api.w.org\/{rel}","templated":true}]}}