{"id":310111,"date":"2025-08-10T20:18:10","date_gmt":"2025-08-10T20:18:10","guid":{"rendered":"https:\/\/www.europesays.com\/fr\/310111\/"},"modified":"2025-08-10T20:18:10","modified_gmt":"2025-08-10T20:18:10","slug":"comment-les-clubs-de-ligue-1-font-face-a-la-crise","status":"publish","type":"post","link":"https:\/\/www.europesays.com\/fr\/310111\/","title":{"rendered":"comment les clubs de Ligue\u00a01 font face \u00e0 la crise"},"content":{"rendered":"<p><strong>R\u00c9CIT &#8211; <\/strong>Avec des droits TV presque inexistants, l\u2019\u00e9lite du football fran\u00e7ais s\u2019impose une politique d\u2019aust\u00e9rit\u00e9. Ses acteurs ne cachent pas leur inqui\u00e9tude.<\/p>\n<p class=\"fig-paragraph\">Six recrues, pas un centime de vers\u00e9. L\u2019intersaison du\u00a0Havre, qui aborde sa troisi\u00e8me saison d\u2019affil\u00e9e en\u00a0<a href=\"http:\/\/www.lefigaro.fr\/sports\/football\/ligue-1\/foot-commentateurs-consultants-et-nouveautes-pour-une-meilleure-immersion-pendant-les-matches-la-nouvelle-chaine-ligue-1-se-devoile-20250808\" data-fig-type=\"NewsFlash\" data-gtm-custom-categorie=\"navigation\" data-gtm-custom-action=\"crossclick\" data-gtm-custom-label=\"Contextuel\" data-gtm-event=\"customEventSPE\" data-fig-domain=\"LEFIGARO\" rel=\"nofollow noopener\" target=\"_blank\">Ligue\u00a01<\/a>, ressemble \u00e0 celle d\u2019un club amateur, qui n\u2019enr\u00f4le que des joueurs libres. Pour eux, la crise, \u00ab\u00a0\u00e7a ne change rien, on n\u2019a jamais eu de moyens\u00a0\u00bb, balaye Mathieu Bodmer, directeur sportif du club normand. \u00ab\u00a0Sur les sept derniers mercatos, six fois nous avons d\u00e9pens\u00e9 z\u00e9ro\u00a0\u00bb, rappelle au Figaro le dirigeant du HAC. Une strat\u00e9gie frugale qui \u00e9vite une adaptation brutale, \u00e0 laquelle plusieurs clubs du championnat de France, surtout les plus petits, sont confront\u00e9s.<\/p>\n<p class=\"fig-paragraph\">Le souhait du diffuseur principal, DAZN, de rompre son contrat, a plong\u00e9 un peu plus la Ligue de football professionnel (LFP) dans une situation d\u00e9j\u00e0 f\u00e2cheuse. \u00ab\u00a0Il y a trois ans, un club comme le n\u00f4tre touchait 20\u00a0millions (d\u2019euros par an, NDLR) de droits TV. Aujourd\u2019hui, je pense qu\u2019on va en toucher\u00a02\u00a0\u00bb, pr\u00e9dit Laurent Boissier, directeur sportif d\u2019Angers SCO.<\/p>\n<p class=\"fig-body-link\">\n            \u00c0 lire aussi<br \/>\n        <a class=\"fig-body-link__link fig-premium-mark\" href=\"http:\/\/www.lefigaro.fr\/sports\/football\/transferts\/mercato-avant-zabarnyi-le-psg-lance-ses-grandes-manoeuvres-de-l-ete-avec-chevalier-20250808\" data-fig-type=\"NewsFlash\" data-gtm-custom-categorie=\"navigation\" data-gtm-custom-action=\"crossclick\" data-gtm-custom-label=\"Contextuel\" data-gtm-event=\"customEventSPE\" data-fig-domain=\"LEFIGARO\" rel=\"nofollow noopener\" target=\"_blank\">Mercato\u00a0: avant Zabarnyi, le PSG lance ses grandes man\u0153uvres de l\u2019\u00e9t\u00e9 avec Chevalier<br \/>\n    <\/a>\n<\/p>\n<p class=\"fig-paragraph\">Les montants exacts demeurent inconnus. La LFP\u2026<\/p>\n<p class=\"fig-premium-paywall__infos\">\n        Cet article est r\u00e9serv\u00e9 aux abonn\u00e9s.        Il vous reste 91% \u00e0 d\u00e9couvrir.\n    <\/p>\n<p>                <img  data- alt=\"Le Figaro\" class=\"fig-img--complete fig-img\"\/><\/p>\n<p class=\"fig-premium-paywall__title\">Vous avez envie de lire la suite ?<\/p>\n<p class=\"fig-premium-paywall__subtitle\">D\u00e9bloquez tous les articles imm\u00e9diatement.<\/p>\n<p class=\"fig-premium-paywall__connect\">\n                D\u00e9j\u00e0 abonn\u00e9\u00a0?                <a class=\"fig-premium-paywall__connect-link\" href=\"https:\/\/connect.lefigaro.fr\/login?client=horizon_web&amp;type=main&amp;redirect_uri=https%3A%2F%2Fwww.lefigaro.fr%2Fsports%2Ffootball%2Fligue-1%2Fcomptes-dans-le-rouge-recrutement-a-zero-euro-comment-les-clubs-de-ligue-1-font-face-a-la-crise-20250810\" data-js-gtm=\"{&quot;customCategorie&quot;: &quot;conversion&quot;, &quot;customAction&quot;: &quot;before_Landing_Connexion_paywall_auto&quot;, &quot;customLabel&quot;: &quot;bGVmaWdhcm8uZnJfXzFmMDcyYzU3LTg5MzUtNmI4Mi05Y2E2LWYzNjZkMDI1Y2FhZV9fQXJ0aWNsZQ==_Comptes dans le rouge, recrutement \u00e0 z\u00e9ro euro\u00a0: comment les clubs de Ligue\u00a01 font face \u00e0 la crise_43&quot;, &quot;customIDSPE&quot;: &quot;bGVmaWdhcm8uZnJfXzFmMDcyYzU3LTg5MzUtNmI4Mi05Y2E2LWYzNjZkMDI1Y2FhZV9fQXJ0aWNsZQ==&quot;, &quot;event&quot;: &quot;customEventSPE&quot;}\" rel=\"nofollow noopener\" target=\"_blank\"><br \/>\n                    Connectez-vous<br \/>\n                <\/a>\n            <\/p>\n","protected":false},"excerpt":{"rendered":"R\u00c9CIT &#8211; Avec des droits TV presque inexistants, l\u2019\u00e9lite du football fran\u00e7ais s\u2019impose une politique d\u2019aust\u00e9rit\u00e9. Ses acteurs&hellip;\n","protected":false},"author":2,"featured_media":310112,"comment_status":"","ping_status":"","sticky":false,"template":"","format":"standard","meta":{"footnotes":""},"categories":[1412],"tags":[460,1451,1452,1453,1454,1455,1011,27,4447,5959,60],"class_list":{"0":"post-310111","1":"post","2":"type-post","3":"status-publish","4":"format-standard","5":"has-post-thumbnail","7":"category-f1","8":"tag-angers-sco","9":"tag-f1","10":"tag-formula-1","11":"tag-formula1","12":"tag-formule-1","13":"tag-formule1","14":"tag-fr","15":"tag-france","16":"tag-le-havre-ac","17":"tag-olivier-giroud","18":"tag-sports"},"share_on_mastodon":{"url":"https:\/\/pubeurope.com\/@fr\/115006321673659402","error":""},"_links":{"self":[{"href":"https:\/\/www.europesays.com\/fr\/wp-json\/wp\/v2\/posts\/310111","targetHints":{"allow":["GET"]}}],"collection":[{"href":"https:\/\/www.europesays.com\/fr\/wp-json\/wp\/v2\/posts"}],"about":[{"href":"https:\/\/www.europesays.com\/fr\/wp-json\/wp\/v2\/types\/post"}],"author":[{"embeddable":true,"href":"https:\/\/www.europesays.com\/fr\/wp-json\/wp\/v2\/users\/2"}],"replies":[{"embeddable":true,"href":"https:\/\/www.europesays.com\/fr\/wp-json\/wp\/v2\/comments?post=310111"}],"version-history":[{"count":0,"href":"https:\/\/www.europesays.com\/fr\/wp-json\/wp\/v2\/posts\/310111\/revisions"}],"wp:featuredmedia":[{"embeddable":true,"href":"https:\/\/www.europesays.com\/fr\/wp-json\/wp\/v2\/media\/310112"}],"wp:attachment":[{"href":"https:\/\/www.europesays.com\/fr\/wp-json\/wp\/v2\/media?parent=310111"}],"wp:term":[{"taxonomy":"category","embeddable":true,"href":"https:\/\/www.europesays.com\/fr\/wp-json\/wp\/v2\/categories?post=310111"},{"taxonomy":"post_tag","embeddable":true,"href":"https:\/\/www.europesays.com\/fr\/wp-json\/wp\/v2\/tags?post=310111"}],"curies":[{"name":"wp","href":"https:\/\/api.w.org\/{rel}","templated":true}]}}