{"id":310113,"date":"2025-08-10T20:19:10","date_gmt":"2025-08-10T20:19:10","guid":{"rendered":"https:\/\/www.europesays.com\/fr\/310113\/"},"modified":"2025-08-10T20:19:10","modified_gmt":"2025-08-10T20:19:10","slug":"cyclisme-arctic-race-of-norway-3","status":"publish","type":"post","link":"https:\/\/www.europesays.com\/fr\/310113\/","title":{"rendered":"Cyclisme. Arctic Race of Norway"},"content":{"rendered":"<p>C&rsquo;\u00e9tait l&rsquo;\u00e9pilogue de cette 12e \u00e9dition de l&rsquo;<strong><a href=\"https:\/\/www.cyclismactu.net\/..\/news-arctic-race-of-norway-route-tom-pidcock-3e-etape-corbin-strong-solide-leader-89531.html\" target=\"_blank\" rel=\"nofollow noopener\">Arctic Race of Norway<\/a><\/strong>, avec une derni\u00e8re \u00e9tape de 141 kilom\u00e8tres autour de Tromso. Apr\u00e8s la bataille entre <strong>Thomas Pidcock<\/strong> (Q36.5 Pro Cycling Team) et <strong>Corbin Strong<\/strong> (Israel Premier-Tech), qui avait tourn\u00e9 \u00e0 l\u2019avantage du Britannique de 26 ans, tout allait se jouer sur cette ultime journ\u00e9e.\u00a0A l&rsquo;issue d&rsquo;une course anim\u00e9e mais finalement sans vrais \u00e9carts, c\u2019est le Norv\u00e9gien <strong>Fredrik Dversnes<\/strong>, coureur de la formation <strong>Uno-X Mobility<\/strong>, qui s\u2019est impos\u00e9 au sprint devant <strong>Corbin Strong<\/strong> et <strong>Davide Ballerini<\/strong> (XDS Astana Team). Attaqu\u00e9 tout au long de cette \u00e9tape, le N\u00e9o-Z\u00e9landais de 25 ans remporte cette 12e \u00e9dition de l&rsquo;<strong>Arctic Race of Norway<\/strong> gr\u00e2ce \u00e0 sa deuxi\u00e8me place du jour.<\/p>\n<p>Vid\u00e9o &#8211; Revivez le final de cette 4e et derni\u00e8re \u00e9tape Lire la suite de l&rsquo;article&#13;<\/p>\n<p>\u00a0<\/p>\n<p>&#13;<br \/>\n<strong>Le r\u00e9sum\u00e9 de cette derni\u00e8re \u00e9tape :<\/strong>&#13;<\/p>\n<p>Huit coureurs ouvrent la route : <strong>Davide Ballerini<\/strong> (XDS Astana Team), <strong>Jonas Geens<\/strong> (Team Flanders-Baloise), <strong>Asbj\u00f8rn Hellemose<\/strong> (Team Jayco AlUla), <strong>Adne Holter<\/strong> (Uno-X Mobility), <strong>Matt\u00e9o Vercher<\/strong> (Team TotalEnergies), <strong>Diego Uriarte<\/strong> (Equipo Kern Pharma), <strong>Ulrik Tvedt<\/strong> (Lillehammer CK Continental Team) et <strong>Bjorn Koerdt<\/strong> (Team Picnic PostNL). Dans le peloton, c\u2019est \u00e9tonnamment la formation <strong>Picnic PostNL<\/strong> de l\u2019Am\u00e9ricain <strong>Kevin Vermaerke<\/strong> qui prend les choses en main pour reprendre l\u2019\u00e9chapp\u00e9e.<\/p>\n<p>&#13;<\/p>\n<p>Lors du sixi\u00e8me passage au sommet de Prestvannet (1,2 km \u00e0 6,8 %), <strong>Thomas Pidcock<\/strong> attaque, mais, comme la veille, le leader du classement g\u00e9n\u00e9ral reste solidement accroch\u00e9 \u00e0 sa roue. Dans la partie de transition, juste apr\u00e8s la seule difficult\u00e9 du jour, un duo compos\u00e9 d\u2019<strong>Eddie Dunbar<\/strong> (Team Jayco AlUla) et <strong>Andreas Leknessund<\/strong> (Uno-X Mobility) tente de sortir, prenant quelques secondes d\u2019avance avant d\u2019\u00eatre repris, \u00e0 l\u2019image de l\u2019\u00e9chapp\u00e9e, par le peloton.<strong> Pidcock<\/strong> continue d\u2019harceler <strong>Corbin Strong<\/strong>, qui parvient \u00e0 chaque fois \u00e0 rester au contact du leader de la formation suisse.<\/p>\n<p>&#13;<\/p>\n<p>\u00c0 20 kilom\u00e8tres de l\u2019arriv\u00e9e, <strong>Stefano Oldani<\/strong> (Cofidis) et <strong>Hugo de la Calle<\/strong> (Burgos-BH) partent \u00e0 leur tour, entamant ensemble le dernier tour de circuit. C\u2019est \u00e0 ce moment que le Fran\u00e7ais <strong>Matt\u00e9o Vercher<\/strong>, d\u00e9j\u00e0 pr\u00e9sent dans l\u2019\u00e9chapp\u00e9e matinale, d\u00e9cide de repartir, cette fois en compagnie de <strong>Marcel Camprub\u00ed<\/strong> (Q36.5 Pro Cycling Team). Les deux hommes abordent en t\u00eate, pour la derni\u00e8re fois de la journ\u00e9e, la c\u00f4te de Prestvannet.\u00a0Les attaques se multiplient dans le peloton. Alors qu&rsquo;on attendait une derni\u00e8re explication entre <strong>Thomas Pidcock<\/strong> et <strong>Corbin Strong<\/strong>, c\u2019est finalement le champion de Norv\u00e8ge, <strong>Andreas Leknessund<\/strong>, qui parvient une nouvelle fois \u00e0 s\u2019extirper du peloton. Il est cependant rapidement repris. Tout se joue alors au sprint, dans un petit comit\u00e9, et c\u2019est <strong>Fredrik Dversnes<\/strong> qui s\u2019impose, devan\u00e7ant <strong>Corbin Strong<\/strong> et <strong>Davide Ballerini<\/strong>. Offensif toute la journ\u00e9e,<strong> Pidcock<\/strong> termine 6e de l\u2019\u00e9tape. Quelques jours apr\u00e8s sa victoire sur le <strong>Tour de Wallonie<\/strong>, le N\u00e9o-Z\u00e9landais remporte une nouvelle course par \u00e9tapes !<\/p>\n<p>Arctic Race of Norway  &#8211; Classement de la 4\u00e8 \u00e9tape Arctic Race of Norway  &#8211; Classement g\u00e9n\u00e9ral<\/p>\n","protected":false},"excerpt":{"rendered":"C&rsquo;\u00e9tait l&rsquo;\u00e9pilogue de cette 12e \u00e9dition de l&rsquo;Arctic Race of Norway, avec une derni\u00e8re \u00e9tape de 141 kilom\u00e8tres&hellip;\n","protected":false},"author":2,"featured_media":310114,"comment_status":"","ping_status":"","sticky":false,"template":"","format":"standard","meta":{"footnotes":""},"categories":[1411],"tags":[34084,1154,207,211,1011,27,209,60,210,212,208,213],"class_list":{"0":"post-310113","1":"post","2":"type-post","3":"status-publish","4":"format-standard","5":"has-post-thumbnail","7":"category-cyclisme","8":"tag-arctic-race-of-norway","9":"tag-cycling","10":"tag-cyclisme","11":"tag-ffc","12":"tag-fr","13":"tag-france","14":"tag-route","15":"tag-sports","16":"tag-tour-de-france","17":"tag-uci","18":"tag-velo","19":"tag-world-tour"},"share_on_mastodon":{"url":"https:\/\/pubeurope.com\/@fr\/115006325658109321","error":""},"_links":{"self":[{"href":"https:\/\/www.europesays.com\/fr\/wp-json\/wp\/v2\/posts\/310113","targetHints":{"allow":["GET"]}}],"collection":[{"href":"https:\/\/www.europesays.com\/fr\/wp-json\/wp\/v2\/posts"}],"about":[{"href":"https:\/\/www.europesays.com\/fr\/wp-json\/wp\/v2\/types\/post"}],"author":[{"embeddable":true,"href":"https:\/\/www.europesays.com\/fr\/wp-json\/wp\/v2\/users\/2"}],"replies":[{"embeddable":true,"href":"https:\/\/www.europesays.com\/fr\/wp-json\/wp\/v2\/comments?post=310113"}],"version-history":[{"count":0,"href":"https:\/\/www.europesays.com\/fr\/wp-json\/wp\/v2\/posts\/310113\/revisions"}],"wp:featuredmedia":[{"embeddable":true,"href":"https:\/\/www.europesays.com\/fr\/wp-json\/wp\/v2\/media\/310114"}],"wp:attachment":[{"href":"https:\/\/www.europesays.com\/fr\/wp-json\/wp\/v2\/media?parent=310113"}],"wp:term":[{"taxonomy":"category","embeddable":true,"href":"https:\/\/www.europesays.com\/fr\/wp-json\/wp\/v2\/categories?post=310113"},{"taxonomy":"post_tag","embeddable":true,"href":"https:\/\/www.europesays.com\/fr\/wp-json\/wp\/v2\/tags?post=310113"}],"curies":[{"name":"wp","href":"https:\/\/api.w.org\/{rel}","templated":true}]}}