{"id":310115,"date":"2025-08-10T20:20:13","date_gmt":"2025-08-10T20:20:13","guid":{"rendered":"https:\/\/www.europesays.com\/fr\/310115\/"},"modified":"2025-08-10T20:20:13","modified_gmt":"2025-08-10T20:20:13","slug":"psg-dembele-touche-par-un-virus-mais-maxifoot","status":"publish","type":"post","link":"https:\/\/www.europesays.com\/fr\/310115\/","title":{"rendered":"PSG : Demb\u00e9l\u00e9 touch\u00e9 par un virus, mais&#8230; &#8211; Maxifoot"},"content":{"rendered":"<ol>\n<li><a href=\"https:\/\/news.google.com\/rss\/articles\/CBMiggFBVV95cUxNN0FsU2hZZldlNUljYzNYMlNnUDhaMWI3TERiakw5NERzbkgyVnpmV1JiTm5QMGx3SmVWN0tkemhyMjg4V2tSbndzeGlEaGkwN2lzdEZ5eDc2eE1RUUluZU1RemVUcEFIdk00NTFUNHNRRUlzaVNvMU1FcmdIRTBxVkZn0gGCAUFVX3lxTE9SNngzdjlSZjBxSElQcURkWlJPWFRWNm1tMGdQa2FPYmlTYTM0d2Nkb2FrVl82SHk0S1RBRlNORW9Ed0lvUkVud0E2MlIwM2Z2U3NXRk9uY1RFWVpsN20zUGVnN2dfRW9xT1JOLTlCNGlERmxoTWo2TTZWVlRmYW9KWEE?oc=5\" target=\"_blank\" rel=\"noopener\">PSG : Demb\u00e9l\u00e9 touch\u00e9 par un virus, mais&#8230;<\/a>&nbsp;&nbsp;Maxifoot<\/li>\n<li><a href=\"https:\/\/news.google.com\/rss\/articles\/CBMilAFBVV95cUxQOVFySlhOSjV3dmMzem9wNVZyUVRHUnhEdVpoZ2NWWW1EM2NuWlBubk5XSlh3cW5sYmhhZndadnNrTnpBTUZKZXljWmdkQ3RGUFZ0YjZRNi15S3hUamhxdXlwYzF2dHRpVlNRMlhwZEZmWnExUlNwYWl3TDNTRVJzTk1kaUtnUlZ1cGNRckxRMExVVEll?oc=5\" target=\"_blank\" rel=\"noopener\">Ousmane Demb\u00e9l\u00e9 (PSG) touch\u00e9 par un virus<\/a>&nbsp;&nbsp;L&rsquo;\u00c9quipe<\/li>\n<li><a href=\"https:\/\/news.google.com\/rss\/articles\/CBMipAFBVV95cUxNWjh3N1NIdTRySjc1SWZKa2xBVTNlWEpDMUdLQ0xsMmc1dXNZY2ctRXdkbGFjcmtJcTI1b0hoTHlHS0htczhXbG55cUFOdnU3ZDh1MEhzUURJRGFkYzZ5eG5aQUdZWkVmRGwtVlV6QUY1bzZUUmlsYW0xOUxPOHB2YWlVaG9jS1k1TVBqZ2VlTmR2Mmc1Q0JHdEMwdW5ldE1lVzJrWNIBowFBVV95cUxQOTdFc21PNFZDOG1XcmNUX0EyeWVkODR0UHVFQ1JFZl8wdkpGZmNtVHdHMzQyM2xCUktOMDV6NFJBdmhsdFIxTmp0X2RrRnJ6SjlibEVUYmNBMDdRLXl0SFhGZmxyTkg0aWs5U3IzdjVnZmN1T0hIaDFON25vSEpWbUVXV2dqWTdUX2VqSWJzY29UeldKLWhMU3FnRlV6WFFDNkRJ?oc=5\" target=\"_blank\" rel=\"noopener\">PSG : Demb\u00e9l\u00e9 zappe l&rsquo;entra\u00eenement<\/a>&nbsp;&nbsp;Orange Actualit\u00e9s | Sports<\/li>\n<li><a href=\"https:\/\/news.google.com\/rss\/articles\/CBMiuAFBVV95cUxNcDNHS2FBbFZxRDU2Z0JXWDdFajY4cTZJWEhVUzYtZFZYdlVpNmNzOG5uaW1JdnRKS1JlZHZ1S2Q2SzJlem8tREtzbURtOGpvV2NGTHM5eEpEcDJWbzJfZlhMNi1JdzBCQkIwR2FGSm40QTZWdUJjV2ROVzZ5ekNBTkZQZzVnLUJmSUNhZUgxY3h3VFVWWDAyT1dUaERVcEdVVlRvVnJHUU81M0lKeTQyaGtlSkdRMDBY?oc=5\" target=\"_blank\" rel=\"noopener\">PSG &#8211; Ousmane Demb\u00e9l\u00e9 absent de l&rsquo;entra\u00eenement du PSG !<\/a>&nbsp;&nbsp;MadeInParisiens<\/li>\n<li><a href=\"https:\/\/news.google.com\/rss\/articles\/CBMiiwFBVV95cUxPYmNsZG5lcEphV21KNGhQV3k3ZURUNHdtOGdTNC0wV0wzdUZzYnZlUHdWMGVIUzAxN1RPWERKRl9OYXpWWkxmR3ZuR1VaY01RSm9HMWFsaUFRZ2t0V0RFeWdDVjNrWUFsbDVjZ040VkVaUzRacDJPZTFFWlYyTGttaGFhXzk4enlJbW5J?oc=5\" target=\"_blank\" rel=\"noopener\">Ousmane Demb\u00e9l\u00e9, la mauvaise nouvelle<\/a>&nbsp;&nbsp;Sports.fr<\/li>\n<\/ol>\n","protected":false},"excerpt":{"rendered":"PSG : Demb\u00e9l\u00e9 touch\u00e9 par un virus, mais&#8230;&nbsp;&nbsp;Maxifoot Ousmane Demb\u00e9l\u00e9 (PSG) touch\u00e9 par un virus&nbsp;&nbsp;L&rsquo;\u00c9quipe PSG : Demb\u00e9l\u00e9&hellip;\n","protected":false},"author":2,"featured_media":310116,"comment_status":"","ping_status":"","sticky":false,"template":"","format":"standard","meta":{"footnotes":""},"categories":[1410],"tags":[2266,2262,2261,1981,83,2260,451,2263,462,2269,2257,63,1011,27,2265,1441,453,66,447,2267,955,2268,241,149,70,1817,93,2264,2258,2259,60,969,455],"class_list":{"0":"post-310115","1":"post","2":"type-post","3":"status-publish","4":"format-standard","5":"has-post-thumbnail","7":"category-football","8":"tag-as-monaco","9":"tag-bundesligua","10":"tag-calcio","11":"tag-classement","12":"tag-coupe-de-france","13":"tag-coupe-de-la-ligue","14":"tag-coupe-du-monde","15":"tag-equipe","16":"tag-fc-nantes","17":"tag-fifa","18":"tag-foot","19":"tag-football","20":"tag-fr","21":"tag-france","22":"tag-girondins-bordeaux","23":"tag-joueur","24":"tag-liga","25":"tag-ligue-1","26":"tag-ligue-des-champions","27":"tag-losc","28":"tag-match","29":"tag-ogc-nice","30":"tag-ol","31":"tag-om","32":"tag-premier-league","33":"tag-pronostic","34":"tag-psg","35":"tag-rc-lens","36":"tag-resultat","37":"tag-score","38":"tag-sports","39":"tag-transfert","40":"tag-uefa"},"share_on_mastodon":{"url":"https:\/\/pubeurope.com\/@fr\/115006329598235207","error":""},"_links":{"self":[{"href":"https:\/\/www.europesays.com\/fr\/wp-json\/wp\/v2\/posts\/310115","targetHints":{"allow":["GET"]}}],"collection":[{"href":"https:\/\/www.europesays.com\/fr\/wp-json\/wp\/v2\/posts"}],"about":[{"href":"https:\/\/www.europesays.com\/fr\/wp-json\/wp\/v2\/types\/post"}],"author":[{"embeddable":true,"href":"https:\/\/www.europesays.com\/fr\/wp-json\/wp\/v2\/users\/2"}],"replies":[{"embeddable":true,"href":"https:\/\/www.europesays.com\/fr\/wp-json\/wp\/v2\/comments?post=310115"}],"version-history":[{"count":0,"href":"https:\/\/www.europesays.com\/fr\/wp-json\/wp\/v2\/posts\/310115\/revisions"}],"wp:featuredmedia":[{"embeddable":true,"href":"https:\/\/www.europesays.com\/fr\/wp-json\/wp\/v2\/media\/310116"}],"wp:attachment":[{"href":"https:\/\/www.europesays.com\/fr\/wp-json\/wp\/v2\/media?parent=310115"}],"wp:term":[{"taxonomy":"category","embeddable":true,"href":"https:\/\/www.europesays.com\/fr\/wp-json\/wp\/v2\/categories?post=310115"},{"taxonomy":"post_tag","embeddable":true,"href":"https:\/\/www.europesays.com\/fr\/wp-json\/wp\/v2\/tags?post=310115"}],"curies":[{"name":"wp","href":"https:\/\/api.w.org\/{rel}","templated":true}]}}