{"id":310117,"date":"2025-08-10T20:21:12","date_gmt":"2025-08-10T20:21:12","guid":{"rendered":"https:\/\/www.europesays.com\/fr\/310117\/"},"modified":"2025-08-10T20:21:12","modified_gmt":"2025-08-10T20:21:12","slug":"sur-le-tournage-de-spider-man-tom-holland-se-regale-avec-sa-nouvelle-force-surhumaine","status":"publish","type":"post","link":"https:\/\/www.europesays.com\/fr\/310117\/","title":{"rendered":"Sur le tournage de Spider-Man, Tom Holland se r\u00e9gale avec sa nouvelle force surhumaine"},"content":{"rendered":"<p>        <img decoding=\"async\" loading=\"lazy\" src=\"https:\/\/www.europesays.com\/fr\/wp-content\/uploads\/2025\/08\/051697e_1658619795280-61bb427a200000fa138d5151.jpg\"  width=\"728\" height=\"410\" alt=\"Tom Holland dans &quot;Spider-Man: No Way Home&quot;. (Photo d\u2019illustration)\"\/>  <\/p>\n<p>CTMG. All Rights Reserved. MARVEL and all related character names: \u00a9 &amp; \u2122 2021 MARVEL<\/p>\n<p>Tom Holland dans \u00ab\u00a0Spider-Man: No Way Home\u00a0\u00bb. (Photo d\u2019illustration)<\/p>\n<p class=\"asset asset-text\">CULTURE &#8211; Un costume qui lui va comme un gant. La soci\u00e9t\u00e9 Sony Pictures a publi\u00e9 ce dimanche 10\u00a0ao\u00fbt une vid\u00e9o officielle des coulisses de\u00a0Spider-Man\u00a0: Brand New Day, o\u00f9<a href=\"https:\/\/www.huffingtonpost.fr\/divertissement\/article\/tom-holland-revele-que-ses-bas-resille-lors-de-cette-performance-culte-n-etaient-pas-ceux-de-n-importe-qui_253316.html\" target=\"_blank\" rel=\"noopener\"> Tom Holland <\/a>semble \u00eatre le plus heureux des hommes, enfin des <a href=\"https:\/\/www.huffingtonpost.fr\/culture\/article\/spider-man-a-60-ans-et-il-n-est-pas-pret-de-nous-lacher-la-toile_206396.html\" target=\"_blank\" rel=\"noopener\">superh\u00e9ros<\/a>. Le quatri\u00e8me volet des aventures de l\u2019homme araign\u00e9e est attendu sur les \u00e9crans dans un an, le 29\u00a0juillet 2026\u00a0en France.<\/p>\n<p class=\"asset asset-text\">Sur ces images de d\u00e9but de tournage, on voit la star britannique, v\u00eatue de son costume de Spider-Man, interagir avec des fans venus assister \u00e0 ses premi\u00e8res cascades. L\u2019acteur prend notamment dans ses bras un enfant d\u00e9guis\u00e9 en Spider-Man.<\/p>\n<p class=\"asset asset-text\">\u00ab\u00a0C\u2019est la premi\u00e8re fois que nous avons des fans sur le plateau d\u00e8s le premier jour, c\u2019est donc tr\u00e8s excitant de partager cela avec eux\u00a0\u00bb, explique Tom Holland dans cette courte vid\u00e9o d\u2019une minute.<\/p>\n<p>    \u00ab\u00a0C\u2019\u00e9tait g\u00e9nial\u00a0!\u00a0\u00bb    <\/p>\n<p class=\"asset asset-text\">L\u2019interpr\u00e8te de Peter Parker\u00a0joue \u00e9galement une sc\u00e8ne dans ce clip, o\u00f9 il dompte un char d\u2019assaut d\u00e9valant une rue \u00e0 toute vitesse. Gr\u00e2ce \u00e0 sa force surhumaine, Tom Holland parvient \u00e0 soulever la trappe du v\u00e9hicule militaire, comme si elle ne pesait rien. \u00c0 la fin de la prise, Tom Holland bande ses muscles et crie \u00e0 la cam\u00e9ra\u00a0: \u00ab\u00a0C\u2019\u00e9tait g\u00e9nial\u00a0!\u00a0\u00bb<\/p>\n<p> La lecture de ce contenu est susceptible d\u2019entra\u00eener un d\u00e9p\u00f4t de cookies de la part de l\u2019op\u00e9rateur tiers qui l\u2019h\u00e9berge. Compte-tenu des choix que vous avez exprim\u00e9s en mati\u00e8re de d\u00e9p\u00f4t de cookies, nous avons bloqu\u00e9 l\u2019affichage de ce contenu. Si vous souhaitez y acc\u00e9der, vous devez accepter la cat\u00e9gorie de cookies \u201cContenus tiers\u201d en cliquant sur le bouton ci-dessous. <\/p>\n<p> Lire la Vid\u00e9o              <\/p>\n<p class=\"asset asset-text\">Le com\u00e9dien de 29\u00a0ans avait d\u00e9j\u00e0 publi\u00e9 r\u00e9cemment des photos de tournage sur son compte Instagram, sur lesquelles il apparaissait d\u00e9j\u00e0 debout sur un tank.<\/p>\n<p> La lecture de ce contenu est susceptible d\u2019entra\u00eener un d\u00e9p\u00f4t de cookies de la part de l\u2019op\u00e9rateur tiers qui l\u2019h\u00e9berge. Compte-tenu des choix que vous avez exprim\u00e9s en mati\u00e8re de d\u00e9p\u00f4t de cookies, nous avons bloqu\u00e9 l\u2019affichage de ce contenu. Si vous souhaitez y acc\u00e9der, vous devez accepter la cat\u00e9gorie de cookies \u201cContenus tiers\u201d en cliquant sur le bouton ci-dessous. <\/p>\n<p> Lire la Vid\u00e9o        <\/p>\n<p class=\"asset asset-text\">Brand New Day\u00a0est le quatri\u00e8me volet des aventures du super-h\u00e9ros avec Tom Holland dans le r\u00f4le-titre, apr\u00e8s avoir succ\u00e9d\u00e9 \u00e0 Andrew Garfield et Tobey Maguire. Les deux acteurs avaient fait une apparition surprise dans\u00a0No Way Home, dernier \u00e9pisode en date de\u00a0Spider-Man, au cours duquel l\u2019homme araign\u00e9e se retrouve dans un monde alternatif en pr\u00e9sence d\u2019autres lanceurs de toile et leurs m\u00e9chants respectifs.<\/p>\n<p class=\"asset asset-text\">R\u00e9alis\u00e9 par Destin Daniel Cretton (States of Grace, Shang-Chi), le nouveau long-m\u00e9trage est pour sa part tir\u00e9 d\u2019une bande dessin\u00e9e du m\u00eame nom dans laquelle Spider-Man conclut un pacte avec M\u00e9phisto pour faire oublier au monde son identit\u00e9 et ressusciter tante May. Au programme, aussi, son mariage avec MJ, interpr\u00e9t\u00e9e par Zendaya, avec qui Tom Holland s\u2019est lui-m\u00eame r\u00e9cemment fianc\u00e9 dans la vraie vie.<\/p>\n","protected":false},"excerpt":{"rendered":"CTMG. All Rights Reserved. MARVEL and all related character names: \u00a9 &amp; \u2122 2021 MARVEL Tom Holland dans&hellip;\n","protected":false},"author":2,"featured_media":310118,"comment_status":"","ping_status":"","sticky":false,"template":"","format":"standard","meta":{"footnotes":""},"categories":[1359],"tags":[650,19247,251,58,59,1011,27,2135,973,33923,35103],"class_list":{"0":"post-310117","1":"post","2":"type-post","3":"status-publish","4":"format-standard","5":"has-post-thumbnail","7":"category-people","8":"tag-cinema","9":"tag-comics","10":"tag-culture","11":"tag-divertissement","12":"tag-entertainment","13":"tag-fr","14":"tag-france","15":"tag-marvel","16":"tag-people","17":"tag-spider-man","18":"tag-tom-holland"},"share_on_mastodon":{"url":"https:\/\/pubeurope.com\/@fr\/115006333512792832","error":""},"_links":{"self":[{"href":"https:\/\/www.europesays.com\/fr\/wp-json\/wp\/v2\/posts\/310117","targetHints":{"allow":["GET"]}}],"collection":[{"href":"https:\/\/www.europesays.com\/fr\/wp-json\/wp\/v2\/posts"}],"about":[{"href":"https:\/\/www.europesays.com\/fr\/wp-json\/wp\/v2\/types\/post"}],"author":[{"embeddable":true,"href":"https:\/\/www.europesays.com\/fr\/wp-json\/wp\/v2\/users\/2"}],"replies":[{"embeddable":true,"href":"https:\/\/www.europesays.com\/fr\/wp-json\/wp\/v2\/comments?post=310117"}],"version-history":[{"count":0,"href":"https:\/\/www.europesays.com\/fr\/wp-json\/wp\/v2\/posts\/310117\/revisions"}],"wp:featuredmedia":[{"embeddable":true,"href":"https:\/\/www.europesays.com\/fr\/wp-json\/wp\/v2\/media\/310118"}],"wp:attachment":[{"href":"https:\/\/www.europesays.com\/fr\/wp-json\/wp\/v2\/media?parent=310117"}],"wp:term":[{"taxonomy":"category","embeddable":true,"href":"https:\/\/www.europesays.com\/fr\/wp-json\/wp\/v2\/categories?post=310117"},{"taxonomy":"post_tag","embeddable":true,"href":"https:\/\/www.europesays.com\/fr\/wp-json\/wp\/v2\/tags?post=310117"}],"curies":[{"name":"wp","href":"https:\/\/api.w.org\/{rel}","templated":true}]}}