{"id":310119,"date":"2025-08-10T20:22:09","date_gmt":"2025-08-10T20:22:09","guid":{"rendered":"https:\/\/www.europesays.com\/fr\/310119\/"},"modified":"2025-08-10T20:22:09","modified_gmt":"2025-08-10T20:22:09","slug":"decor-apaisant-pour-cette-maison-qui-avait-bien-besoin-detre-modernisee","status":"publish","type":"post","link":"https:\/\/www.europesays.com\/fr\/310119\/","title":{"rendered":"d\u00e9cor apaisant pour cette maison qui avait bien besoin d&rsquo;\u00eatre modernis\u00e9e"},"content":{"rendered":"<p>        <strong>Bienvenue \u00e0 Gelsenkirchen, en Rh\u00e9nanie-du-Nord, pour d\u00e9couvrir la r\u00e9habilitation de ces 180\u00a0m\u00b2, effectu\u00e9e par l&rsquo;agence Kast Design. Si elle \u00e9tait plut\u00f4t r\u00e9cente, la maison ne convenait pas \u00e0 ses nouveaux propri\u00e9taires en l&rsquo;\u00e9tat. Ils souhaitaient la moderniser. Objectif\u00a0: se limiter au strict n\u00e9cessaire pour mieux voir le beau.<\/strong><br \/>\nCoutumiers du travail de l&rsquo;agence Kast Design, les propri\u00e9taires de cette grande b\u00e2tisse allemande ont de nouveau fait confiance \u00e0 l&rsquo;architecte Kasia Kaliczka pour remettre au go\u00fbt du jour et en valeur leur nouvelle propri\u00e9t\u00e9. 180\u00a0m\u00b2 habitables mal exploit\u00e9s, r\u00e9partis sur 4\u00a0demi-niveaux dispers\u00e9s \u00e7\u00e0 et l\u00e0, voil\u00e0 avec quoi ils se sont retrouv\u00e9s en acqu\u00e9rant leur nouveau foyer. Pour autant, ils avaient su voir ais\u00e9ment tout le potentiel du lieu, potentiel qui ne pouvait \u00eatre que mieux r\u00e9v\u00e9l\u00e9 en faisant appel \u00e0 la fondatrice de l&rsquo;agence Kast Design. Avec d\u00e9j\u00e0 deux projets \u00e0 son actif pour les clients, elle connaissait mieux que personne le go\u00fbt des propri\u00e9taires pour le minimalisme, les beaux mat\u00e9riaux et leur envie d&rsquo;\u00e9co-responsabilit\u00e9.<br \/>\nMinimalisme chaleureux au programme<br \/>\nL&rsquo;agence est intervenue sur la totalit\u00e9 de la maison, mais le plus gros du travail a eu lieu dans les pi\u00e8ces de vie au rez-de-chauss\u00e9e et au premier demi-niveau, qui abrite maintenant la grande suite parentale avec salle de bains ouverte. En fil rouge,\u00a0Kasia Kaliczka a su leur proposer tout ce qu&rsquo;ils appr\u00e9ciaient particuli\u00e8rement pour faire la part belle aux volumes et \u00e0 un projet o\u00f9 l&rsquo;\u00e9nergie circule dans ces espaces de vie ouverts.\u00a0<\/p>\n<p>\u00a9\u00a0Cl\u00e9ment G\u00e9rard @oracle_paris\/Kast Design <\/p>\n","protected":false},"excerpt":{"rendered":"Bienvenue \u00e0 Gelsenkirchen, en Rh\u00e9nanie-du-Nord, pour d\u00e9couvrir la r\u00e9habilitation de ces 180\u00a0m\u00b2, effectu\u00e9e par l&rsquo;agence Kast Design. Si&hellip;\n","protected":false},"author":2,"featured_media":310120,"comment_status":"","ping_status":"","sticky":false,"template":"","format":"standard","meta":{"footnotes":""},"categories":[1358],"tags":[1348,1384,1385,1386,58,59,1011,27],"class_list":{"0":"post-310119","1":"post","2":"type-post","3":"status-publish","4":"format-standard","5":"has-post-thumbnail","7":"category-arts-et-design","8":"tag-arts","9":"tag-arts-and-design","10":"tag-arts-et-design","11":"tag-design","12":"tag-divertissement","13":"tag-entertainment","14":"tag-fr","15":"tag-france"},"share_on_mastodon":{"url":"https:\/\/pubeurope.com\/@fr\/115006337452806868","error":""},"_links":{"self":[{"href":"https:\/\/www.europesays.com\/fr\/wp-json\/wp\/v2\/posts\/310119","targetHints":{"allow":["GET"]}}],"collection":[{"href":"https:\/\/www.europesays.com\/fr\/wp-json\/wp\/v2\/posts"}],"about":[{"href":"https:\/\/www.europesays.com\/fr\/wp-json\/wp\/v2\/types\/post"}],"author":[{"embeddable":true,"href":"https:\/\/www.europesays.com\/fr\/wp-json\/wp\/v2\/users\/2"}],"replies":[{"embeddable":true,"href":"https:\/\/www.europesays.com\/fr\/wp-json\/wp\/v2\/comments?post=310119"}],"version-history":[{"count":0,"href":"https:\/\/www.europesays.com\/fr\/wp-json\/wp\/v2\/posts\/310119\/revisions"}],"wp:featuredmedia":[{"embeddable":true,"href":"https:\/\/www.europesays.com\/fr\/wp-json\/wp\/v2\/media\/310120"}],"wp:attachment":[{"href":"https:\/\/www.europesays.com\/fr\/wp-json\/wp\/v2\/media?parent=310119"}],"wp:term":[{"taxonomy":"category","embeddable":true,"href":"https:\/\/www.europesays.com\/fr\/wp-json\/wp\/v2\/categories?post=310119"},{"taxonomy":"post_tag","embeddable":true,"href":"https:\/\/www.europesays.com\/fr\/wp-json\/wp\/v2\/tags?post=310119"}],"curies":[{"name":"wp","href":"https:\/\/api.w.org\/{rel}","templated":true}]}}