{"id":310121,"date":"2025-08-10T20:23:18","date_gmt":"2025-08-10T20:23:18","guid":{"rendered":"https:\/\/www.europesays.com\/fr\/310121\/"},"modified":"2025-08-10T20:23:18","modified_gmt":"2025-08-10T20:23:18","slug":"seances-de-dedicaces-a-la-librairie-les-oiseaux-a-la-baule-kernews","status":"publish","type":"post","link":"https:\/\/www.europesays.com\/fr\/310121\/","title":{"rendered":"S\u00e9ances de d\u00e9dicaces \u00e0 la librairie Les Oiseaux \u00e0 La Baule &#8211; Kernews"},"content":{"rendered":"\n<p>\tS\u00e9ances de d\u00e9dicaces \u00e0 la librairie Les Oiseaux \u00e0 La Baule &#8211; Kernews &#8211; La Baule+<\/p>\n<p>\t\t\t\t\t\t<a href=\"https:\/\/www.kernews.com\/wp-content\/uploads\/2025\/05\/livres.png\" rel=\"nofollow noopener\" target=\"_blank\"><img loading=\"lazy\" width=\"750\" height=\"375\" src=\"https:\/\/www.europesays.com\/fr\/wp-content\/uploads\/2025\/08\/livres-750x375.png\" class=\"attachment-jnews-750x375 size-jnews-750x375 wp-post-image\" alt=\"\" decoding=\"async\"   data-full-width=\"804\" data-full-height=\"608\"\/><\/a><\/p>\n<p style=\"font-weight: 400;\">La librairie Les Oiseaux propose un mois d\u2019Ao\u00fbt riche en rencontres litt\u00e9raires, autour d\u2019ouvrages vari\u00e9s, allant du roman au polar, en passant par le r\u00e9cit historique, l\u2019essai ou encore la cr\u00e9ation graphique.<\/p>\n<p style=\"font-weight: 400;\">Du 11 au 15 ao\u00fbt et du 18 au 22 ao\u00fbt : atelier en 5 s\u00e9ances pour enfants (6+) et adultes pour cr\u00e9er une bande-dessin\u00e9e avec le Coquillage et l\u2019oreille \u2013 renseignements et inscription \u00e0 la librairie<\/p>\n<p style=\"font-weight: 400;\">13 ao\u00fbt de 10h \u00e0 13h : d\u00e9dicace de Mich\u00e8le Dassas pour Marie Renard, la femme mod\u00e8le aux \u00c9ditions Ramsay<\/p>\n<p style=\"font-weight: 400;\">14 ao\u00fbt de 11h \u00e0 13h : d\u00e9dicace de Natacha Larmurier pour son ouvrage La valise \u00e9dit\u00e9 chez Librinova<\/p>\n<p style=\"font-weight: 400;\">15 ao\u00fbt de 11h \u00e0 13h : d\u00e9dicace de Lo\u00efc Sellin pour les avenues de La Baule aux \u00c9ditions St\u00e9phane Batigne<\/p>\n<p style=\"font-weight: 400;\">17 ao\u00fbt de 10h \u00e0 13h : d\u00e9dicace de R\u00e9mi Devalli\u00e8re pour La Baule, un gendre si charmant aux \u00c9ditions Alain Bargain<\/p>\n<p style=\"font-weight: 400;\">20 ao\u00fbt de 11h \u00e0 13h : d\u00e9dicace de Jean-Yves Moisy pour ses romans policiers<\/p>\n<p style=\"font-weight: 400;\">21 ao\u00fbt \u00e0 partir de 18h30 : \u00c9v\u00e8nement rentr\u00e9e litt\u00e9raire : soir\u00e9e de lancement du premier roman de S\u00e9verine Cressan, Nourrices, chez Dalva \u00c9ditions<\/p>\n<p style=\"font-weight: 400;\"><strong>Librairie des Oiseaux, 232, avenue du Mar\u00e9chal de Lattre de Tassigny \u00e0 La Baule. T\u00e9l. 02 40 60 23 66.<\/strong><\/p>\n<p>\t\t\t<img loading=\"lazy\" alt=\"admin\" src=\"https:\/\/www.europesays.com\/fr\/wp-content\/uploads\/2025\/08\/200477aa38e8790aff9c0fde9288f2c9b4e24c6e9eb7e5a3ab45447cc90ee969\"  class=\"avatar avatar-80 photo\" height=\"80\" width=\"80\" decoding=\"async\"\/>\t\t<\/p>\n<p>{\u00ab\u00a0default-settings-for-zoomsounds\u00a0\u00bb:{\u00ab\u00a0skin_ap\u00a0\u00bb:\u00a0\u00bbskin-wave\u00a0\u00bb,\u00a0\u00bbsettings_extrahtml_in_player\u00a0\u00bb:\u00a0\u00bb\u00a0\u00bb,\u00a0\u00bbenable_embed_button\u00a0\u00bb:\u00a0\u00bboff\u00a0\u00bb,\u00a0\u00bbpreview_on_hover\u00a0\u00bb:\u00a0\u00bboff\u00a0\u00bb,\u00a0\u00bbloop\u00a0\u00bb:\u00a0\u00bboff\u00a0\u00bb,\u00a0\u00bbpreload_method\u00a0\u00bb:\u00a0\u00bbmetadata\u00a0\u00bb,\u00a0\u00bbcue_method\u00a0\u00bb:\u00a0\u00bbon\u00a0\u00bb,\u00a0\u00bbplayfrom\u00a0\u00bb:\u00a0\u00bboff\u00a0\u00bb,\u00a0\u00bbdefault_volume\u00a0\u00bb:\u00a0\u00bbdefault\u00a0\u00bb,\u00a0\u00bbmenu_right_enable_info_btn\u00a0\u00bb:\u00a0\u00bboff\u00a0\u00bb,\u00a0\u00bbmenu_right_enable_multishare\u00a0\u00bb:\u00a0\u00bboff\u00a0\u00bb,\u00a0\u00bbsettings_exclude_from_list\u00a0\u00bb:\u00a0\u00bboff\u00a0\u00bb,\u00a0\u00bbplayer_navigation\u00a0\u00bb:\u00a0\u00bbdefault\u00a0\u00bb,\u00a0\u00bbfooter_btn_playlist\u00a0\u00bb:\u00a0\u00bboff\u00a0\u00bb,\u00a0\u00bbcolor_ui\u00a0\u00bb:\u00a0\u00bb\u00a0\u00bb,\u00a0\u00bbcolor_ui_alternate\u00a0\u00bb:\u00a0\u00bb\u00a0\u00bb,\u00a0\u00bbcolor_text\u00a0\u00bb:\u00a0\u00bb\u00a0\u00bb,\u00a0\u00bbcolorhighlight\u00a0\u00bb:\u00a0\u00bb\u00a0\u00bb,\u00a0\u00bbdesign_wave_color_bg\u00a0\u00bb:\u00a0\u00bb\u00a0\u00bb,\u00a0\u00bbdesign_wave_color_progress\u00a0\u00bb:\u00a0\u00bb\u00a0\u00bb,\u00a0\u00bbdesign_animateplaypause\u00a0\u00bb:\u00a0\u00bbdefault\u00a0\u00bb,\u00a0\u00bbenable_footer_close_button\u00a0\u00bb:\u00a0\u00bboff\u00a0\u00bb,\u00a0\u00bbdisable_scrubbar\u00a0\u00bb:\u00a0\u00bboff\u00a0\u00bb,\u00a0\u00bbdisable_volume\u00a0\u00bb:\u00a0\u00bbdefault\u00a0\u00bb,\u00a0\u00bbskinwave_dynamicwaves\u00a0\u00bb:\u00a0\u00bbon\u00a0\u00bb,\u00a0\u00bbskinwave_wave_mode\u00a0\u00bb:\u00a0\u00bbcanvas\u00a0\u00bb,\u00a0\u00bbskinwave_wave_mode_canvas_reflection_size\u00a0\u00bb:\u00a0\u00bb0.25&Prime;,\u00a0\u00bbskinwave_wave_mode_canvas_waves_number\u00a0\u00bb:\u00a0\u00bb\u00a0\u00bb,\u00a0\u00bbskinwave_wave_mode_canvas_waves_padding\u00a0\u00bb:\u00a0\u00bb\u00a0\u00bb,\u00a0\u00bbskinwave_wave_mode_canvas_normalize\u00a0\u00bb:\u00a0\u00bb\u00a0\u00bb,\u00a0\u00bbskinwave_enablespectrum\u00a0\u00bb:\u00a0\u00bboff\u00a0\u00bb,\u00a0\u00bbskinwave_timer_static\u00a0\u00bb:\u00a0\u00bboff\u00a0\u00bb,\u00a0\u00bbskinwave_enablereflect\u00a0\u00bb:\u00a0\u00bbon\u00a0\u00bb,\u00a0\u00bbskinwave_comments_enable\u00a0\u00bb:\u00a0\u00bboff\u00a0\u00bb,\u00a0\u00bbskinwave_mode\u00a0\u00bb:\u00a0\u00bbnormal\u00a0\u00bb,\u00a0\u00bbskinwave_wave_mode_canvas_mode\u00a0\u00bb:\u00a0\u00bbnormal\u00a0\u00bb,\u00a0\u00bbbutton_aspect\u00a0\u00bb:\u00a0\u00bbbutton-aspect-noir\u00a0\u00bb,\u00a0\u00bbextra_classes_player\u00a0\u00bb:\u00a0\u00bb\u00a0\u00bb,\u00a0\u00bbsettings_extrahtml_after_artist\u00a0\u00bb:\u00a0\u00bb\u00a0\u00bb,\u00a0\u00bbjs_settings_extrahtml_in_float_right_from_config\u00a0\u00bb:\u00a0\u00bb\u00a0\u00bb,\u00a0\u00bbjs_settings_extrahtml_in_bottom_controls_from_config\u00a0\u00bb:\u00a0\u00bb\u00a0\u00bb,\u00a0\u00bbsettings_extrahtml_after_playpause_from_config\u00a0\u00bb:\u00a0\u00bb\u00a0\u00bb,\u00a0\u00bbsettings_extrahtml_after_con_controls_from_config\u00a0\u00bb:\u00a0\u00bb\u00a0\u00bb,\u00a0\u00bbconfig_extra_css\u00a0\u00bb:\u00a0\u00bb\u00a0\u00bb}}<\/p>\n<p>    <a href=\"#\" aria-label=\"Search Button\" class=\"jeg_search_toggle\"><\/a><\/p>\n<p>\n        Aucun r\u00e9sultat    <\/p>\n<p>\n         View All Result    <\/p>\n<p>Copyright \u00a9 2025 Kernews &#8211; La Baule+<\/p>\n","protected":false},"excerpt":{"rendered":"S\u00e9ances de d\u00e9dicaces \u00e0 la librairie Les Oiseaux \u00e0 La Baule &#8211; Kernews &#8211; La Baule+ La librairie&hellip;\n","protected":false},"author":2,"featured_media":310122,"comment_status":"","ping_status":"","sticky":false,"template":"","format":"standard","meta":{"footnotes":""},"categories":[1357],"tags":[1379,58,59,1011,27,1380],"class_list":{"0":"post-310121","1":"post","2":"type-post","3":"status-publish","4":"format-standard","5":"has-post-thumbnail","7":"category-livres","8":"tag-books","9":"tag-divertissement","10":"tag-entertainment","11":"tag-fr","12":"tag-france","13":"tag-livres"},"share_on_mastodon":{"url":"https:\/\/pubeurope.com\/@fr\/115006341508883758","error":""},"_links":{"self":[{"href":"https:\/\/www.europesays.com\/fr\/wp-json\/wp\/v2\/posts\/310121","targetHints":{"allow":["GET"]}}],"collection":[{"href":"https:\/\/www.europesays.com\/fr\/wp-json\/wp\/v2\/posts"}],"about":[{"href":"https:\/\/www.europesays.com\/fr\/wp-json\/wp\/v2\/types\/post"}],"author":[{"embeddable":true,"href":"https:\/\/www.europesays.com\/fr\/wp-json\/wp\/v2\/users\/2"}],"replies":[{"embeddable":true,"href":"https:\/\/www.europesays.com\/fr\/wp-json\/wp\/v2\/comments?post=310121"}],"version-history":[{"count":0,"href":"https:\/\/www.europesays.com\/fr\/wp-json\/wp\/v2\/posts\/310121\/revisions"}],"wp:featuredmedia":[{"embeddable":true,"href":"https:\/\/www.europesays.com\/fr\/wp-json\/wp\/v2\/media\/310122"}],"wp:attachment":[{"href":"https:\/\/www.europesays.com\/fr\/wp-json\/wp\/v2\/media?parent=310121"}],"wp:term":[{"taxonomy":"category","embeddable":true,"href":"https:\/\/www.europesays.com\/fr\/wp-json\/wp\/v2\/categories?post=310121"},{"taxonomy":"post_tag","embeddable":true,"href":"https:\/\/www.europesays.com\/fr\/wp-json\/wp\/v2\/tags?post=310121"}],"curies":[{"name":"wp","href":"https:\/\/api.w.org\/{rel}","templated":true}]}}