{"id":310139,"date":"2025-08-10T20:32:11","date_gmt":"2025-08-10T20:32:11","guid":{"rendered":"https:\/\/www.europesays.com\/fr\/310139\/"},"modified":"2025-08-10T20:32:11","modified_gmt":"2025-08-10T20:32:11","slug":"une-reunion-extraordinaire-europeenne-avant-la-rencontre-trump-poutine","status":"publish","type":"post","link":"https:\/\/www.europesays.com\/fr\/310139\/","title":{"rendered":"Une \u00ab\u00a0r\u00e9union extraordinaire\u00a0\u00bb europ\u00e9enne avant la rencontre Trump-Poutine"},"content":{"rendered":"<p>Vous avez rat\u00e9 les derniers \u00e9v\u00e9nements sur la guerre en Ukraine\u00a0? 20 Minutes fait le point pour vous tous les soirs. Voici l\u2019essentiel de ce dimanche 10\u00a0ao\u00fbt, au 1.264e jour du conflit.<\/p>\n<p>Le fait du jour<\/p>\n<p>La cheffe de la diplomatie de l\u2019Union europ\u00e9enne, Kaja Kallas, a annonc\u00e9 dimanche la convocation d\u2019une \u00ab\u00a0r\u00e9union extraordinaire\u00a0\u00bb lundi des ministres des Affaires \u00e9trang\u00e8res de l\u2019UE, \u00e0 l\u2019approche de la r\u00e9union des pr\u00e9sidents am\u00e9ricain <a href=\"https:\/\/www.20minutes.fr\/dossier\/donald_trump\" class=\"color-ultramarine c-link\" target=\"_blank\" rel=\"noopener\">Donald Trump<\/a> et russe <a href=\"https:\/\/www.20minutes.fr\/monde\/vladimir_poutine\/\" class=\"color-ultramarine c-link\" target=\"_blank\" rel=\"noopener\">Vladimir Poutine<\/a> sur la <a href=\"https:\/\/www.20minutes.fr\/monde\/ukraine\/\" class=\"color-ultramarine c-link\" target=\"_blank\" rel=\"noopener\">guerre en Ukraine<\/a>.<\/p>\n<p>\u00ab\u00a0Tout accord entre les \u00c9tats-Unis et la Russie doit inclure l\u2019Ukraine et l\u2019UE, car c\u2019est une question de s\u00e9curit\u00e9 pour l\u2019Ukraine et pour l\u2019ensemble de l\u2019Europe,\u00a0\u00bb a insist\u00e9 Kaja Kallas dans un communiqu\u00e9, avant la rencontre Tump-Poutine pr\u00e9vue vendredi, qui fait craindre \u00e0 Kiev un accord \u00e0 ses d\u00e9pens. \u00ab\u00a0Je convoquerai lundi une r\u00e9union extraordinaire des ministres des Affaires \u00e9trang\u00e8res de l\u2019UE afin de discuter des prochaines \u00e9tapes\u00a0\u00bb, a-t-elle soulign\u00e9.<\/p>\n<\/p>\n<p>La citation du jour<\/p>\n<blockquote class=\"mx-m@xs mx-xxl@md color-ultramarine c-citation\">\n<p class=\"font-weight-regular@xs text-italic font-source-serif-pro text-l@xs c-citation__content\">\u00ab\u00a0\u00ab\u00a0Il doit y avoir une fin honn\u00eate \u00e0 cette guerre, et il appartient \u00e0 la Russie de mettre fin \u00e0 la guerre qu\u2019elle a commenc\u00e9e\u00a0\u00bb\u00a0\u00bb<\/p>\n<\/blockquote>\n<p>Le pr\u00e9sident ukrainien <a href=\"https:\/\/www.20minutes.fr\/monde\/volodymyr-zelensky\/\" class=\"color-ultramarine c-link\" target=\"_blank\" rel=\"noopener\">Volodymyr Zelensky<\/a> a rejet\u00e9 samedi toute cession de territoires \u00e0 la Russie pour obtenir la paix, avant le sommet annonc\u00e9 entre Vladimir Poutine et Donald Trump, qui fait craindre \u00e0 <a href=\"https:\/\/www.20minutes.fr\/dossier\/kiev\" class=\"color-ultramarine c-link\" target=\"_blank\" rel=\"noopener\">Kiev <\/a>un accord \u00e0 ses d\u00e9pens. Cette rencontre tr\u00e8s attendue se d\u00e9roulera sans Volodymyr Zelensky, qui ne cesse pourtant d\u2019exiger d\u2019\u00eatre partie prenante. \u00ab\u00a0Toute d\u00e9cision qui serait prise contre nous, toute d\u00e9cision qui serait prise sans l\u2019Ukraine, serait une d\u00e9cision contre la paix\u00a0\u00bb, a averti Volodymyr Zelensky sur les r\u00e9seaux sociaux, ajoutant que \u00ab\u00a0les Ukrainiens n\u2019abandonneront pas leur terre aux occupants\u00a0\u00bb.<\/p>\n<p>La tendance du jour<\/p>\n<p>L\u2019Ukraine affirme avoir repris \u00e0 l\u2019arm\u00e9e russe un village frontalier dans la r\u00e9gion de Soumy, dans le nord du pays, rare gain ukrainien face \u00e0 un adversaire qui continue d\u2019avancer dans l\u2019Est. \u00ab\u00a0Les forces ukrainiennes ont lib\u00e9r\u00e9 et compl\u00e8tement nettoy\u00e9 des occupants russes la localit\u00e9 de Bezsalivka, dans la r\u00e9gion de Soumy\u00a0\u00bb, a annonc\u00e9 l\u2019\u00e9tat-major sur Telegram.<\/p>\n<p>Ce petit village est situ\u00e9 juste \u00e0 la fronti\u00e8re entre la Russie et l\u2019Ukraine, \u00e0 une vingtaine de kilom\u00e8tres \u00e0 l\u2019ouest de la principale zone d\u2019affrontements entre les deux arm\u00e9es dans cette r\u00e9gion. La Russie avait lanc\u00e9 une offensive dans la r\u00e9gion de Soumy apr\u00e8s avoir fini en avril de repousser les forces ukrainiennes de la r\u00e9gion russe de Koursk, dont elles occupaient une petite partie depuis l\u2019\u00e9t\u00e9\u00a02024.<\/p>\n<p><\/p>\n","protected":false},"excerpt":{"rendered":"Vous avez rat\u00e9 les derniers \u00e9v\u00e9nements sur la guerre en Ukraine\u00a0? 20 Minutes fait le point pour vous&hellip;\n","protected":false},"author":2,"featured_media":310140,"comment_status":"","ping_status":"","sticky":false,"template":"","format":"standard","meta":{"footnotes":""},"categories":[5],"tags":[11,75,1073,73,1011,27,131,14,74,12,132,135,134,28],"class_list":{"0":"post-310139","1":"post","2":"type-post","3":"status-publish","4":"format-standard","5":"has-post-thumbnail","7":"category-international","8":"tag-actualites","9":"tag-donald-trump","10":"tag-emmanuel-macron","11":"tag-etats-unis","12":"tag-fr","13":"tag-france","14":"tag-guerre-en-ukraine","15":"tag-international","16":"tag-monde","17":"tag-news","18":"tag-russie","19":"tag-vladimir-poutine","20":"tag-volodymyr-zelensky","21":"tag-world"},"share_on_mastodon":{"url":"https:\/\/pubeurope.com\/@fr\/115006376792128791","error":""},"_links":{"self":[{"href":"https:\/\/www.europesays.com\/fr\/wp-json\/wp\/v2\/posts\/310139","targetHints":{"allow":["GET"]}}],"collection":[{"href":"https:\/\/www.europesays.com\/fr\/wp-json\/wp\/v2\/posts"}],"about":[{"href":"https:\/\/www.europesays.com\/fr\/wp-json\/wp\/v2\/types\/post"}],"author":[{"embeddable":true,"href":"https:\/\/www.europesays.com\/fr\/wp-json\/wp\/v2\/users\/2"}],"replies":[{"embeddable":true,"href":"https:\/\/www.europesays.com\/fr\/wp-json\/wp\/v2\/comments?post=310139"}],"version-history":[{"count":0,"href":"https:\/\/www.europesays.com\/fr\/wp-json\/wp\/v2\/posts\/310139\/revisions"}],"wp:featuredmedia":[{"embeddable":true,"href":"https:\/\/www.europesays.com\/fr\/wp-json\/wp\/v2\/media\/310140"}],"wp:attachment":[{"href":"https:\/\/www.europesays.com\/fr\/wp-json\/wp\/v2\/media?parent=310139"}],"wp:term":[{"taxonomy":"category","embeddable":true,"href":"https:\/\/www.europesays.com\/fr\/wp-json\/wp\/v2\/categories?post=310139"},{"taxonomy":"post_tag","embeddable":true,"href":"https:\/\/www.europesays.com\/fr\/wp-json\/wp\/v2\/tags?post=310139"}],"curies":[{"name":"wp","href":"https:\/\/api.w.org\/{rel}","templated":true}]}}