{"id":310141,"date":"2025-08-10T20:33:10","date_gmt":"2025-08-10T20:33:10","guid":{"rendered":"https:\/\/www.europesays.com\/fr\/310141\/"},"modified":"2025-08-10T20:33:10","modified_gmt":"2025-08-10T20:33:10","slug":"ils-racontent-dylan-marie-et-gregoire-decedes-dans-laccident-a-brix","status":"publish","type":"post","link":"https:\/\/www.europesays.com\/fr\/310141\/","title":{"rendered":"ils racontent Dylan, Marie et Gr\u00e9goire, d\u00e9c\u00e9d\u00e9s dans l\u2019accident \u00e0 Brix"},"content":{"rendered":"<p>            Par<br \/>\n        <strong><br \/>\n            <a href=\"https:\/\/actu.fr\/auteur\/redaction-pressemanche\" title=\"Consulter tous les articles de R\u00e9daction La Presse de la Manche\" rel=\"nofollow noopener\" target=\"_blank\">R\u00e9daction La Presse de la Manche<\/a><br \/>\n        <\/strong><\/p>\n<p>        Publi\u00e9 le<\/p>\n<p>            10 ao\u00fbt 2025 \u00e0 21h18        <\/p>\n<p>C\u2019\u00e9tait un samedi d\u2019\u00e9t\u00e9, au petit matin. Au d\u00e9tour d\u2019une route, la mort est arriv\u00e9e au bout d\u2019une nuit \u00e0 profiter de la vie.<\/p>\n<p class=\" wall-content\"><b>Vers 8\u00a0heures<\/b>, au volant d\u2019une Volkswagen Scirocco, Gr\u00e9goire Gibon<b> rentrait de soir\u00e9e avec un couple de copains<\/b>, Marie S\u00e9noville et Dylan Lebaron.<\/p>\n<p class=\" wall-content\">\u00ab\u2009C\u2019est un v\u00e9ritable drame\u2009: <b>trois personnes ont perdu la vie<\/b>, expliquait samedi \u00e0 l\u2019AFP Jean Rampon, sous-pr\u00e9fet de la <a href=\"https:\/\/actu.fr\/normandie\/manche_50\" rel=\"nofollow noopener\" target=\"_blank\">Manche<\/a>. Elles \u00e9taient toutes dans le m\u00eame v\u00e9hicule, qui, pour une raison qu\u2019on ignore encore, a quitt\u00e9 la route et a termin\u00e9 <b>dans un jardin.<\/b>\u00a0C\u2019\u00e9taient des gens jeunes qui avaient pass\u00e9 la soir\u00e9e chez des amis et qui <b>rentraient chez eux.\u2009<\/b>\u00bb<\/p>\n<p class=\" wall-content\">Ce dimanche 10\u00a0ao\u00fbt, <b>Dylan allait avoir 23 ans. Marie avait 21 ans, Gr\u00e9goire, la vingtaine.<\/b> Tous rattrap\u00e9s par l\u2019insondable injustice de perdre la vie \u00e0 l\u2019\u00e2ge o\u00f9 on commence \u00e0 la construire.<\/p>\n<p>Immense \u00e9motion<\/p>\n<p class=\" wall-content\">Les heures pr\u00e9c\u00e9dentes, ils ont effectivement fait la f\u00eate dans une maison de <a href=\"https:\/\/actu.fr\/normandie\/brix_50087\" rel=\"nofollow noopener\" target=\"_blank\">Brix<\/a>, situ\u00e9e avant le bourg lorsque l\u2019on vient de <a href=\"https:\/\/actu.fr\/normandie\/cherbourg-en-cotentin_50129\" rel=\"nofollow noopener\" target=\"_blank\">Cherbourg<\/a>. L\u2019accident a eu lieu sur une route <b>peu fr\u00e9quent\u00e9e. <\/b>Le v\u00e9hicule a quitt\u00e9 la<b> route des Pierres Blanches<\/b>, heurtant <b>un arbre,<\/b> avant de finir sa course dans un jardin.<\/p>\n<p class=\" wall-content\">En d\u00e9couvrant le v\u00e9hicule <b>compl\u00e8tement renvers\u00e9,<\/b> le couple de r\u00e9sidents,<b> r\u00e9veill\u00e9 par le bruit<\/b>, a imm\u00e9diatement appel\u00e9 les pompiers, <b>arriv\u00e9s tr\u00e8s rapidement <\/b>sur place, comme les <b>gendarmes <\/b>et la maire de Brix, <b>Sophie Buhot.<\/b> Les trois jeunes sont morts avant l\u2019arriv\u00e9e des secours. <b>Dix-sept sapeurs-pompiers<\/b> ont \u00e9t\u00e9 mobilis\u00e9s sur les lieux apr\u00e8s l\u2019accident, ainsi que <b>deux v\u00e9hicules du Samu.<\/b><\/p>\n<p class=\" wall-content\">Une <b>enqu\u00eate, confi\u00e9e \u00e0 la gendarmerie<\/b>, a \u00e9t\u00e9 ouverte pour d\u00e9terminer les circonstances\u00a0de cet accident. \u00ab\u2009C\u2019est un drame effroyable, souffle <b>Denis Lefer,<\/b> maire de Bricquebec-en-Cotentin. C\u2019est<b> terrible comme le destin peut \u00eatre dur parfois<\/b>.\u2009\u00bb<\/p>\n<p class=\" wall-content\">Depuis, l\u2019\u00e9motion est immense \u00e0<b> Rauville-la-Bigot<\/b>, commune qui a vu grandir Gr\u00e9goire, et <b>\u00e0 Bricquebec<\/b>, o\u00f9 vivaient Marie et Dylan. Ceux qui les ont c\u00f4toy\u00e9s sur le chemin de la vie racontent des jeunes gens \u00ab<b>\u2009gentils\u2009\u00bb et \u00ab\u2009sans histoire\u2009<\/b>\u00bb.<\/p>\n<p>\u00ab\u2009Dr\u00f4le, solaire, courageux\u2009\u00bb<\/p>\n<p class=\" wall-content\">Sur les r\u00e9seaux sociaux, les hommages <b>se multiplient.<\/b> La mort \u00e9teint pour toujours les r\u00eaves \u00e0 partager, et fige pour l\u2019\u00e9ternit\u00e9 des sourires de jeunes gens sur des photos. Parfois, les mots manquent.<\/p>\n<p class=\" wall-content\">Il y a quinze jours, Dylan et Marie s\u2019amusaient joyeusement \u00e0 la Sainte-Anne. Dylan travaillait depuis plusieurs ann\u00e9es <b>aux Ma\u00eetres laitiers du Cotentin,<\/b> \u00e0 Sottevast. Ils \u00e9taient en couple <b>depuis ao\u00fbt\u00a02022<\/b> et vivaient ensemble \u00e0 Bricquebec. Marie travaillait comme <b>serveuse au caf\u00e9 le Normandy.<\/b><\/p>\n<p class=\" wall-content\">\u00ab\u2009Marie \u00e9tait <b>solaire<\/b> et on ne pouvait que l\u2019aimer, raconte une proche de Dylan. Dylan \u00e9tait un jeune homme <b>plein de vie,<\/b> qui <b>remontait la pente suite au d\u00e9c\u00e8s brutal de sa maman, en ao\u00fbt\u00a02019.<\/b> Il \u00e9tait <b>tr\u00e8s dr\u00f4le,<\/b> toujours pr\u00eat \u00e0 faire sourire par ses blagues et mimiques. Il travaillait<b> en 3\/8. <\/b>C\u2019\u00e9tait un jeune homme <b>courageux,<\/b> qui voulait avancer dans sa vie avec sa famille, Marie et leurs <b>nombreux amis<\/b>.\u2009\u00bb<\/p>\n<p class=\" wall-content\">\u00ab\u00a0Gr\u00e9goire Gibon \u00e9tait \u00e9tait un gar\u00e7on qui \u00ab\u2009<b>avait envie de bouffer la vie<\/b>\u2009\u00bb, m\u00eame si elle n\u2019avait <b>pas toujours \u00e9t\u00e9 cl\u00e9mente <\/b>avec ses proches et lui. \u00ab\u2009C\u2019est une famille de gens bien, explique Hubert Lef\u00e8vre, le maire de Rauville-la-Bigot. Des gens <b>simples, gentils et tr\u00e8s courageux.<\/b> Le p\u00e8re et le fr\u00e8re de Gr\u00e9goire travaillent chez<b> Lefer<\/b>, \u00e0 Briquebec.\u2009\u00bb<\/p>\n<p class=\" wall-content\">Aujourd\u2019hui, trois familles sont en deuil. Et beaucoup d\u2019amis, avec eux.<\/p>\n<p class=\" wall-content\">Suivez toute l\u2019actualit\u00e9 de vos villes et m\u00e9dias favoris en vous inscrivant \u00e0 <a href=\"https:\/\/moncompte.actu.fr\" title=\"D\u00e9couvez Mon Actu\" rel=\"nofollow noopener\" data-trk=\"{&quot;cta&quot;:{&quot;action&quot;:&quot;https:\\\/\\\/moncompte.actu.fr&quot;,&quot;category&quot;:&quot;mon compte&quot;,&quot;from&quot;:&quot;article footer&quot;,&quot;name&quot;:&quot;Mon actu&quot;,&quot;type&quot;:&quot;cta&quot;}}\" target=\"_blank\">Mon Actu<\/a>.<\/p>\n","protected":false},"excerpt":{"rendered":"Par R\u00e9daction La Presse de la Manche Publi\u00e9 le 10 ao\u00fbt 2025 \u00e0 21h18 C\u2019\u00e9tait un samedi d\u2019\u00e9t\u00e9,&hellip;\n","protected":false},"author":2,"featured_media":310142,"comment_status":"","ping_status":"","sticky":false,"template":"","format":"standard","meta":{"footnotes":""},"categories":[4],"tags":[119,11,3168,118,1011,27,12,1311,25],"class_list":{"0":"post-310141","1":"post","2":"type-post","3":"status-publish","4":"format-standard","5":"has-post-thumbnail","7":"category-france","8":"tag-accident","9":"tag-actualites","10":"tag-cotentin","11":"tag-faits-divers","12":"tag-fr","13":"tag-france","14":"tag-news","15":"tag-pompiers","16":"tag-republique-francaise"},"share_on_mastodon":{"url":"https:\/\/pubeurope.com\/@fr\/115006380678362479","error":""},"_links":{"self":[{"href":"https:\/\/www.europesays.com\/fr\/wp-json\/wp\/v2\/posts\/310141","targetHints":{"allow":["GET"]}}],"collection":[{"href":"https:\/\/www.europesays.com\/fr\/wp-json\/wp\/v2\/posts"}],"about":[{"href":"https:\/\/www.europesays.com\/fr\/wp-json\/wp\/v2\/types\/post"}],"author":[{"embeddable":true,"href":"https:\/\/www.europesays.com\/fr\/wp-json\/wp\/v2\/users\/2"}],"replies":[{"embeddable":true,"href":"https:\/\/www.europesays.com\/fr\/wp-json\/wp\/v2\/comments?post=310141"}],"version-history":[{"count":0,"href":"https:\/\/www.europesays.com\/fr\/wp-json\/wp\/v2\/posts\/310141\/revisions"}],"wp:featuredmedia":[{"embeddable":true,"href":"https:\/\/www.europesays.com\/fr\/wp-json\/wp\/v2\/media\/310142"}],"wp:attachment":[{"href":"https:\/\/www.europesays.com\/fr\/wp-json\/wp\/v2\/media?parent=310141"}],"wp:term":[{"taxonomy":"category","embeddable":true,"href":"https:\/\/www.europesays.com\/fr\/wp-json\/wp\/v2\/categories?post=310141"},{"taxonomy":"post_tag","embeddable":true,"href":"https:\/\/www.europesays.com\/fr\/wp-json\/wp\/v2\/tags?post=310141"}],"curies":[{"name":"wp","href":"https:\/\/api.w.org\/{rel}","templated":true}]}}