{"id":310145,"date":"2025-08-10T20:35:13","date_gmt":"2025-08-10T20:35:13","guid":{"rendered":"https:\/\/www.europesays.com\/fr\/310145\/"},"modified":"2025-08-10T20:35:13","modified_gmt":"2025-08-10T20:35:13","slug":"saint-chamond-les-ambassadeurs-accueillent-gourmets-et-voyageurs-depuis-les-annees-1960","status":"publish","type":"post","link":"https:\/\/www.europesays.com\/fr\/310145\/","title":{"rendered":"Saint-Chamond. Les Ambassadeurs accueillent gourmets et voyageurs depuis les ann\u00e9es 1960"},"content":{"rendered":"<p>Un annuaire professionnel de 1881 fait \u00e9tat, au bout de l\u2019avenue pav\u00e9e de la Gare, d\u2019un caf\u00e9-restaurant tenu par MM.\u00a0Peyrieux et Oriol. On y propose \u00ab une salle d\u2019ombrage, des consommations de premier choix et les journaux de Paris et du d\u00e9partement\u00a0\u00bb. L\u2019h\u00f4tel Terminus occupe une vaste parcelle \u00e0 l\u2019arri\u00e8re.<\/p>\n<p>Tout sera ras\u00e9 \u00e0 l\u2019aube des ann\u00e9es 1960 pour laisser place \u00e0 un immeuble en copropri\u00e9t\u00e9 nomm\u00e9 Les Ambassadeurs. Jean Gauthey, restaurateur, en profite pour cr\u00e9er un \u00e9tablissement \u00e9ponyme au rez-de-chauss\u00e9e.<\/p>\n<p><strong>&gt;&gt; : <a href=\"https:\/\/www.leprogres.fr\/economie\/2025\/06\/11\/renaissance-des-ambassadeurs-qui-vient-de-rouvrir-sur-des-bases-solides\" target=\"_blank\" rel=\"nofollow noopener\">L\u2019h\u00f4tel-restaurant Les Ambassadeurs rouvre sur des bases solides<\/a> <\/strong><\/p>\n<p>\u00ab\u00a040\u00a0% des chambres devaient \u00eatre \u00e9quip\u00e9es de WC\u00a0\u00bb<\/p>\n<p>Pierre et Denise Lecroisey arrivent le&#8230;<\/p>\n","protected":false},"excerpt":{"rendered":"Un annuaire professionnel de 1881 fait \u00e9tat, au bout de l\u2019avenue pav\u00e9e de la Gare, d\u2019un caf\u00e9-restaurant tenu&hellip;\n","protected":false},"author":2,"featured_media":310146,"comment_status":"","ping_status":"","sticky":false,"template":"","format":"standard","meta":{"footnotes":""},"categories":[9653],"tags":[1111,11,2430,4406,33,7539,1777,674,1011,27,12,25,9669,9670,4001],"class_list":{"0":"post-310145","1":"post","2":"type-post","3":"status-publish","4":"format-standard","5":"has-post-thumbnail","7":"category-saint-etienne","8":"tag-actu","9":"tag-actualites","10":"tag-auvergne-rhone-alpes","11":"tag-commerce-et-services","12":"tag-economie","13":"tag-edition-loire-sud","14":"tag-eu","15":"tag-europe","16":"tag-fr","17":"tag-france","18":"tag-news","19":"tag-republique-francaise","20":"tag-saint-chamond","21":"tag-saint-chamond-ville","22":"tag-saint-etienne"},"share_on_mastodon":{"url":"https:\/\/pubeurope.com\/@fr\/115006388628195089","error":""},"_links":{"self":[{"href":"https:\/\/www.europesays.com\/fr\/wp-json\/wp\/v2\/posts\/310145","targetHints":{"allow":["GET"]}}],"collection":[{"href":"https:\/\/www.europesays.com\/fr\/wp-json\/wp\/v2\/posts"}],"about":[{"href":"https:\/\/www.europesays.com\/fr\/wp-json\/wp\/v2\/types\/post"}],"author":[{"embeddable":true,"href":"https:\/\/www.europesays.com\/fr\/wp-json\/wp\/v2\/users\/2"}],"replies":[{"embeddable":true,"href":"https:\/\/www.europesays.com\/fr\/wp-json\/wp\/v2\/comments?post=310145"}],"version-history":[{"count":0,"href":"https:\/\/www.europesays.com\/fr\/wp-json\/wp\/v2\/posts\/310145\/revisions"}],"wp:featuredmedia":[{"embeddable":true,"href":"https:\/\/www.europesays.com\/fr\/wp-json\/wp\/v2\/media\/310146"}],"wp:attachment":[{"href":"https:\/\/www.europesays.com\/fr\/wp-json\/wp\/v2\/media?parent=310145"}],"wp:term":[{"taxonomy":"category","embeddable":true,"href":"https:\/\/www.europesays.com\/fr\/wp-json\/wp\/v2\/categories?post=310145"},{"taxonomy":"post_tag","embeddable":true,"href":"https:\/\/www.europesays.com\/fr\/wp-json\/wp\/v2\/tags?post=310145"}],"curies":[{"name":"wp","href":"https:\/\/api.w.org\/{rel}","templated":true}]}}