{"id":310150,"date":"2025-08-10T20:40:13","date_gmt":"2025-08-10T20:40:13","guid":{"rendered":"https:\/\/www.europesays.com\/fr\/310150\/"},"modified":"2025-08-10T20:40:13","modified_gmt":"2025-08-10T20:40:13","slug":"a-la-seyne-la-master-classe-opera-a-ete-suivie-par-des-etudiants-venus-de-chine","status":"publish","type":"post","link":"https:\/\/www.europesays.com\/fr\/310150\/","title":{"rendered":"A La Seyne, la master classe op\u00e9ra a \u00e9t\u00e9 suivie par des \u00e9tudiants venus de Chine"},"content":{"rendered":"<p>Un fascinant pont culturel entre le pays du dragon et La Seyne-sur-Mer. Pour sa premi\u00e8re session, la master class op\u00e9ra Akademia, port\u00e9e par l\u2019association Op\u00e9raria et anim\u00e9e par la p\u00e9dagogie doubl\u00e9e du talent de la cantatrice soprano internationale seynoise Chrystelle Di Marco, qui en est la pr\u00e9sidente et directrice artistique, accueille une d\u00e9l\u00e9gation d\u2019\u00e9tudiants chinois du 6 au 12 ao\u00fbt \u00e0 la Bourse du travail. Et abolit les fronti\u00e8res du chant.<\/p>\n<p>Avec leur professeur Hu Chunyin, enseignante \u00e0 l\u2019universit\u00e9 de musique de Shenyang (ville de 9,24 millions d\u2019habitants au nord-est de la Chine), six \u00e9l\u00e8ves et \u00e9tudiants de niveau universitaire, \u00e2g\u00e9s de 13 \u00e0 23 ans, ont franchi les 8.695 kilom\u00e8tres et 20 heures de vol qui les s\u00e9parent du bord de la rade de Toulon pour s\u2019initier et se perfectionner \u00e0 la technique vocale et la prononciation fran\u00e7aise et italienne.<\/p>\n<p>Appel\u00e9s \u00e0 devenir professionnels, tous restitueront leur apprentissage lors d\u2019un concert de cl\u00f4ture, donn\u00e9 ce lundi 11 ao\u00fbt \u00e0 19 heures, \u00e0 la Bourse du travail (entr\u00e9e et participation libre) o\u00f9 ils seront parfois guid\u00e9s par la voix de Chrystelle Di Marco. Des chants traditionnels chinois seront aussi interpr\u00e9t\u00e9s, dont M\u00f2 Li H\u016ba, Fleur de jasmin, repris dans l\u2019op\u00e9ra Turandot de Puccini. Il n\u2019y a pas de hasard. Plus de fronti\u00e8re.<\/p>\n<p><strong>Une rencontre nou\u00e9e lors d\u2019une tourn\u00e9e en Chine<\/strong><\/p>\n<p>\u00ab\u00a0La venue de cette d\u00e9l\u00e9gation chinoise est le fruit d\u2019une rencontre que j\u2019ai nou\u00e9e \u00e0 l\u2019occasion d\u2019une tourn\u00e9e d\u2019un mois en Chine, d\u00e9but 2025, lors de laquelle j\u2019ai chant\u00e9 dans diff\u00e9rentes r\u00e9gions de ce pays, explique la soprano. Dans le gigantesque th\u00e9\u00e2tre de Shenyang, j\u2019ai \u00e9chang\u00e9 et sympathis\u00e9 avec Hu Chunyin qui a eu un coup de c\u0153ur pour ma voix, ma technique, mon interpr\u00e9tation et m\u2019a dit qu\u2019il fallait absolument que des \u00e9l\u00e8ves chinois aient l\u2019opportunit\u00e9 de travailler avec moi. Ce souhait a co\u00efncid\u00e9 avec notre volont\u00e9 de monter cette acad\u00e9mie Op\u00e9raria Akademia\u00a0\u00bb.<\/p>\n<p>\u00ab\u00a0Je n\u2019ai jamais entendu quelqu\u2019un qui chante comme \u00e7a, abonde dans un fran\u00e7ais parfait, l\u2019enseignante chinoise qui a eu l\u2019opportunit\u00e9 d\u2019\u00e9tudier 10 ans en France, \u00e0 l\u2019\u00e9cole nationale et au conservatoire de Paris et qui, c\u2019est s\u00fbr, renforcera les liens nou\u00e9s avec Op\u00e9raria. La technique est exceptionnelle\u00a0\u00bb. La musique est d\u00e9cid\u00e9ment une affaire de rencontres. Dans la grande salle de la Bourse du travail, pour accompagner les vocalises, la pianiste Mengyao, \u00e9tudiante chinoise \u00e0 l\u2019Institut d\u2019enseignement sup\u00e9rieur de la musique Europe et M\u00e9diterran\u00e9e d\u2019Aix-en-Provence, qui s\u2019est d\u00e9j\u00e0 produite dans le cadre des concerts Instant Classique d\u2019Op\u00e9raria, a \u00e9t\u00e9 sollicit\u00e9e par Chrystelle Di Marco pour rejoindre ses compatriotes et fait voler ses doigts avec la virtuosit\u00e9 d\u2019une future professionnelle de l\u2019accompagnement musical sur les touches d\u2019un piano de collection Erard 1903. Au programme des \u00e9l\u00e8ves, qui logent \u00e0 l\u2019h\u00f4tel ou chez l\u2019habitant, alternent s\u00e9ances de travail et tourisme, et \u00e0 qui la soprano consacre \u00e0 chacun une heure d\u2019enseignement par jour: Mozart, Vivaldi ou Bellini. \u00ab\u00a0Les chinois sont tr\u00e8s int\u00e9ress\u00e9s par les compositeurs europ\u00e9ens, observe Chrystelle Di Marco. De toute fa\u00e7on, l\u2019op\u00e9ra a \u00e9t\u00e9 cr\u00e9\u00e9 en Italie, c\u2019est la base de l\u2019apprentissage. En Chine ou l\u2019op\u00e9ra n\u2019existait pas, jusqu\u2019\u00e0 il y a peu de temps, ils sont oblig\u00e9s de passer par ces fondamentaux italiens\u00a0\u00bb.<\/p>\n<p><strong>Barri\u00e8res techniques, culturelles et linguistiques<\/strong><\/p>\n<p>Un vrai challenge. Car \u00e0 la difficult\u00e9 technique, \u00e0 la barri\u00e8re culturelle, \u00e0 celle de l\u2019obligatoire compr\u00e9hension des textes, s\u2019ajoute celle de la prononciation. Pas facile! \u00ab\u00a0Par exemple, les chinois ont des difficult\u00e9s parce que la consonne \u00ab R\u00a0\u00bb n\u2019existe pas. Donc le \u00ab\u00a0R\u00a0\u00bb roul\u00e9 c\u2019est tr\u00e8s compliqu\u00e9 pour eux, par contre le \u00ab\u00a0R\u00a0\u00bb \u00e0 la fran\u00e7aise \u00e7a passe, parce qu\u2019en chinois il y a une lettre, comme un \u00ab\u00a0H\u00a0\u00bb qui ressemble au \u00ab\u00a0R\u00a0\u00bb, vulgarise la soprano qui, dans l\u2019\u00e9coute, dispense un apprentissage patient. Le corps a besoin de trouver des automatismes. L\u2019\u00e9l\u00e8ve \u00e0 besoin de maturer, on r\u00e9p\u00e8te jusqu\u2019\u00e0 ce que l\u2019\u00e9cueil soit pass\u00e9 \u00bb.<\/p>\n<p>Et la technique fait ses preuves. \u00ab\u00a0Le stage m\u2019a donn\u00e9 la flamme, m\u2019a ouvert des perspectives, j\u2019aimerais pouvoir revenir en France pour mes \u00e9tudes\u00a0\u00bb, appuie avec maturit\u00e9 Pan Min Rang, \u00e2g\u00e9e de 13 ans. La plus jeune des \u00e9l\u00e8ves de Chrystelle Di Marco a eu la chance de prendre la place de sa s\u0153ur qui n\u2019a pu obtenir de visa d\u2019entr\u00e9e sur le territoire fran\u00e7ais. Partie de z\u00e9ro, \u00ab\u00a0elle a fait de gros progr\u00e8s, f\u00e9licite la soprano. Nous travaillons sur les voyelles, sur le positionnement de la langue et de la respiration. Les fondamentaux\u00a0\u00bb. Toute la philosophie d\u2019Akademia qui trace sa route avec de nouvelles sessions programm\u00e9es \u00e0 partir de septembre. La construction lente.<\/p>\n<p>Concert gratuit, lundi 11 ao\u00fbt, 19h, Bourse du travail, 42 av. Gambetta.<\/p>\n","protected":false},"excerpt":{"rendered":"Un fascinant pont culturel entre le pays du dragon et La Seyne-sur-Mer. Pour sa premi\u00e8re session, la master&hellip;\n","protected":false},"author":2,"featured_media":310151,"comment_status":"","ping_status":"","sticky":false,"template":"","format":"standard","meta":{"footnotes":""},"categories":[9619],"tags":[1111,11,1777,674,1011,27,12,882,25,2310,3366],"class_list":{"0":"post-310150","1":"post","2":"type-post","3":"status-publish","4":"format-standard","5":"has-post-thumbnail","7":"category-toulon","8":"tag-actu","9":"tag-actualites","10":"tag-eu","11":"tag-europe","12":"tag-fr","13":"tag-france","14":"tag-news","15":"tag-provence-alpes-cote-dazur","16":"tag-republique-francaise","17":"tag-toulon","18":"tag-vie-locale"},"share_on_mastodon":{"url":"https:\/\/pubeurope.com\/@fr\/115006408166092783","error":""},"_links":{"self":[{"href":"https:\/\/www.europesays.com\/fr\/wp-json\/wp\/v2\/posts\/310150","targetHints":{"allow":["GET"]}}],"collection":[{"href":"https:\/\/www.europesays.com\/fr\/wp-json\/wp\/v2\/posts"}],"about":[{"href":"https:\/\/www.europesays.com\/fr\/wp-json\/wp\/v2\/types\/post"}],"author":[{"embeddable":true,"href":"https:\/\/www.europesays.com\/fr\/wp-json\/wp\/v2\/users\/2"}],"replies":[{"embeddable":true,"href":"https:\/\/www.europesays.com\/fr\/wp-json\/wp\/v2\/comments?post=310150"}],"version-history":[{"count":0,"href":"https:\/\/www.europesays.com\/fr\/wp-json\/wp\/v2\/posts\/310150\/revisions"}],"wp:featuredmedia":[{"embeddable":true,"href":"https:\/\/www.europesays.com\/fr\/wp-json\/wp\/v2\/media\/310151"}],"wp:attachment":[{"href":"https:\/\/www.europesays.com\/fr\/wp-json\/wp\/v2\/media?parent=310150"}],"wp:term":[{"taxonomy":"category","embeddable":true,"href":"https:\/\/www.europesays.com\/fr\/wp-json\/wp\/v2\/categories?post=310150"},{"taxonomy":"post_tag","embeddable":true,"href":"https:\/\/www.europesays.com\/fr\/wp-json\/wp\/v2\/tags?post=310150"}],"curies":[{"name":"wp","href":"https:\/\/api.w.org\/{rel}","templated":true}]}}