{"id":310152,"date":"2025-08-10T20:41:10","date_gmt":"2025-08-10T20:41:10","guid":{"rendered":"https:\/\/www.europesays.com\/fr\/310152\/"},"modified":"2025-08-10T20:41:10","modified_gmt":"2025-08-10T20:41:10","slug":"toulon-concert-gratuit-du-groupe-aioli-au-pont-du-las-lundi-11-aout","status":"publish","type":"post","link":"https:\/\/www.europesays.com\/fr\/310152\/","title":{"rendered":"TOULON : Concert gratuit du groupe A\u00efoli au Pont-du-Las, lundi 11 ao\u00fbt"},"content":{"rendered":"<p><strong>La Ville de Toulon invite les Toulonnais et les vacanciers \u00e0 un concert gratuit du groupe A\u00efoli au Pont-du-Las le lundi 11 ao\u00fbt 2025.<\/strong><\/p>\n<p>Ce moment festif et convivial se tiendra sur la Place Martin-Bidour\u00e9 \u00e0 partir de <strong>21h30<\/strong>. Le groupe A\u00efoli, un collectif varois \u00ab mondialement connu dans le Var \u00bb, proposera une soir\u00e9e exceptionnelle.<\/p>\n<p><strong>Un univers musical riche et vari\u00e9<\/strong><\/p>\n<p>Le concert promet une performance riche en \u00e9nergie, rythm\u00e9e et teint\u00e9e d\u2019un accent du Midi. Les spectateurs pourront vibrer au rythme d\u2019un univers haut en couleur o\u00f9 s\u2019entrelacent musique, humour, autod\u00e9rision et bonne humeur dans un savoureux m\u00e9lange de funk, pop, jazz et chanson fran\u00e7aise.<\/p>\n<p><strong>\u00c0 propos du groupe A\u00efoli<\/strong><\/p>\n<p>Fond\u00e9 en 1992 par Yves Pujol, le groupe A\u00efoli a su tr\u00e8s vite s\u2019imposer et trouver son public. Compos\u00e9 d\u2019excellents musiciens issus de la culture funk, pop, jazz et de la chanson fran\u00e7aise, le groupe est connu pour des chansons incontournables comme \u00ab La Mliha \u00bb, \u00ab Tina Turner \u00bb, \u00ab La Cagole \u00bb ou encore \u00ab l\u2019Arsenal \u00bb. A\u00efoli, c\u2019est avant tout un univers d\u00e9jant\u00e9 o\u00f9 l\u2019humour et la musique se m\u00e9langent en un cocktail d\u00e9tonnant, piquant, qui ravit les sens et \u00e9panouit les \u00e2mes.<\/p>\n<p>Pour comprendre le secret de la recette du Groupe A\u00efoli, ce n\u2019est pas compliqu\u00e9 : mettez dans un mortier de la bonne musique, de l\u2019humour, beaucoup d\u2019autod\u00e9rision, de la f\u00eate, rajoutez-y une pointe d\u2019accent du midi, m\u00e9langez le tout avec le pilon, faites bien monter l\u2019ambiance et \u00e7a y est, le groupe A\u00efoli est pr\u00eat, c\u2019est frais, c\u2019est bon et \u00e7a se d\u00e9guste sans mod\u00e9ration !<\/p>\n<p><strong>Informations pratiques<\/strong><\/p>\n<p>Rendez-vous le\u00a0<strong>lundi 11 ao\u00fbt 2025<\/strong>\u00a0\u00e0\u00a0<strong>21h30<\/strong>\u00a0sur la Place Martin-Bidour\u00e9 au Pont-du-Las pour un concert gratuit et ouvert \u00e0 toutes et tous.<\/p>\n<p>Pour plus d\u2019informations, consultez le site de la\u00a0<a href=\"https:\/\/www.toulon.fr\/\" target=\"_blank\" rel=\"noopener nofollow\" data-saferedirecturl=\"https:\/\/www.google.com\/url?q=https:\/\/www.toulon.fr&amp;source=gmail&amp;ust=1754910557163000&amp;usg=AOvVaw0vnFc-NaLfV7cojXV2i99G\">Ville de Toulon<\/a>.<\/p>\n","protected":false},"excerpt":{"rendered":"La Ville de Toulon invite les Toulonnais et les vacanciers \u00e0 un concert gratuit du groupe A\u00efoli au&hellip;\n","protected":false},"author":2,"featured_media":310153,"comment_status":"","ping_status":"","sticky":false,"template":"","format":"standard","meta":{"footnotes":""},"categories":[9619],"tags":[1111,11,1777,674,1011,27,12,882,25,2310],"class_list":{"0":"post-310152","1":"post","2":"type-post","3":"status-publish","4":"format-standard","5":"has-post-thumbnail","7":"category-toulon","8":"tag-actu","9":"tag-actualites","10":"tag-eu","11":"tag-europe","12":"tag-fr","13":"tag-france","14":"tag-news","15":"tag-provence-alpes-cote-dazur","16":"tag-republique-francaise","17":"tag-toulon"},"share_on_mastodon":{"url":"https:\/\/pubeurope.com\/@fr\/115006412059875676","error":""},"_links":{"self":[{"href":"https:\/\/www.europesays.com\/fr\/wp-json\/wp\/v2\/posts\/310152","targetHints":{"allow":["GET"]}}],"collection":[{"href":"https:\/\/www.europesays.com\/fr\/wp-json\/wp\/v2\/posts"}],"about":[{"href":"https:\/\/www.europesays.com\/fr\/wp-json\/wp\/v2\/types\/post"}],"author":[{"embeddable":true,"href":"https:\/\/www.europesays.com\/fr\/wp-json\/wp\/v2\/users\/2"}],"replies":[{"embeddable":true,"href":"https:\/\/www.europesays.com\/fr\/wp-json\/wp\/v2\/comments?post=310152"}],"version-history":[{"count":0,"href":"https:\/\/www.europesays.com\/fr\/wp-json\/wp\/v2\/posts\/310152\/revisions"}],"wp:featuredmedia":[{"embeddable":true,"href":"https:\/\/www.europesays.com\/fr\/wp-json\/wp\/v2\/media\/310153"}],"wp:attachment":[{"href":"https:\/\/www.europesays.com\/fr\/wp-json\/wp\/v2\/media?parent=310152"}],"wp:term":[{"taxonomy":"category","embeddable":true,"href":"https:\/\/www.europesays.com\/fr\/wp-json\/wp\/v2\/categories?post=310152"},{"taxonomy":"post_tag","embeddable":true,"href":"https:\/\/www.europesays.com\/fr\/wp-json\/wp\/v2\/tags?post=310152"}],"curies":[{"name":"wp","href":"https:\/\/api.w.org\/{rel}","templated":true}]}}