{"id":310154,"date":"2025-08-10T20:43:11","date_gmt":"2025-08-10T20:43:11","guid":{"rendered":"https:\/\/www.europesays.com\/fr\/310154\/"},"modified":"2025-08-10T20:43:11","modified_gmt":"2025-08-10T20:43:11","slug":"pourquoi-montpellier-ne-recrutera-pas-baptiste-serin","status":"publish","type":"post","link":"https:\/\/www.europesays.com\/fr\/310154\/","title":{"rendered":"Pourquoi Montpellier ne recrutera pas Baptiste Serin"},"content":{"rendered":"<p style=\"text-align: justify;\"><strong>TRANSFERTS MHR \u2013 Selon le <a href=\"https:\/\/www.rugbyrama.fr\/2025\/08\/10\/transfertstop-14-jauneau-gailleton-albornoz-menoncello-et-duguivalu-les-dossiers-chauds-de-la-rentree-12868987.php\" rel=\"nofollow noopener\" target=\"_blank\">Midi Olympique<\/a>, le Montpellier H\u00e9rault Rugby a d\u00e9cid\u00e9 de laisser tomber la piste Baptiste Serin (31 ans, Toulon), en vue d\u2019un recrutement pour la saison 2026-2027.<\/strong><\/p>\n<p style=\"text-align: justify;\">Le nom de <strong>Baptiste Serin<\/strong> a circul\u00e9 du c\u00f4t\u00e9 du <strong>Montpellier H\u00e9rault Rugby<\/strong> ces derni\u00e8res semaines. \u00c0 31 ans, le demi de m\u00eal\u00e9e international (44 s\u00e9lections) suscite l\u2019int\u00e9r\u00eat de plusieurs clubs en qu\u00eate d\u2019exp\u00e9rience et de ma\u00eetrise au poste. Selon les informations du Midi Olympique, le <strong>MHR<\/strong> s\u2019est bel et bien renseign\u00e9 sur la situation du joueur, actuellement li\u00e9 au RC Toulon. Plusieurs sources ont m\u00eame indiqu\u00e9, ces derni\u00e8res heures, que le joueur avait donn\u00e9 son accord aux Cistes.<\/p>\n<p>Montpellier renonce \u00e0 Serin<\/p>\n<p style=\"text-align: justify;\">Toutefois, selon le Midol, la piste devrait rapidement s\u2019\u00e9teindre. Si le profil de <strong>Serin<\/strong>, capable d\u2019apporter sa vista, son jeu au pied et son sens du tempo, plaisait \u00e0 une partie du staff, la direction sportive montpelli\u00e9raine semble d\u00e9sormais privil\u00e9gier un joueur plus jeune, \u00e0 m\u00eame de s\u2019inscrire dans la dur\u00e9e, et potentiellement moins co\u00fbteux en termes de masse salariale.<\/p>\n<p style=\"text-align: justify;\"><strong>Montpellier<\/strong>, qui poursuit sa reconstruction apr\u00e8s une (nouvelle) saison mouvement\u00e9e, reste donc \u00e0 l\u2019aff\u00fbt sur le march\u00e9 des demis de m\u00eal\u00e9e, mais ne devrait pas donner suite \u00e0 la piste menant \u00e0 l\u2019ancien Bordelais. De son c\u00f4t\u00e9, <strong>Serin<\/strong>, en fin de contrat en 2026, pourrait repr\u00e9senter une opportunit\u00e9 int\u00e9ressante pour d\u2019autres formations cherchant un leader d\u00e9j\u00e0 aguerri aux joutes du Top 14 et du niveau international. Il ne devrait donc pas manquer de sollicitations ces prochaines semaines. Pour rappel, le <strong>RCT<\/strong>, lui, a fait une offre cons\u00e9quente \u00e0 <strong>Baptiste Jauneau<\/strong> (ASM Clermont). Affaire \u00e0 suivre.<\/p>\n<p>\u00c0 ce sujet<br \/>\n<a href=\"https:\/\/dicodusport.fr\/blog\/transferts-mhr-2025-arrivees-departs-et-prolongations\/\" class=\"vlp-link\" title=\"Transferts MHR 2025 : Recrues, d\u00e9parts et prolongations\" rel=\"nofollow noopener\" target=\"_blank\"><img loading=\"lazy\" decoding=\"async\" style=\"max-width: 792px;\" width=\"792\" height=\"445\" class=\"attachment-800x445 size-800x445 perfmatters-lazy\" alt=\"\" src=\"https:\/\/www.europesays.com\/fr\/wp-content\/uploads\/2025\/08\/Transferts-MHR-2025-Arrivees-departs-et-prolongations.png\"  data-\/><\/p>\n<p>Transferts MHR 2025 : Recrues, d\u00e9parts et prolongations<\/p>\n<p>TRANSFERTS MHR &#8211; Arriv\u00e9es, d\u00e9parts, prolongations, rumeurs : retrouvez toutes les informations transferts du MHR pour la saison 2025-2026.<\/p>\n<p>Lire l&rsquo;article<\/p>\n<p>dicodusport.fr<\/p>\n","protected":false},"excerpt":{"rendered":"TRANSFERTS MHR \u2013 Selon le Midi Olympique, le Montpellier H\u00e9rault Rugby a d\u00e9cid\u00e9 de laisser tomber la piste&hellip;\n","protected":false},"author":2,"featured_media":310155,"comment_status":"","ping_status":"","sticky":false,"template":"","format":"standard","meta":{"footnotes":""},"categories":[9599],"tags":[1111,11,4920,2113,1777,674,1011,27,14987,2208,12,2680,25,477],"class_list":{"0":"post-310154","1":"post","2":"type-post","3":"status-publish","4":"format-standard","5":"has-post-thumbnail","7":"category-montpellier","8":"tag-actu","9":"tag-actualites","10":"tag-baptiste-serin","11":"tag-breve","12":"tag-eu","13":"tag-europe","14":"tag-fr","15":"tag-france","16":"tag-mhr","17":"tag-montpellier","18":"tag-news","19":"tag-occitanie","20":"tag-republique-francaise","21":"tag-transferts-rugby"},"share_on_mastodon":{"url":"https:\/\/pubeurope.com\/@fr\/115006420012121665","error":""},"_links":{"self":[{"href":"https:\/\/www.europesays.com\/fr\/wp-json\/wp\/v2\/posts\/310154","targetHints":{"allow":["GET"]}}],"collection":[{"href":"https:\/\/www.europesays.com\/fr\/wp-json\/wp\/v2\/posts"}],"about":[{"href":"https:\/\/www.europesays.com\/fr\/wp-json\/wp\/v2\/types\/post"}],"author":[{"embeddable":true,"href":"https:\/\/www.europesays.com\/fr\/wp-json\/wp\/v2\/users\/2"}],"replies":[{"embeddable":true,"href":"https:\/\/www.europesays.com\/fr\/wp-json\/wp\/v2\/comments?post=310154"}],"version-history":[{"count":0,"href":"https:\/\/www.europesays.com\/fr\/wp-json\/wp\/v2\/posts\/310154\/revisions"}],"wp:featuredmedia":[{"embeddable":true,"href":"https:\/\/www.europesays.com\/fr\/wp-json\/wp\/v2\/media\/310155"}],"wp:attachment":[{"href":"https:\/\/www.europesays.com\/fr\/wp-json\/wp\/v2\/media?parent=310154"}],"wp:term":[{"taxonomy":"category","embeddable":true,"href":"https:\/\/www.europesays.com\/fr\/wp-json\/wp\/v2\/categories?post=310154"},{"taxonomy":"post_tag","embeddable":true,"href":"https:\/\/www.europesays.com\/fr\/wp-json\/wp\/v2\/tags?post=310154"}],"curies":[{"name":"wp","href":"https:\/\/api.w.org\/{rel}","templated":true}]}}