{"id":310156,"date":"2025-08-10T20:48:14","date_gmt":"2025-08-10T20:48:14","guid":{"rendered":"https:\/\/www.europesays.com\/fr\/310156\/"},"modified":"2025-08-10T20:48:14","modified_gmt":"2025-08-10T20:48:14","slug":"le-fc-grenoble-frappe-fort-et-recrute-un-joueur-du-top-14-avec-effet-immediat","status":"publish","type":"post","link":"https:\/\/www.europesays.com\/fr\/310156\/","title":{"rendered":"Le FC Grenoble frappe fort et recrute un joueur du Top 14 avec effet imm\u00e9diat !"},"content":{"rendered":"<p>L\u2019information est sign\u00e9e <a href=\"https:\/\/www.rugbyrama.fr\/2025\/08\/10\/exclu-midol-transferts-le-fc-grenoble-soffre-un-perpignanais-en-pret-12868988.php\" rel=\"nofollow noopener\" target=\"_blank\">Midi Olympique<\/a> \u2013<\/p>\n<p>Apr\u00e8s plusieurs d\u00e9convenues, le FC Grenoble tient enfin le renfort tant attendu en deuxi\u00e8me ligne. Et c\u2019est un joli coup que vient de r\u00e9aliser le finaliste malheureux de Pro D2, qui a su faire preuve de pers\u00e9v\u00e9rance dans ce dossier.<\/p>\n<p>Les pistes menant au Gallois James Fender \u2014 bloqu\u00e9 par l\u2019absence de lettre de sortie de sa F\u00e9d\u00e9ration \u2014 et au Briviste Janse Roux \u2014 finalement chip\u00e9 par Lyon pour remplacer Lavanini \u2014 s\u2019\u00e9taient sold\u00e9es par des \u00e9checs.<\/p>\n<p>Mais les dirigeants is\u00e9rois n\u2019ont pas baiss\u00e9 les bras et ont trouv\u00e9 la bonne formule en relan\u00e7ant une troisi\u00e8me option.<\/p>\n<p>Celle-ci les a conduits du c\u00f4t\u00e9 de Perpignan, o\u00f9 le contact a \u00e9t\u00e9 pris en milieu de semaine, avant que l\u2019op\u00e9ration ne s\u2019acc\u00e9l\u00e8re durant le week-end.<\/p>\n<p>Selon Midi Olympique, un accord a \u00e9t\u00e9 trouv\u00e9 pour le pr\u00eat de <strong>Tristan Labouteley<\/strong> (30 ans, 2,02 m, 107 kg), apparu \u00e0 14 reprises sous les ordres de Franck Az\u00e9ma la saison pass\u00e9e, mais \u00e9cart\u00e9 des plans en fin d\u2019exercice.<\/p>\n<p>Tristan Labouteley rejoint le FCG d\u00e8s le d\u00e9but de la semaine et ne vient pas seulement pour un court passage : au-del\u00e0 de son ann\u00e9e de pr\u00eat, il a sign\u00e9 un contrat de deux saisons suppl\u00e9mentaires, le liant au club jusqu\u2019en 2028.<\/p>\n<p>Une double op\u00e9ration qui satisfait autant Grenoble que le joueur, bien d\u00e9cid\u00e9 \u00e0 relancer sa carri\u00e8re dans les Alpes.<\/p>\n","protected":false},"excerpt":{"rendered":"L\u2019information est sign\u00e9e Midi Olympique \u2013 Apr\u00e8s plusieurs d\u00e9convenues, le FC Grenoble tient enfin le renfort tant attendu&hellip;\n","protected":false},"author":2,"featured_media":273508,"comment_status":"","ping_status":"","sticky":false,"template":"","format":"standard","meta":{"footnotes":""},"categories":[9566],"tags":[1111,11,2430,1777,674,1011,27,2731,12,25],"class_list":{"0":"post-310156","1":"post","2":"type-post","3":"status-publish","4":"format-standard","5":"has-post-thumbnail","7":"category-grenoble","8":"tag-actu","9":"tag-actualites","10":"tag-auvergne-rhone-alpes","11":"tag-eu","12":"tag-europe","13":"tag-fr","14":"tag-france","15":"tag-grenoble","16":"tag-news","17":"tag-republique-francaise"},"share_on_mastodon":{"url":"https:\/\/pubeurope.com\/@fr\/115006439677446169","error":""},"_links":{"self":[{"href":"https:\/\/www.europesays.com\/fr\/wp-json\/wp\/v2\/posts\/310156","targetHints":{"allow":["GET"]}}],"collection":[{"href":"https:\/\/www.europesays.com\/fr\/wp-json\/wp\/v2\/posts"}],"about":[{"href":"https:\/\/www.europesays.com\/fr\/wp-json\/wp\/v2\/types\/post"}],"author":[{"embeddable":true,"href":"https:\/\/www.europesays.com\/fr\/wp-json\/wp\/v2\/users\/2"}],"replies":[{"embeddable":true,"href":"https:\/\/www.europesays.com\/fr\/wp-json\/wp\/v2\/comments?post=310156"}],"version-history":[{"count":0,"href":"https:\/\/www.europesays.com\/fr\/wp-json\/wp\/v2\/posts\/310156\/revisions"}],"wp:featuredmedia":[{"embeddable":true,"href":"https:\/\/www.europesays.com\/fr\/wp-json\/wp\/v2\/media\/273508"}],"wp:attachment":[{"href":"https:\/\/www.europesays.com\/fr\/wp-json\/wp\/v2\/media?parent=310156"}],"wp:term":[{"taxonomy":"category","embeddable":true,"href":"https:\/\/www.europesays.com\/fr\/wp-json\/wp\/v2\/categories?post=310156"},{"taxonomy":"post_tag","embeddable":true,"href":"https:\/\/www.europesays.com\/fr\/wp-json\/wp\/v2\/tags?post=310156"}],"curies":[{"name":"wp","href":"https:\/\/api.w.org\/{rel}","templated":true}]}}