{"id":310157,"date":"2025-08-10T20:49:39","date_gmt":"2025-08-10T20:49:39","guid":{"rendered":"https:\/\/www.europesays.com\/fr\/310157\/"},"modified":"2025-08-10T20:49:39","modified_gmt":"2025-08-10T20:49:39","slug":"spectacle-expo-balades-au-frais-nos-coups-de-coeur-ce-jeudi-7-aout-a-rennes-maville","status":"publish","type":"post","link":"https:\/\/www.europesays.com\/fr\/310157\/","title":{"rendered":"Spectacle, expo, balades au frais\u2026 Nos coups de c\u0153ur ce jeudi 7 ao\u00fbt \u00e0 Rennes &#8211; Maville"},"content":{"rendered":"<ol>\n<li><a href=\"https:\/\/news.google.com\/rss\/articles\/CBMi1wFBVV95cUxOWFFJMXljLTVRV3JJZkNqZktsNE9Ta2NUX0ZySWg0QXRVNEdlRUdQWlAwdXJ5NG1CMHh4V3lwN212bjRXTGVSMkFJRXo2dElvZFl4Yk5Uc3N6UmVFb2Y2TjNra0IwMEJBTzAtT24zR1NPUTUyS0x5MTZseTc5WGNUREl3QjgzVlUxZEZwem9LS0x4Rldvc0I0cWtFZTdHTHdDMG9UVEJRN0pnTWlHVUpnSXlCVnJNMDFDRnUtNjVqVzc2OFpJVTd2UWdxOVJsV3dQR0U2dFR5bw?oc=5\" target=\"_blank\" rel=\"noopener\">Spectacle, expo, balades au frais\u2026 Nos coups de c\u0153ur ce jeudi 7 ao\u00fbt \u00e0 Rennes<\/a>&nbsp;&nbsp;Maville<\/li>\n<li><a href=\"https:\/\/news.google.com\/rss\/articles\/CBMixAFBVV95cUxQV3ZwTl8zME1CeFJpdk9yU3gtTkYzWjJTMXhXOGNSa2F2dkhRVXpnYU5FZW4wWllCcFhCMHFuRGlxcXRrRkN5VTlMdlZTa3BJbGRhNXN0OVdSdEN3X3liTmluSE9zWWdqQ2xBSUhhYmNreHFKNlRRUU4zNWVTbEs2Q3IwUHBvWndNWmE2bGZtUzMyb3prbmJySVJ4M1BvSktlM3VRSjd2T0FkdWRrN0RnU0x5VmY4eW5zNDhXcDV3eDFlRU5X?oc=5\" target=\"_blank\" rel=\"noopener\">Que faire \u00e0 Rennes ce week-end du 09 ao\u00fbt au 10 ao\u00fbt 2025 ?<\/a>&nbsp;&nbsp;Le T\u00e9l\u00e9gramme<\/li>\n<li><a href=\"https:\/\/news.google.com\/rss\/articles\/CBMi1AFBVV95cUxPY1hMZlV2eVBIM1hJbGRXSVZJQkJYd05JU2s5T3pVb29nUzdrOVpWSjFhdE9ZdWpfcjVxZ1NtWDVQeU03REhDUHRwa1hWM09TckRFRUg2RmxSUFVyQS1UOHVEbHdOcHk4ZE1RSzlPNHpCVFZVZV9qSE5WQWs2WTBJR2k3VU84RW91R3VkR0tZZFRPZkF2Mmh0bzdxWUVhUlpMVS0ydUo1RjJNckJLTzlxVDByYVdfZzk4eDBFNFZuLTJFOXI5M3I2SE1nd05DeXZTWld0bw?oc=5\" target=\"_blank\" rel=\"noopener\">Concert, spectacle, balades\u2026 Nos coups de c\u0153ur ce vendredi 8 ao\u00fbt \u00e0 Rennes<\/a>&nbsp;&nbsp;MaVille.com &#8211; Rennes<\/li>\n<li><a href=\"https:\/\/news.google.com\/rss\/articles\/CBMi6gFBVV95cUxNNXdpYVhSR3RaQ2JMRkdRYlJuNTRrMEJFRV9GMDIxeVh5Z0QzdVhQY0JRSjdoN0hPdmdHeTl1TWFRQ2lFeER5SFJKbjRIOUxJQnRCX0lHRmZVaEphTXlNTlFQb1NJWTBjR21lbHBlU0x4YWszN3RTcEJBcF90VWhYQlZPZUtxbTJpZFlVUlFHZHdNN0E3TFJpa0FOb252TEFRa0RaSGNDNEswak9NUkNGbVV3YlQ5azV2eDk0aHNpNmV6b3RQUUw4elUxWWpyT2hQVUptRkg1cV9DZVN4WHY5bGdOR2l1Vm55Mmc?oc=5\" target=\"_blank\" rel=\"noopener\">Ateliers cr\u00e9atifs, brocante, concerts\u2026 Profitez du beau temps \u00e0 Rennes ce week-end : voici 10 id\u00e9es sorties<\/a>&nbsp;&nbsp;Actu.fr<\/li>\n<li><a href=\"https:\/\/news.google.com\/rss\/articles\/CBMi7gFBVV95cUxOcFRFUWI5ZUozdVdoWjRPczdRemR2STZYbzQyU3Q4WWtPQUV0bl9mY3Q5dG5MVUp2bkxsNjc3aW9wSWI5aHVOVnJqSmlxVWNkVmZfck1COUNjcXIzclhLczY3VEh6REFyMUdNWnUwbTJxOVBEZUlCMUlxYmVHTzNVOUEyN205bktrTmxqZmZiZjRreUZ0YUJEeFNQUVE5ckNKRGZXSkFwZ0hzYW9mYkpIWDUzOE4ybGxJbUw2Q3FBY09BWDM2dnRBLVFfUC1BSk9wRjlYTmpTRHVnQWVPNnJoUDZ3anhHS2tSUXNSMVJR?oc=5\" target=\"_blank\" rel=\"noopener\">Spectacle, balades\u2026 Nos coups de c\u0153ur ce vendredi 8 ao\u00fbt \u00e0 Rennes<\/a>&nbsp;&nbsp;Ouest-France<\/li>\n<\/ol>\n","protected":false},"excerpt":{"rendered":"Spectacle, expo, balades au frais\u2026 Nos coups de c\u0153ur ce jeudi 7 ao\u00fbt \u00e0 Rennes&nbsp;&nbsp;Maville Que faire \u00e0&hellip;\n","protected":false},"author":2,"featured_media":303988,"comment_status":"","ping_status":"","sticky":false,"template":"","format":"standard","meta":{"footnotes":""},"categories":[2821],"tags":[3691,1111,11,2863,15570,829,854,1777,674,12176,1011,18943,27,9272,12,3086,584,25,3140,11489],"class_list":{"0":"post-310157","1":"post","2":"type-post","3":"status-publish","4":"format-standard","5":"has-post-thumbnail","7":"category-rennes","8":"tag-3691","9":"tag-actu","10":"tag-actualites","11":"tag-aout","12":"tag-balades","13":"tag-bretagne","14":"tag-coups","15":"tag-eu","16":"tag-europe","17":"tag-expo","18":"tag-fr","19":"tag-frais","20":"tag-france","21":"tag-jeudi","22":"tag-news","23":"tag-redon","24":"tag-rennes","25":"tag-republique-francaise","26":"tag-spectacle","27":"tag-ur"},"share_on_mastodon":{"url":"https:\/\/pubeurope.com\/@fr\/115006443605050733","error":""},"_links":{"self":[{"href":"https:\/\/www.europesays.com\/fr\/wp-json\/wp\/v2\/posts\/310157","targetHints":{"allow":["GET"]}}],"collection":[{"href":"https:\/\/www.europesays.com\/fr\/wp-json\/wp\/v2\/posts"}],"about":[{"href":"https:\/\/www.europesays.com\/fr\/wp-json\/wp\/v2\/types\/post"}],"author":[{"embeddable":true,"href":"https:\/\/www.europesays.com\/fr\/wp-json\/wp\/v2\/users\/2"}],"replies":[{"embeddable":true,"href":"https:\/\/www.europesays.com\/fr\/wp-json\/wp\/v2\/comments?post=310157"}],"version-history":[{"count":0,"href":"https:\/\/www.europesays.com\/fr\/wp-json\/wp\/v2\/posts\/310157\/revisions"}],"wp:featuredmedia":[{"embeddable":true,"href":"https:\/\/www.europesays.com\/fr\/wp-json\/wp\/v2\/media\/303988"}],"wp:attachment":[{"href":"https:\/\/www.europesays.com\/fr\/wp-json\/wp\/v2\/media?parent=310157"}],"wp:term":[{"taxonomy":"category","embeddable":true,"href":"https:\/\/www.europesays.com\/fr\/wp-json\/wp\/v2\/categories?post=310157"},{"taxonomy":"post_tag","embeddable":true,"href":"https:\/\/www.europesays.com\/fr\/wp-json\/wp\/v2\/tags?post=310157"}],"curies":[{"name":"wp","href":"https:\/\/api.w.org\/{rel}","templated":true}]}}