{"id":310158,"date":"2025-08-10T20:50:11","date_gmt":"2025-08-10T20:50:11","guid":{"rendered":"https:\/\/www.europesays.com\/fr\/310158\/"},"modified":"2025-08-10T20:50:11","modified_gmt":"2025-08-10T20:50:11","slug":"rennes-le-chateau-etre-un-spectateur-de-limage-et-de-la-musique-qui-laccompagne","status":"publish","type":"post","link":"https:\/\/www.europesays.com\/fr\/310158\/","title":{"rendered":"Rennes-le-Ch\u00e2teau : \u00ab\u00a0\u00catre un spectateur de l\u2019image et de la musique qui l\u2019accompagne\u00a0\u00bb"},"content":{"rendered":"<p>\n                                                                Rencontre avec Sma\u00efn qui participe en tant que pr\u00e9sident du jury au 11e Festival international du film insolite de la commune.\n                            <\/p>\n<p class=\"txt-question\"><b>Aviez-vous d\u00e9j\u00e0 particip\u00e9 au Festival du film insolite ?<\/b><\/p>\n<p>Oui et je suis tr\u00e8s heureux de revenir \u00e0 Rennes-le-Ch\u00e2teau, ce sont de belles retrouvailles. Je suis conquis cette ann\u00e9e par le th\u00e8me : le min\u00e9ral. Ce festival est bien diff\u00e9rent des autres, cette r\u00e9gion qui ressemble \u00e0 un immense ch\u00e2teau et ses longs couloirs de myst\u00e8res nous am\u00e8nent tout naturellement vers ce Festival international des films insolites (Fifi).<\/p>\n<p class=\"txt-question\"><b>Vous serez le pr\u00e9sident du jury des compositeurs de musique film du 11e Fifi, cela vous rend-il heureux ?<\/b><\/p>\n<p>J\u2019ai toujours aim\u00e9 la musique. Je ne suis pas musicien moi-m\u00eame, mais je consid\u00e8re que la corde vocale est un instrument. Il est vrai que je suis acteur et humoriste, mais j\u2019ai toujours eu une attirance pour cette forme d\u2019expression, j\u2019ai d\u2019ailleurs, plus jeune, fait partie d\u2019une chorale (Les petits chanteurs de la Renaissance) o\u00f9 nous chantions toutes sortes de compositions. Voil\u00e0 quelques ann\u00e9es, j\u2019ai \u00e9crit avec Michel Legrand 12 chansons que j\u2019interpr\u00e8te lors de spectacles \u00e0 travers toute la France, accompagn\u00e9 par Jean-Fran\u00e7ois Durez au piano. Je serai pr\u00e9sent \u00e9galement au festival pour mettre \u00e0 disposition du public deux livres de contes Ali Baba et Rayane et le maestro, je suis l\u2019auteur du livret et le conteur.<\/p>\n<p class=\"txt-question\"><b>Qu\u2019esp\u00e9rez-vous en tant que pr\u00e9sident de ce jury ?<\/b><\/p>\n<p>Visionner des bons films et me laisser emporter par mon \u00e9motion. La musique accompagne les images. En tant que pr\u00e9sident, je souhaite avant tout \u00eatre un spectateur de l\u2019image et de la musique qui l\u2019accompagne.<\/p>\n<p class=\"txt-question\"><b>La programmation du lundi 11 ao\u00fbt vous est consacr\u00e9e\u2026<\/b><\/p>\n<p>Je dirigerai en effet tout au long du festival la d\u00e9lib\u00e9ration du public jeune. Ce lundi, j\u2019animerai dans un lieu que je trouve historiquement fascinant (le ch\u00e2teau des Ducs de Joyeuse) Couiza, une masterclass (\u00e0 11 h 30). Je pr\u00e9senterai le court m\u00e9trage de Rost Tu iras au paradis dont le sc\u00e9nario m\u2019a conquis imm\u00e9diatement.<\/p>\n","protected":false},"excerpt":{"rendered":"Rencontre avec Sma\u00efn qui participe en tant que pr\u00e9sident du jury au 11e Festival international du film insolite&hellip;\n","protected":false},"author":2,"featured_media":310159,"comment_status":"","ping_status":"","sticky":false,"template":"","format":"standard","meta":{"footnotes":""},"categories":[2821],"tags":[1111,11,829,1777,674,1011,27,12,584,25],"class_list":{"0":"post-310158","1":"post","2":"type-post","3":"status-publish","4":"format-standard","5":"has-post-thumbnail","7":"category-rennes","8":"tag-actu","9":"tag-actualites","10":"tag-bretagne","11":"tag-eu","12":"tag-europe","13":"tag-fr","14":"tag-france","15":"tag-news","16":"tag-rennes","17":"tag-republique-francaise"},"share_on_mastodon":{"url":"https:\/\/pubeurope.com\/@fr\/115006447820188859","error":""},"_links":{"self":[{"href":"https:\/\/www.europesays.com\/fr\/wp-json\/wp\/v2\/posts\/310158","targetHints":{"allow":["GET"]}}],"collection":[{"href":"https:\/\/www.europesays.com\/fr\/wp-json\/wp\/v2\/posts"}],"about":[{"href":"https:\/\/www.europesays.com\/fr\/wp-json\/wp\/v2\/types\/post"}],"author":[{"embeddable":true,"href":"https:\/\/www.europesays.com\/fr\/wp-json\/wp\/v2\/users\/2"}],"replies":[{"embeddable":true,"href":"https:\/\/www.europesays.com\/fr\/wp-json\/wp\/v2\/comments?post=310158"}],"version-history":[{"count":0,"href":"https:\/\/www.europesays.com\/fr\/wp-json\/wp\/v2\/posts\/310158\/revisions"}],"wp:featuredmedia":[{"embeddable":true,"href":"https:\/\/www.europesays.com\/fr\/wp-json\/wp\/v2\/media\/310159"}],"wp:attachment":[{"href":"https:\/\/www.europesays.com\/fr\/wp-json\/wp\/v2\/media?parent=310158"}],"wp:term":[{"taxonomy":"category","embeddable":true,"href":"https:\/\/www.europesays.com\/fr\/wp-json\/wp\/v2\/categories?post=310158"},{"taxonomy":"post_tag","embeddable":true,"href":"https:\/\/www.europesays.com\/fr\/wp-json\/wp\/v2\/tags?post=310158"}],"curies":[{"name":"wp","href":"https:\/\/api.w.org\/{rel}","templated":true}]}}