{"id":310160,"date":"2025-08-10T20:51:32","date_gmt":"2025-08-10T20:51:32","guid":{"rendered":"https:\/\/www.europesays.com\/fr\/310160\/"},"modified":"2025-08-10T20:51:32","modified_gmt":"2025-08-10T20:51:32","slug":"au-camp-heyritz-les-sans-abris-vivent-au-rythme-des-intemperies","status":"publish","type":"post","link":"https:\/\/www.europesays.com\/fr\/310160\/","title":{"rendered":"au camp Heyritz , les sans-abris vivent au rythme des intemp\u00e9ries"},"content":{"rendered":"<p><b>Install\u00e9es depuis plusieurs mois dans le parc du Heyritz, plus d\u2019une centaine de personnes vivent et dorment \u00e0 l\u2019abri des arbres. Afghans, G\u00e9orgiens, Irakiens, plusieurs communaut\u00e9s cohabitent. Mais les intemp\u00e9ries de ce mois d\u2019ao\u00fbt fragilisent les corps et les esprits. Sur place, maintenant que l\u2019orage et la gr\u00eale sont pass\u00e9s, les occupants sont \u00e9puis\u00e9s.<\/b><\/p>\n<p>\u00ab On pense toujours que c\u2019est pire pendant l\u2019hiver, que c\u2019est plus compliqu\u00e9. Mais cette ann\u00e9e, c\u2019est assez particulier avec toutes ces intemp\u00e9ries. <b>Franchement, je crois que la pluie, \u00e7a rend encore plus dingue que le froid.<\/b> \u00bb Ce jeudi matin du d\u00e9but du mois d\u2019ao\u00fbt, <b>Sabine, de l\u2019association les Petites Roues, est pr\u00e9occup\u00e9e.<\/b><\/p>\n<p>Le 1er ao\u00fbt dernier, jour le plus pluvieux de l\u2019ann\u00e9e 2025, <b>des pluies diluviennes et de gr\u00ealons se sont abattues sur la ville de Strasbourg. <\/b>Sur le camp du Heyritz, chacun(e) a tent\u00e9 de se prot\u00e9ger comme il pouvait. Mais les trombes d\u2019eau qui se sont \u00e9coul\u00e9es n\u2019ont rien \u00e9pargn\u00e9.<b> La pluie inonde tout sur son passage et il devient vite impossible de se s\u00e9cher.<\/b> Rendant les conditions de vie encore plus difficiles \u00e0 supporter. \u00ab L\u00e0 c\u2019est surtout sur le moral que \u00e7a joue. <b>Je sens que les personnes sont vraiment \u00e0 bout.<\/b> \u00bb s\u2019inqui\u00e8te Sabine.<\/p>\n<p>    <img width=\"800\" height=\"566\" src=\"https:\/\/www.europesays.com\/fr\/wp-content\/uploads\/2025\/08\/design-sans-titre-12-800x566.png\" class=\"attachment-image-size-L size-image-size-L\" alt=\"Camp du Heyritz migrants sdf\" decoding=\"async\" loading=\"lazy\"  \/>         \u00a9 Caroline Alonso Alvarez \/ Pokaa <\/p>\n<p>Maintenant que l\u2019orage est pass\u00e9, les occupant(e)s sont \u00e9puis\u00e9(e)s. <b>186 personnes, des familles pour la plupart<\/b>, dorment actuellement dans des tentes plant\u00e9es sous les arbres ou \u00e0 la lisi\u00e8re des jardins familiaux. Parmi eux, se trouve <b>une soixantaine d\u2019enfants, plusieurs femmes enceintes, <\/b>des personnes \u00e2g\u00e9es, des personnes souffrant de graves probl\u00e8mes de sant\u00e9 et<b> m\u00eame des personnes en fauteuil roulant.\u00a0<\/b><\/p>\n<p>Un bon nombre d\u2019entre eux sont arriv\u00e9s <b>il y a pr\u00e8s de cinq mois, suite au d\u00e9mant\u00e8lement du camp de la Montagne Verte<\/b> qui a eu lieu en f\u00e9vrier dernier. \u00c0 l\u2019\u00e9poque, les occupant(e)s ne disposant pas d\u2019un titre de s\u00e9jour n\u2019avaient pas pu \u00eatre log\u00e9s dans des gymnases de la ville. Beaucoup se sont alors d\u00e9plac\u00e9s vers le parc du Heyritz. Sur une quarantaine de familles recens\u00e9es, <b>l\u2019\u00e9crasante majorit\u00e9 dispose d\u2019un statut de r\u00e9fugi\u00e9. <\/b>Pourtant, aucune d\u2019entre elles ne parvient \u00e0 se loger.<\/p>\n<p><a href=\"https:\/\/strasbourg.tribunal-administratif.fr\/decisions-de-justice\/dernieres-decisions\/communique-de-presse-du-25-juillet-2025-parc-du-heyritz-le-tribunal-administratif-autorise-l-evacuation\" target=\"_blank\" rel=\"noopener\"><b>Le 25 juillet dernier, le tribunal administratif de Strasbourg a autoris\u00e9 la Ville \u00e0 faire \u00e9vacuer le campement.<\/b><\/a> Mais en pleine p\u00e9riode de vacances d\u2019\u00e9t\u00e9, l\u2019expulsion semble avoir \u00e9t\u00e9 retard\u00e9e. Sur place, <b>l\u2019attente et l\u2019incertitude torturent les esprits.<\/b><\/p>\n<p>                <img width=\"375\" height=\"500\" src=\"https:\/\/www.europesays.com\/fr\/wp-content\/uploads\/2025\/08\/img-0199-large-375x500.jpeg\" class=\"attachment-gallery size-gallery\" alt=\"Camp du Heyritz migrants sdf\" data-full-url=\"https:\/\/pokaa.fr\/wp-content\/uploads\/2025\/08\/08\/img-0199-large.jpeg\" decoding=\"async\" loading=\"lazy\"  \/>            <\/p>\n<p>                <img width=\"707\" height=\"500\" src=\"https:\/\/www.europesays.com\/fr\/wp-content\/uploads\/2025\/08\/design-sans-titre-11-707x500.png\" class=\"attachment-gallery size-gallery\" alt=\"Camp du Heyritz migrants sdf\" data-full-url=\"https:\/\/pokaa.fr\/wp-content\/uploads\/2025\/08\/08\/design-sans-titre-11-1500x1061.png\" decoding=\"async\" loading=\"lazy\"  \/>            <\/p>\n<p>                    \u00a9 Caroline Alonso Alvarez \/ Pokaa<\/p>\n<p>Des pathologies chroniques \u00e0 soigner sous tente<\/p>\n<p>Si le soleil est revenu, sur place, tout le monde tousse. Impossible de ne pas tomber malade apr\u00e8s avoir \u00e9t\u00e9 d\u00e9tremp\u00e9 pendant plusieurs jours. Mais m\u00eame si chacun(e) est impact\u00e9(e), <b>l\u2019entraide s\u2019organise pour soutenir les plus fragiles. <\/b>\u00c0 peine arriv\u00e9s sur le camp, une femme d\u2019une quarantaine d\u2019ann\u00e9es vient nous saluer. <b>Maia, c\u2019est un peu l\u2019infirmi\u00e8re de tous les G\u00e9orgiens du campement. <\/b>Gr\u00e2ce \u00e0 ses maigres connaissances en langue fran\u00e7aise, elle consacre son temps \u00e0 d\u00e9chiffrer des documents m\u00e9dicaux. Ici, <b>elle conna\u00eet l\u2019\u00e9tat de sant\u00e9 de toutes celles et ceux <\/b>avec lesquels\/lles elle parvient \u00e0 communiquer.<\/p>\n<p>Install\u00e9e tout pr\u00e8s d\u2019elle sur un banc de l\u2019all\u00e9e, <b>Maia tient \u00e0 nous faire rencontrer Iamze<\/b>. Avec sa longue chevelure grise et blanche et son t-shirt Grand Est, elle fait partie des doyennes du camp. <b>\u00c0 70 ans, Iamze se retrouve seule et son c\u0153ur bat gr\u00e2ce \u00e0 un pacemaker<\/b> : \u00ab Toute ma famille est en G\u00e9orgie, je n\u2019ai personne ici. \u00bb Parfois log\u00e9e par le 115, elle est souvent contrainte de retourner dormir sous sa tente, faute de place. \u00ab Elle n\u2019a pas de maison, il n\u2019y a pas de place,<b> c\u2019est beaucoup de stress pour elle, c\u2019est difficile<\/b>. \u00bb explique Maia. <\/p>\n<p>                <img width=\"667\" height=\"500\" src=\"https:\/\/www.europesays.com\/fr\/wp-content\/uploads\/2025\/08\/img-0190-large-667x500.jpeg\" class=\"attachment-gallery size-gallery\" alt=\"Camp du Heyritz migrants sdf\" data-full-url=\"https:\/\/pokaa.fr\/wp-content\/uploads\/2025\/08\/08\/img-0190-large.jpeg\" decoding=\"async\" loading=\"lazy\"  \/>            <\/p>\n<p>                    \u00a9 Caroline Alonso Alvarez \/ Pokaa<\/p>\n<p>Un peu plus loin sur le chemin, c\u2019est <b>Vladimir<\/b>, qui nous tend ses papiers. <b>H\u00e9patite, cirrhose du foie, <\/b>l\u2019ordonnance de m\u00e9decin indique qu\u2019il doit recevoir une injection par jour. Maia nous explique qu\u2019il ne sait pas comment proc\u00e9der. Pour sa sant\u00e9, Vladimir doit subir une gastroscopie. <b>Mais o\u00f9 dormir apr\u00e8s l\u2019op\u00e9ration ? <\/b>Aucun personnel de sant\u00e9 ne peut envisager qu\u2019un(e) patient(e) retourne dormir sous une tente en plein <b>post-op\u00e9ratoire.<\/b><\/p>\n<p>Puis c\u2019est au tour <b>d\u2019Imeda, habill\u00e9 avec un t-shirt du Racing Club de Strasbourg<\/b>, de rejoindre le petit groupe, qui se forme peu \u00e0 peu au fil des consultations improvis\u00e9s de Maia. Lui aussi cumule plusieurs pathologies et <b>est actuellement sous dialyse. Phridoni<\/b> quant \u00e0 lui, fait partie des quelques personnes en situation de handicap qui vivent sur le camp. <b>Plut\u00f4t \u00e2g\u00e9, en fauteuil roulant et avec une incapacit\u00e9 reconnue \u00e0 85%, <\/b>il est jug\u00e9 comme prioritaire par les services du 115. Pourtant, le syst\u00e8me de rotation le contraint \u00e0 alterner entre l\u2019h\u00f4tel et la tente. \u00ab Je dois quitter l\u2019h\u00f4tel ce dimanche. <b>Je vais devoir rester dehors pendant une semaine <\/b>avant d\u2019avoir \u00e0 nouveau une place. \u00bb indique-t-il. <\/p>\n<p>Sabine soupire. \u00ab \u00c7a cr\u00e9e \u00e9norm\u00e9ment d\u2019anxi\u00e9t\u00e9 parce que la place est donn\u00e9e pour seulement cinq ou dix jours. Parfois m\u00eame une seule nuit. <b>Psychologiquement, les gens ne peuvent jamais se poser.<\/b> \u00bb Log\u00e9 au centre social Fritz Kiener, Phridoni a d\u00fb d\u00e9couper une partie de son fauteuil pour parvenir \u00e0 entrer dans la chambre qui lui a \u00e9t\u00e9 attribu\u00e9e.<\/p>\n<p>Fin des consultations pour Maia, qui, comme souvent reste impuissante : \u00ab C\u2019est difficile pour eux. <b>Moi, je suis en bonne sant\u00e9, mais je suis triste pour ces personnes.<\/b><b>\u00a0\u00bb <\/b>Si son fils vient d\u2019obtenir son titre de s\u00e9jour, elle, attend toujours. Quand la gr\u00eale s\u2019est mise \u00e0 tomber sur les abris, Maia a couru se<b> r\u00e9fugier dans les cabines WC en plastique <\/b>install\u00e9es par la municipalit\u00e9. <\/p>\n<p>                <img width=\"667\" height=\"500\" src=\"https:\/\/www.europesays.com\/fr\/wp-content\/uploads\/2025\/08\/img-0216-large-667x500.jpeg\" class=\"attachment-gallery size-gallery\" alt=\"Camp du Heyritz migrants sdf\" data-full-url=\"https:\/\/pokaa.fr\/wp-content\/uploads\/2025\/08\/08\/img-0216-large.jpeg\" decoding=\"async\" loading=\"lazy\"  \/>            <\/p>\n<p>                <img width=\"667\" height=\"500\" src=\"https:\/\/www.europesays.com\/fr\/wp-content\/uploads\/2025\/08\/img-0197-large-667x500.jpeg\" class=\"attachment-gallery size-gallery\" alt=\"Camp du Heyritz migrants sdf wc toilettes\" data-full-url=\"https:\/\/pokaa.fr\/wp-content\/uploads\/2025\/08\/08\/img-0197-large.jpeg\" decoding=\"async\" loading=\"lazy\"  \/>            <\/p>\n<p>                    \u00a9 Caroline Alonso Alvarez \/ Pokaa<\/p>\n<p>\u00ab Il faut que je reste forte, parce que c\u2019est moi qui g\u00e8re tout \u00bb <\/p>\n<p>Natia, de son c\u00f4t\u00e9, a eu trop peur de sortir de sa tente. <b>Elle explique que les abris ont trembl\u00e9 et qu\u2019absolument tout a \u00e9t\u00e9 mouill\u00e9.<\/b> \u00ab Un cauchemar \u00bb raconte-t-elle. En France depuis maintenant huit ans, la m\u00e8re de famille \u00e9tait encore r\u00e9cemment log\u00e9e par une association dans la ville de S\u00e9lestat. Jusqu\u2019\u00e0 ce qu\u2019elle et ses deux enfants soient contraints de quitter leur appartement. Voil\u00e0 maintenant un mois et demi, que <b>Natia et son fils de 16 ans Michael, dorment dans le parc.\u00a0<\/b><\/p>\n<p>Tout le long de notre \u00e9change, c\u2019est sa fille <b>Anna, tout juste 18 ans<\/b>, qui fait office de traductrice. Elle a obtenu son titre de s\u00e9jour au moment de sa majorit\u00e9, mais sa m\u00e8re et son petit fr\u00e8re, eux, attendent toujours. Elle explique \u00eatre h\u00e9berg\u00e9e chez un ami, mais elle est tr\u00e8s inqui\u00e8te pour eux : \u00ab Elle est aussi malade depuis la pluie. Elle a mal un peu partout, au dos, etc. <b>Mon fr\u00e8re mentalement, il ne va pas tr\u00e8s bien. Avant, il n\u2019\u00e9tait pas comme \u00e7a, je le vois<\/b>. Il a l\u2019air trop triste, ma m\u00e8re aussi l\u2019a remarqu\u00e9, \u00e7a la stresse beaucoup.\u00a0\u00bb<\/p>\n<p>                <img width=\"667\" height=\"500\" src=\"https:\/\/www.europesays.com\/fr\/wp-content\/uploads\/2025\/08\/img-0194-large-667x500.jpeg\" class=\"attachment-gallery size-gallery\" alt=\"Camp du Heyritz migrants sdf\" data-full-url=\"https:\/\/pokaa.fr\/wp-content\/uploads\/2025\/08\/08\/img-0194-large.jpeg\" decoding=\"async\" loading=\"lazy\"  \/>            <\/p>\n<p>                <img width=\"667\" height=\"500\" src=\"https:\/\/www.europesays.com\/fr\/wp-content\/uploads\/2025\/08\/img-0213-large-667x500.jpeg\" class=\"attachment-gallery size-gallery\" alt=\"Camp du Heyritz migrants sdf\" data-full-url=\"https:\/\/pokaa.fr\/wp-content\/uploads\/2025\/08\/08\/img-0213-large.jpeg\" decoding=\"async\" loading=\"lazy\"  \/>            <\/p>\n<p>                    \u00a9 Caroline Alonso Alvarez \/ Pokaa<\/p>\n<p>Tout comme Anna, <b>Basira <\/b>porte sur ses \u00e9paules la charge mentale de toute la famille. Ma\u00eetrisant souvent mieux le fran\u00e7ais que leurs parents, <b>il n\u2019est pas rare qu\u2019un des enfants endosse le r\u00f4le d\u2019interm\u00e9diaire et d\u2019assistant social de la famille. <\/b>C\u2019est d\u2019ailleurs elle qui nous interpelle, un piquet dans la main, pendant que ses parents s\u2019affairent \u00e0 d\u00e9placer leur tente. Originaires d\u2019Afghanistan,<b> les cinq membres de la famille ont obtenu le statut de r\u00e9fugi\u00e9. <\/b>L\u00e0-bas, Basgul \u00e9tait couturi\u00e8re et son mari Noorullah tenait un magasin. En France depuis maintenant trois ans, ils dorment dehors tous les cinq depuis plus d\u2019un mois. <b>Leur fille a\u00een\u00e9e travaille<\/b> tous les jours dans un restaurant de sushis et le plus petit de la fratrie est <b>malade et hospitalis\u00e9 depuis peu.<\/b><\/p>\n<p>\u00ab Il faut que je reste forte, je n\u2019ai pas le choix. Il n\u2019y a que moi qui parle fran\u00e7ais. Donc tout ce qui concerne les documents, c\u2019est moi qui fait.<b> Il n\u2019y a que moi qui g\u00e8re l\u2019h\u00f4pital, le lyc\u00e9e, le coll\u00e8ge.<\/b> Je cherche aussi un travail pour mon p\u00e8re, mais comme il ne parle pas bien fran\u00e7ais, c\u2019est compliqu\u00e9. \u00bb d\u00e9taille Basira. \u00c0 17 ans, elle doit normalement faire sa rentr\u00e9e en Premi\u00e8re au lyc\u00e9e. Mais le seul lyc\u00e9e qu\u2019elle a trouv\u00e9 est \u00e0 1h30 de Strasbourg. <b>L\u2019ann\u00e9e derni\u00e8re, d\u00e9j\u00e0, ses professeurs lui reprochaient ses absences<\/b> : \u00ab J\u2019avais tout \u00e7a \u00e0 c\u00f4t\u00e9 \u00e0 g\u00e9rer, j\u2019accompagnais pour tous les rendez-vous m\u00e9dicaux et du coup, je loupais les cours. J\u2019esp\u00e8re que \u00e7a ira mieux cette ann\u00e9e. \u00bb<\/p>\n<p>                <img width=\"667\" height=\"500\" src=\"https:\/\/www.europesays.com\/fr\/wp-content\/uploads\/2025\/08\/img-0221-large-667x500.jpeg\" class=\"attachment-gallery size-gallery\" alt=\"Camp du Heyritz migrants sdf\" data-full-url=\"https:\/\/pokaa.fr\/wp-content\/uploads\/2025\/08\/08\/img-0221-large.jpeg\" decoding=\"async\" loading=\"lazy\"  \/>            <\/p>\n<p>                <img width=\"375\" height=\"500\" src=\"https:\/\/www.europesays.com\/fr\/wp-content\/uploads\/2025\/08\/img-0218-large-375x500.jpeg\" class=\"attachment-gallery size-gallery\" alt=\"Camp du Heyritz migrants sdf\" data-full-url=\"https:\/\/pokaa.fr\/wp-content\/uploads\/2025\/08\/08\/img-0218-large.jpeg\" decoding=\"async\" loading=\"lazy\"  \/>            <\/p>\n<p>                    Apr\u00e8s avoir \u00e9lagu\u00e9 quelque arbres pour la s\u00e9curit\u00e9 des occupants, la Ville install\u00e9 un p\u00e9rim\u00e8tre de s\u00e9curit\u00e9 dans les zones les plus risqu\u00e9es. \u00a9 Caroline Alonso Alvarez \/ Pokaa<\/p>\n<p>Un exil sans fin<\/p>\n<p>Install\u00e9s de l\u2019autre c\u00f4t\u00e9 du campement, Adil et sa fille Huda s\u2019inqui\u00e8tent du futur d\u00e9mant\u00e8lement du camp. <b>Faut-il rester et risquer de se faire expulser ? Ou bien encore une fois tout remballer et fuir ?<\/b> La famille irakienne conna\u00eet bien les proc\u00e9dures habituellement appliqu\u00e9es. Cela fait maintenant <b>pr\u00e8s de huit ans qu\u2019ils ont \u00e9t\u00e9 contraints de quitter leur terre natale. <\/b>Dans un Anglais parfait, Huda se souvient : \u00ab J\u2019avais 13 ans quand j\u2019ai quitt\u00e9 mon pays, et l\u00e0, j\u2019en ai 21. \u00bb<\/p>\n<p>Sameera, son mari Adil et leurs quatre enfants ont <b>d\u2019abord fait route vers la Gr\u00e8ce. <\/b>Mais deux ans plus tard, alors qu\u2019ils risquent d\u2019\u00eatre expuls\u00e9s vers l\u2019Irak, il faut partir. <b>Direction la Bosnie, o\u00f9 ils resteront neuf mois dans un camp. <\/b>Mais une nouvelle fois, leur \u00e9tablissement dans le pays est menac\u00e9. Adil et Sameera prennent alors la d\u00e9cision de continuer d\u2019avancer. Faute de moyens financiers, <b>le trajet se fera \u00e0 pied. <\/b>Les six membres de la famille entament alors une longue travers\u00e9e de trois pays. D\u2019abord <b>la Croatie, puis la Slov\u00e9nie, l\u2019Autriche et enfin l\u2019Allemagne.<\/b> \u00ab \u00c7a nous a pris un certain temps. \u00bb ironise Huda, un sourire en coin. Apr\u00e8s \u00eatre rest\u00e9s trois ans en Allemagne, les expulsions massives et le durcissement en mati\u00e8re de politique migratoire ont une nouvelle fois, pouss\u00e9 la famille \u00e0 se d\u00e9placer. <\/p>\n<p>                <img width=\"667\" height=\"500\" src=\"https:\/\/www.europesays.com\/fr\/wp-content\/uploads\/2025\/08\/img-0235-large-667x500.jpeg\" class=\"attachment-gallery size-gallery\" alt=\"Camp du Heyritz migrants sdf\" data-full-url=\"https:\/\/pokaa.fr\/wp-content\/uploads\/2025\/08\/08\/img-0235-large.jpeg\" decoding=\"async\" loading=\"lazy\"  \/>            <\/p>\n<p>                <img width=\"375\" height=\"500\" src=\"https:\/\/www.europesays.com\/fr\/wp-content\/uploads\/2025\/08\/img-0224-large-375x500.jpeg\" class=\"attachment-gallery size-gallery\" alt=\"Camp du Heyritz migrants sdf\" data-full-url=\"https:\/\/pokaa.fr\/wp-content\/uploads\/2025\/08\/08\/img-0224-large.jpeg\" decoding=\"async\" loading=\"lazy\"  \/>            <\/p>\n<p>                    \u00a9 Caroline Alonso Alvarez \/ Pokaa<\/p>\n<p>\u00c0 Strasbourg depuis quatre mois, <b>les parents et leurs enfants sont \u00ab dublin\u00e9s<\/b> <b>\u00bb<\/b>, autrement dit, ils tombent sous le coup de la proc\u00e9dure Dublin. Comme leur demande d\u2019asile a \u00e9t\u00e9 faite en Allemagne, l\u2019\u00c9tat fran\u00e7ais doit d\u00e9terminer si la proc\u00e9dure doit se poursuivre l\u00e0-bas ou recommencer ici.<b> Si la famille n\u2019est pas renvoy\u00e9e en Allemagne dans les six mois qui suivent<\/b>, elle pourra relancer une demande d\u2019asile sur le territoire fran\u00e7ais.\u00a0\u00a0<\/p>\n<p>Sur la route de leur exil, <b>Adil, Sammera et leurs enfants ont crois\u00e9 la route de Loulou. <\/b>Un petit chaton malade trouv\u00e9 \u00e0 proximit\u00e9 de leur camp de fortune, en Allemagne. Soucieuse de sa sant\u00e9, la famille a mis toute son \u00e9nergie pour trouver un v\u00e9t\u00e9rinaire qui accepterait de la soigner. Une fois r\u00e9tablie, Loulou est rapidement devenue un membre de la famille \u00e0 part enti\u00e8re. Bien qu\u2019elle vive sous tente aux c\u00f4t\u00e9s de ses ma\u00eetres, <b>Loulou dispose d\u2019un passeport europ\u00e9en, lui permettant de r\u00e9sider l\u00e9galement sur le territoire. <\/b><\/p>\n<p>                <img width=\"375\" height=\"500\" src=\"https:\/\/www.europesays.com\/fr\/wp-content\/uploads\/2025\/08\/img-0230-large-375x500.jpeg\" class=\"attachment-gallery size-gallery\" alt=\"Camp du Heyritz migrants sdf\" data-full-url=\"https:\/\/pokaa.fr\/wp-content\/uploads\/2025\/08\/08\/img-0230-large.jpeg\" decoding=\"async\" loading=\"lazy\"  \/>            <\/p>\n<p>                <img width=\"375\" height=\"500\" src=\"https:\/\/www.europesays.com\/fr\/wp-content\/uploads\/2025\/08\/img-0227-large-375x500.jpeg\" class=\"attachment-gallery size-gallery\" alt=\"Camp du Heyritz migrants sdf\" data-full-url=\"https:\/\/pokaa.fr\/wp-content\/uploads\/2025\/08\/08\/img-0227-large.jpeg\" decoding=\"async\" loading=\"lazy\"  \/>            <\/p>\n<p>                <img width=\"375\" height=\"500\" src=\"https:\/\/www.europesays.com\/fr\/wp-content\/uploads\/2025\/08\/img-0234-large-375x500.jpeg\" class=\"attachment-gallery size-gallery\" alt=\"Camp du Heyritz migrants sdf\" data-full-url=\"https:\/\/pokaa.fr\/wp-content\/uploads\/2025\/08\/08\/img-0234-large.jpeg\" decoding=\"async\" loading=\"lazy\"  \/>            <\/p>\n<p>                    1. Adil et Loulou 2. Le passeport de Loulou 3. Loulou, \u00e0 l&rsquo;\u00e9poque o\u00f9 la famille de Huda l&rsquo;a r\u00e9cup\u00e9r\u00e9. \u00a9 Caroline Alonso Alvarez \/ Pokaa<\/p>\n<p>Un appel aux propri\u00e9taires et aux dons <\/p>\n<p>Si les travailleurs\/euses sociaux\/ales du service LVI (lieu de vie informel) de la ville ainsi que ceux d\u2019Entraide Le Relai, et diverses associations comme Caritas, M\u00e9decins du monde, les Restos du c\u0153ur et les Petites Roues passent de temps en temps sur le campement, <b>les conditions de vie sur place restent ind\u00e9centes. <\/b>Depuis une semaine, Sabine tente de rassembler des palettes pour que les occupants puissent sur\u00e9lever leurs tentes.<\/p>\n<p><b>Elle lance aussi un appel \u00e0 toutes les personnes en possession d\u2019un logement vide, vacant ou en processus de vente<\/b> : \u00ab Notre association peut faire un bail temporaire avec les propri\u00e9taires pour h\u00e9berger temporairement des familles. \u00bb Pour aider \u00e0 financer l\u2019achat de matelas gonflables ou des tentes pour les familles, <b>les Petites Roues ont <\/b><a href=\"https:\/\/www.helloasso.com\/associations\/les-petites-roues\/formulaires\/5?fbclid=IwY2xjawMCvWFleHRuA2FlbQIxMQBicmlkETFKYmVhWVo2YnRPSHI5RGUwAR5qG3yufPT2alWRJ1I6Nh4masayCmGheGObZxUWkxvIaxz2Dl6yOEfhNt59ig_aem_KqIFva2KWROYbXkzoY_usg\" target=\"_blank\" rel=\"noopener\"><b>aussi ouvert une cagnotte<\/b><\/a><b>.<\/b> Chaque don permet d\u2019apporter un peu de soutien \u00e0 celles et ceux qui en ont le plus besoin.\u00a0<\/p>\n","protected":false},"excerpt":{"rendered":"Install\u00e9es depuis plusieurs mois dans le parc du Heyritz, plus d\u2019une centaine de personnes vivent et dorment \u00e0&hellip;\n","protected":false},"author":2,"featured_media":310161,"comment_status":"","ping_status":"","sticky":false,"template":"","format":"standard","meta":{"footnotes":""},"categories":[2820],"tags":[1111,11,4733,44988,44989,1777,674,1011,27,775,1251,12,25,3400,640],"class_list":{"0":"post-310160","1":"post","2":"type-post","3":"status-publish","4":"format-standard","5":"has-post-thumbnail","7":"category-strasbourg","8":"tag-actu","9":"tag-actualites","10":"tag-associations","11":"tag-camp-du-heyritz","12":"tag-droit-des-etrangers","13":"tag-eu","14":"tag-europe","15":"tag-fr","16":"tag-france","17":"tag-grand-est","18":"tag-migrants","19":"tag-news","20":"tag-republique-francaise","21":"tag-solidarite","22":"tag-strasbourg"},"share_on_mastodon":{"url":"https:\/\/pubeurope.com\/@fr\/115006451944148062","error":""},"_links":{"self":[{"href":"https:\/\/www.europesays.com\/fr\/wp-json\/wp\/v2\/posts\/310160","targetHints":{"allow":["GET"]}}],"collection":[{"href":"https:\/\/www.europesays.com\/fr\/wp-json\/wp\/v2\/posts"}],"about":[{"href":"https:\/\/www.europesays.com\/fr\/wp-json\/wp\/v2\/types\/post"}],"author":[{"embeddable":true,"href":"https:\/\/www.europesays.com\/fr\/wp-json\/wp\/v2\/users\/2"}],"replies":[{"embeddable":true,"href":"https:\/\/www.europesays.com\/fr\/wp-json\/wp\/v2\/comments?post=310160"}],"version-history":[{"count":0,"href":"https:\/\/www.europesays.com\/fr\/wp-json\/wp\/v2\/posts\/310160\/revisions"}],"wp:featuredmedia":[{"embeddable":true,"href":"https:\/\/www.europesays.com\/fr\/wp-json\/wp\/v2\/media\/310161"}],"wp:attachment":[{"href":"https:\/\/www.europesays.com\/fr\/wp-json\/wp\/v2\/media?parent=310160"}],"wp:term":[{"taxonomy":"category","embeddable":true,"href":"https:\/\/www.europesays.com\/fr\/wp-json\/wp\/v2\/categories?post=310160"},{"taxonomy":"post_tag","embeddable":true,"href":"https:\/\/www.europesays.com\/fr\/wp-json\/wp\/v2\/tags?post=310160"}],"curies":[{"name":"wp","href":"https:\/\/api.w.org\/{rel}","templated":true}]}}