{"id":310164,"date":"2025-08-10T20:53:10","date_gmt":"2025-08-10T20:53:10","guid":{"rendered":"https:\/\/www.europesays.com\/fr\/310164\/"},"modified":"2025-08-10T20:53:10","modified_gmt":"2025-08-10T20:53:10","slug":"elle-sera-ce-dimanche-en-fin-dapres-midi-sur-la-scene-solarium-aux-plages-electroniques-no2theg-lartiste-qui-danse-entre-deux-mondes","status":"publish","type":"post","link":"https:\/\/www.europesays.com\/fr\/310164\/","title":{"rendered":"Elle sera ce dimanche en fin d\u2019apr\u00e8s-midi sur la sc\u00e8ne solarium aux Plages Electroniques: No2theG, l\u2019artiste qui danse entre deux mondes"},"content":{"rendered":"<p>Elle a le coup d\u2019\u0153il de la cr\u00e9atrice de contenu et l\u2019oreille de la DJ. Quand elle ne cadre pas l\u2019\u00e9nergie des festivals, c\u2019est elle qui la cr\u00e9e derri\u00e8re les platines.<\/p>\n<p>Chez No2theG, le nom de sc\u00e8ne de Noella Gueye, pas de place pour les \u00e9tiquettes: \u00ab\u00a0Je suis une meuf de mon \u00e9poque, je surfe sur le truc, \u00e7a me correspond bien\u00a0\u00bb, lance-t-elle, assumant pleinement cette libert\u00e9 qui d\u00e9finit sa g\u00e9n\u00e9ration.<\/p>\n<p>Si elle a commenc\u00e9 comme photographe et vid\u00e9aste, son immersion dans le milieu festif et artistique, notamment gr\u00e2ce \u00e0 une alternance chez Panda Events, lui a ouvert les portes de la musique.<\/p>\n<p>En novembre 2024, elle d\u00e9couvre le mix presque par hasard, et c\u2019est une r\u00e9v\u00e9lation: \u00ab\u00a0J\u2019ai test\u00e9 un matin une platine qu\u2019on m\u2019avait pr\u00eat\u00e9e, et depuis, je n\u2019ai jamais arr\u00eat\u00e9\u00a0\u00bb.<\/p>\n<p>                                \u00c9clectique et authentique<\/p>\n<p>Inspir\u00e9e par des artistes comme Kaytranada, elle mixe des sons \u00e9clectiques, m\u00ealant groove, \u00e9lectro et drum and bass, avec une touche de pop culture assum\u00e9e.<\/p>\n<p>Elle est pr\u00e9sente aux Plages \u00c9lectroniques, \u00e0 Cannes, pour prendre des photos et des vid\u00e9os sur toute la dur\u00e9e du festival, mais ce dimanche, elle met de c\u00f4t\u00e9 sa casquette de cr\u00e9atrice de contenu pour enfiler celle de DJ sur la sc\u00e8ne Solarium, de 17h \u00e0 18h30.<\/p>\n<p>\u00ab\u00a0\u00c7a va \u00eatre trois jours tr\u00e8s charg\u00e9s, surtout en \u00e9motions\u00a0\u00bb, confie Noella.<\/p>\n<p>Son credo? L\u2019authenticit\u00e9. Qu\u2019elle mixe devant une foule en liesse, comme \u00e0 La Cr\u00e8me Festival, \u00e0 Villefranche-sur-Mer en juin dernier, ou qu\u2019elle immortalise l\u2019\u00e9nergie d\u2019un festival, c\u2019est toujours avec la m\u00eame intensit\u00e9 et la m\u00eame rage de vivre.<\/p>\n<p>M\u00eame le syndrome de l\u2019imposteur, ce vieux d\u00e9mon, ne parvient pas \u00e0 freiner son \u00e9lan.<\/p>\n<p>\u00ab\u00a0Quand je doute, c\u2019est que je suis en train de grandir et quand c\u2019est fluide, c\u2019est que je suis sur le bon chemin\u00a0\u00bb, philosophe-t-elle.<\/p>\n<p>Chaque projet est la nouvelle page d\u2019un livre qu\u2019elle \u00e9crit au rythme effr\u00e9n\u00e9 de ses envies.<\/p>\n<p>Noella traverse les dimensions. De l\u2019ombre \u00e0 la lumi\u00e8re, elle prouve qu\u2019\u00e0 l\u2019\u00e8re des cr\u00e9ateurs hybrides, le talent n\u2019a plus besoin de choisir un camp, mais simplement d\u2019embrasser tous les possibles.<\/p>\n","protected":false},"excerpt":{"rendered":"Elle a le coup d\u2019\u0153il de la cr\u00e9atrice de contenu et l\u2019oreille de la DJ. Quand elle ne&hellip;\n","protected":false},"author":2,"featured_media":310165,"comment_status":"","ping_status":"","sticky":false,"template":"","format":"standard","meta":{"footnotes":""},"categories":[2819],"tags":[1111,11,4156,251,1777,674,1011,27,12,2401,882,25],"class_list":{"0":"post-310164","1":"post","2":"type-post","3":"status-publish","4":"format-standard","5":"has-post-thumbnail","7":"category-nice","8":"tag-actu","9":"tag-actualites","10":"tag-concerts","11":"tag-culture","12":"tag-eu","13":"tag-europe","14":"tag-fr","15":"tag-france","16":"tag-news","17":"tag-nice","18":"tag-provence-alpes-cote-dazur","19":"tag-republique-francaise"},"share_on_mastodon":{"url":"https:\/\/pubeurope.com\/@fr\/115006459314342203","error":""},"_links":{"self":[{"href":"https:\/\/www.europesays.com\/fr\/wp-json\/wp\/v2\/posts\/310164","targetHints":{"allow":["GET"]}}],"collection":[{"href":"https:\/\/www.europesays.com\/fr\/wp-json\/wp\/v2\/posts"}],"about":[{"href":"https:\/\/www.europesays.com\/fr\/wp-json\/wp\/v2\/types\/post"}],"author":[{"embeddable":true,"href":"https:\/\/www.europesays.com\/fr\/wp-json\/wp\/v2\/users\/2"}],"replies":[{"embeddable":true,"href":"https:\/\/www.europesays.com\/fr\/wp-json\/wp\/v2\/comments?post=310164"}],"version-history":[{"count":0,"href":"https:\/\/www.europesays.com\/fr\/wp-json\/wp\/v2\/posts\/310164\/revisions"}],"wp:featuredmedia":[{"embeddable":true,"href":"https:\/\/www.europesays.com\/fr\/wp-json\/wp\/v2\/media\/310165"}],"wp:attachment":[{"href":"https:\/\/www.europesays.com\/fr\/wp-json\/wp\/v2\/media?parent=310164"}],"wp:term":[{"taxonomy":"category","embeddable":true,"href":"https:\/\/www.europesays.com\/fr\/wp-json\/wp\/v2\/categories?post=310164"},{"taxonomy":"post_tag","embeddable":true,"href":"https:\/\/www.europesays.com\/fr\/wp-json\/wp\/v2\/tags?post=310164"}],"curies":[{"name":"wp","href":"https:\/\/api.w.org\/{rel}","templated":true}]}}