{"id":310166,"date":"2025-08-10T20:54:14","date_gmt":"2025-08-10T20:54:14","guid":{"rendered":"https:\/\/www.europesays.com\/fr\/310166\/"},"modified":"2025-08-10T20:54:14","modified_gmt":"2025-08-10T20:54:14","slug":"pronostic-benfica-nice-ligue-des-champions","status":"publish","type":"post","link":"https:\/\/www.europesays.com\/fr\/310166\/","title":{"rendered":"Pronostic Benfica Nice &#8211; Ligue Des Champions"},"content":{"rendered":"<p style=\"text-align: justify;\">Apr\u00e8s avoir termin\u00e9 son dernier exercice tr\u00e8s tard, \u00e0 la suite de la Coupe du Monde des Clubs, le SL Benfica a su se relancer de la meilleure des mani\u00e8res dans cette nouvelle saison. Il n&rsquo;aurait pas pu r\u00eaver mieux pour ses d\u00e9buts, puisqu&rsquo;il a remport\u00e9 la Supercoupe de Portugal en battant le Sporting CP (0-1). L&rsquo;\u00e9quipe entra\u00een\u00e9e par Bruno Lage n&rsquo;a pas baiss\u00e9 le pied pour son entr\u00e9e en lice dans ce 3e tour des qualifications de la Ligue des Champions. En d\u00e9placement sur la pelouse de l&rsquo;OGC Nice la semaine pass\u00e9e, elle est parvenue \u00e0 l&#8217;emporter et \u00e0 prendre une belle avance au tableau d&rsquo;affichage (0-2).<\/p>\n<p style=\"text-align: justify;\">Le SL Benfica a d\u00e9j\u00e0 fait un pas vers les barrages de la Ligue des Champions.<\/p>\n<p style=\"text-align: justify;\">L&rsquo;OGC Nice va devoir r\u00e9aliser un tr\u00e8s gros exploit au Portugal. Lors du match aller, il n&rsquo;a pas eu la possession de balle (47%) et n&rsquo;a cadr\u00e9 que 2 frappes. Le 4e de la derni\u00e8re \u00e9dition de la Ligue 1 n&rsquo;a d&rsquo;ailleurs remport\u00e9 que 2 de ses 4 derni\u00e8res rencontres de pr\u00e9paration. Les hommes de Franck Haise risquent de se d\u00e9couvrir dans l&rsquo;optique de reprendre de l&rsquo;espoir dans cette double confrontation. Une situation qui pourrait faire le bonheur des locaux. Il est difficile d&rsquo;imaginer les Aiglons inverser la tendance, \u00e0 quelques jours seulement de leur 1re journ\u00e9e de Ligue 1 face au Toulouse FC.<\/p>\n<p style=\"text-align: justify;\">Comme pour la premi\u00e8re manche, le SL Benfica ne devrait pas compter sur\u00a0Tomas Araujo, Alexander Bah et Bruma. Il y a toutefois bien d&rsquo;autres talents au sein de l&rsquo;effectif de Bruno Lage. Les recrues se sont d\u00e9j\u00e0 parfaitement int\u00e9gr\u00e9es.\u00a0Amar Dedi\u0107, l&rsquo;ex joueur de l&rsquo;OM, a r\u00e9alis\u00e9 une tr\u00e8s belle prestation la semaine pass\u00e9e, sur la pelouse de l&rsquo;OGC Nice. M\u00eame son de cloche pour\u00a0Franjo Ivanovic. L&rsquo;attaquant\u00a0croate a \u00e9t\u00e9 recrut\u00e9 pour quasiment 23 millions d&rsquo;euros et il est parvenu \u00e0 marquer pour son premier match sous ses nouvelles couleurs, du c\u00f4t\u00e9 de l&rsquo;Allianz Riviera. Il sera encore \u00e0 suivre de pr\u00e8s ce mardi soir.<\/p>\n<p style=\"text-align: justify;\">Franjo Ivanovic est d\u00e9j\u00e0 parvenu \u00e0 d\u00e9bloquer son compteur de buts avec le SL Benfica.<\/p>\n<p style=\"text-align: justify;\">Concernant l&rsquo;OGC Nice,\u00a0Mo\u00efse Bombito, de Mohamed Abdelmonem, de Youssouf Ndayishimiye, de Tanguy Ndombele et de Mohamed-Ali Cho ne risquent pas de faire leur retour pour ce d\u00e9placement au Portugal. Sans oublier qu&rsquo;Evann Guessand a r\u00e9cemment quitt\u00e9 les Aiglons pour s&rsquo;engager avec Aston Villa. Pour ne rien arranger, Dante et Morgan Sanson sont sortis sur blessure durant la premi\u00e8re manche. Le premier cit\u00e9 devrait \u00eatre de retour, contrairement au second qui risque d&rsquo;\u00eatre absent plusieurs semaines. Pour inverser la tendance \u00e0 l&rsquo;Est\u00e1dio da Luz, Franck Haise attendra certainement beaucoup de sa recrue offensive :\u00a0Isak Jansson.<\/p>\n<p style=\"text-align: justify;\">Le SL Benfica est d\u00e9j\u00e0 tout pr\u00e8s de se qualifier pour les barrages de la Ligue des Champions. La semaine pass\u00e9e, il est parvenu \u00e0 l&#8217;emporter sur la pelouse de l&rsquo;OGC Nice (0-2). Les hommes de Bruno Lage n&rsquo;ont plus qu&rsquo;\u00e0 terminer le travail devant leurs fans. Ils ne risquent pas de jouer pour le score de parit\u00e9, avant de reprendre en Liga Portugal. Le club lisbo\u00e8te aura de quoi s&rsquo;offrir un nouveau succ\u00e8s contre les Aiglons.<\/p>\n<p style=\"text-align: justify;\"><strong>Notre pronostic SL Benfica &#8211; OGC Nice :<\/strong> victoire du SL Benfica !<\/p>\n<p><a href=\"https:\/\/www.sportytrader.com\/book\/betclic\/promo\" target=\"_blank\" rel=\"nofollow noopener\"><img decoding=\"async\" class=\"\" src=\"https:\/\/www.europesays.com\/fr\/wp-content\/uploads\/2025\/04\/promotion-betclic-05082024-1.webp.webp\" alt=\"Bonus Betclic 100\u20ac\" loading=\"lazy\"\/><\/a><\/p>\n<p>Vous allez miser sur la rencontre Benfica &#8211; Nice ? Bonne nouvelle, Betclic vous offre un magnifique bonus\u00a0! Sur cette affiche de Ligue Des Champions, le site de paris sportifs vous r\u00e9serve une superbe offre de bienvenue, \u00e0 savoir 100\u20ac avec le <a href=\"https:\/\/www.sportytrader.com\/bookmakers\/betclic\/code-promo\/\" rel=\"nofollow noopener\" target=\"_blank\">code promo Betclic<\/a>\u00a0STY. <strong>Une tr\u00e8s belle offre qui ne durera pas toute l&rsquo;ann\u00e9e, alors n&rsquo;attendez plus pour en profiter !<\/strong><\/p>\n<p>Si vous n&rsquo;\u00eates pas encore inscrit, rendez-vous sur\u00a0<a href=\"https:\/\/www.sportytrader.com\/book\/betclic\/promo\" target=\"_blank\" rel=\"nofollow noopener\">ce formulaire<\/a>\u00a0pour cr\u00e9er un compte tr\u00e8s rapidement.\u00a0Pour rappel, 100\u20ac de feebets vous attendent sur le match Benfica &#8211; Nice.<\/p>\n","protected":false},"excerpt":{"rendered":"Apr\u00e8s avoir termin\u00e9 son dernier exercice tr\u00e8s tard, \u00e0 la suite de la Coupe du Monde des Clubs,&hellip;\n","protected":false},"author":2,"featured_media":310167,"comment_status":"","ping_status":"","sticky":false,"template":"","format":"standard","meta":{"footnotes":""},"categories":[2819],"tags":[1111,11,1430,1777,674,1011,27,447,12,2401,1817,1821,882,25],"class_list":{"0":"post-310166","1":"post","2":"type-post","3":"status-publish","4":"format-standard","5":"has-post-thumbnail","7":"category-nice","8":"tag-actu","9":"tag-actualites","10":"tag-benfica","11":"tag-eu","12":"tag-europe","13":"tag-fr","14":"tag-france","15":"tag-ligue-des-champions","16":"tag-news","17":"tag-nice","18":"tag-pronostic","19":"tag-pronostics","20":"tag-provence-alpes-cote-dazur","21":"tag-republique-francaise"},"share_on_mastodon":{"url":"https:\/\/pubeurope.com\/@fr\/115006463250564529","error":""},"_links":{"self":[{"href":"https:\/\/www.europesays.com\/fr\/wp-json\/wp\/v2\/posts\/310166","targetHints":{"allow":["GET"]}}],"collection":[{"href":"https:\/\/www.europesays.com\/fr\/wp-json\/wp\/v2\/posts"}],"about":[{"href":"https:\/\/www.europesays.com\/fr\/wp-json\/wp\/v2\/types\/post"}],"author":[{"embeddable":true,"href":"https:\/\/www.europesays.com\/fr\/wp-json\/wp\/v2\/users\/2"}],"replies":[{"embeddable":true,"href":"https:\/\/www.europesays.com\/fr\/wp-json\/wp\/v2\/comments?post=310166"}],"version-history":[{"count":0,"href":"https:\/\/www.europesays.com\/fr\/wp-json\/wp\/v2\/posts\/310166\/revisions"}],"wp:featuredmedia":[{"embeddable":true,"href":"https:\/\/www.europesays.com\/fr\/wp-json\/wp\/v2\/media\/310167"}],"wp:attachment":[{"href":"https:\/\/www.europesays.com\/fr\/wp-json\/wp\/v2\/media?parent=310166"}],"wp:term":[{"taxonomy":"category","embeddable":true,"href":"https:\/\/www.europesays.com\/fr\/wp-json\/wp\/v2\/categories?post=310166"},{"taxonomy":"post_tag","embeddable":true,"href":"https:\/\/www.europesays.com\/fr\/wp-json\/wp\/v2\/tags?post=310166"}],"curies":[{"name":"wp","href":"https:\/\/api.w.org\/{rel}","templated":true}]}}