{"id":310170,"date":"2025-08-10T20:57:09","date_gmt":"2025-08-10T20:57:09","guid":{"rendered":"https:\/\/www.europesays.com\/fr\/310170\/"},"modified":"2025-08-10T20:57:09","modified_gmt":"2025-08-10T20:57:09","slug":"la-gironde-bascule-en-vigilance-rouge-les-temperatures-vont-depasser-les-40-degres","status":"publish","type":"post","link":"https:\/\/www.europesays.com\/fr\/310170\/","title":{"rendered":"la Gironde bascule en vigilance rouge, les temp\u00e9ratures vont d\u00e9passer les 40 degr\u00e9s"},"content":{"rendered":"<p>            Par<br \/>\n        <strong><br \/>\n            <a href=\"https:\/\/actu.fr\/auteur\/redaction-bordeaux\" title=\"Consulter tous les articles de R\u00e9daction Bordeaux\" target=\"_blank\" rel=\"noopener\">R\u00e9daction Bordeaux<\/a><br \/>\n        <\/strong><\/p>\n<p>        Publi\u00e9 le<\/p>\n<p>            10 ao\u00fbt 2025 \u00e0 17h10        <\/p>\n<p>La<a href=\"https:\/\/actu.fr\/nouvelle-aquitaine\/bordeaux_33063\/plus-de-40-degres-attendus-a-l-ombre-la-gironde-placee-en-vigilance-orange-canicule_63019433.html\" target=\"_blank\" rel=\"noopener\"> vigilance orange<\/a> n\u2019aura \u00e9t\u00e9 que de courte dur\u00e9e. Dans son dernier bulletin, <a href=\"https:\/\/vigilance.meteofrance.fr\/fr\/canicule\" target=\"_blank\" rel=\"noopener\">M\u00e9t\u00e9o France<\/a> a plac\u00e9 la Gironde en <strong>vigilance rouge canicule<\/strong> \u00e0 partir du lundi 11\u00a0ao\u00fbt 2025. Onze autres d\u00e9partements sont concern\u00e9s par cette mesure.<\/p>\n<p class=\" wall-content\">En Gironde, les <a href=\"https:\/\/actu.fr\/nouvelle-aquitaine\/bordeaux_33063\/points-d-eau-espaces-fraicheur-la-ville-de-bordeaux-s-organise-pour-faire-face-a-la-canicule_63011411.html\" target=\"_blank\" rel=\"noopener\">fortes chaleurs<\/a> ont repris depuis quelques jours mais ce pic d\u2019intensit\u00e9 va \u00eatre atteint ce lundi avec des temp\u00e9ratures qui vont d\u00e9passer les <strong>40 degr\u00e9s<\/strong> \u00e0 Bordeaux et dans d\u2019autres communes du d\u00e9partement.<\/p>\n<p>Des mesures renforc\u00e9es<\/p>\n<p class=\" wall-content\">Depuis le passage en vigilance orange canicule, la pr\u00e9fecture de la Gironde mais aussi la Ville de Bordeaux <strong>avaient pris des mesures<\/strong> pour permettre aux habitants de se rafra\u00eechir face \u00e0 ces fortes chaleurs.<\/p>\n<p class=\" wall-content\">Les <strong>parcs, jardins ou piscines<\/strong> de l\u2019agglom\u00e9ration bordelais ont donc vu leurs horaires d\u2019ouverture \u00eatre <strong>\u00e9tendus<\/strong>.<\/p>\n<p class=\" wall-content\">En virant \u00e0 la vigilance rouge, les mesures vont \u00eatre renforc\u00e9es sur l\u2019ensemble du territoire. Durant cet \u00e9pisode caniculaire, la pr\u00e9fecture donne quelques<strong> conseils \u00e0 suivre<\/strong> pour lutter contre cette chaleur \u00e9touffante\u2009:<\/p>\n<ul class=\" wall-content\">\n<li>Boire r\u00e9guli\u00e8rement, m\u00eame sans soif, un litre et demi d\u2019eau par jour<\/li>\n<li>Ouvrir les fen\u00eatres en toute fin de nuit<\/li>\n<li>Fermer les volets dans la journ\u00e9e<\/li>\n<li>Rester dans les pi\u00e8ces les plus fra\u00eeches<\/li>\n<li>S\u2019humidifier le corps avec une serviette mouill\u00e9e<\/li>\n<li>Utiliser un ventilateur ou climatiseur<\/li>\n<\/ul>\n<p class=\" wall-content\">Suivez toute l\u2019actualit\u00e9 de vos villes et m\u00e9dias favoris en vous inscrivant \u00e0 <a href=\"https:\/\/moncompte.actu.fr\" title=\"D\u00e9couvez Mon Actu\" rel=\"nofollow noopener\" data-trk=\"{&quot;cta&quot;:{&quot;action&quot;:&quot;https:\\\/\\\/moncompte.actu.fr&quot;,&quot;category&quot;:&quot;mon compte&quot;,&quot;from&quot;:&quot;article footer&quot;,&quot;name&quot;:&quot;Mon actu&quot;,&quot;type&quot;:&quot;cta&quot;}}\" target=\"_blank\">Mon Actu<\/a>.<\/p>\n<ul class=\"ac-article-tag wall-content\">\n<li><a href=\"https:\/\/actu.fr\/tag\/canicule\" data-trk=\"{&quot;cta&quot;:{&quot;action&quot;:&quot;Canicule&quot;,&quot;category&quot;:&quot;tag&quot;,&quot;from&quot;:&quot;article footer&quot;,&quot;name&quot;:&quot;Canicule&quot;,&quot;type&quot;:&quot;cta&quot;}}\" target=\"_blank\" rel=\"noopener\">#Canicule<\/a><\/li>\n<li><a href=\"https:\/\/actu.fr\/tag\/vague-de-chaleur\" data-trk=\"{&quot;cta&quot;:{&quot;action&quot;:&quot;Vague de chaleur&quot;,&quot;category&quot;:&quot;tag&quot;,&quot;from&quot;:&quot;article footer&quot;,&quot;name&quot;:&quot;Vague de chaleur&quot;,&quot;type&quot;:&quot;cta&quot;}}\" target=\"_blank\" rel=\"noopener\">#Vague de chaleur<\/a><\/li>\n<\/ul>\n","protected":false},"excerpt":{"rendered":"Par R\u00e9daction Bordeaux Publi\u00e9 le 10 ao\u00fbt 2025 \u00e0 17h10 La vigilance orange n\u2019aura \u00e9t\u00e9 que de courte&hellip;\n","protected":false},"author":2,"featured_media":310171,"comment_status":"","ping_status":"","sticky":false,"template":"","format":"standard","meta":{"footnotes":""},"categories":[2817],"tags":[1111,11,1997,6698,1777,674,1011,27,2487,12,2219,25,15637],"class_list":{"0":"post-310170","1":"post","2":"type-post","3":"status-publish","4":"format-standard","5":"has-post-thumbnail","7":"category-bordeaux","8":"tag-actu","9":"tag-actualites","10":"tag-bordeaux","11":"tag-canicule","12":"tag-eu","13":"tag-europe","14":"tag-fr","15":"tag-france","16":"tag-meteo","17":"tag-news","18":"tag-nouvelle-aquitaine","19":"tag-republique-francaise","20":"tag-vague-de-chaleur"},"share_on_mastodon":{"url":"https:\/\/pubeurope.com\/@fr\/115006475106067891","error":""},"_links":{"self":[{"href":"https:\/\/www.europesays.com\/fr\/wp-json\/wp\/v2\/posts\/310170","targetHints":{"allow":["GET"]}}],"collection":[{"href":"https:\/\/www.europesays.com\/fr\/wp-json\/wp\/v2\/posts"}],"about":[{"href":"https:\/\/www.europesays.com\/fr\/wp-json\/wp\/v2\/types\/post"}],"author":[{"embeddable":true,"href":"https:\/\/www.europesays.com\/fr\/wp-json\/wp\/v2\/users\/2"}],"replies":[{"embeddable":true,"href":"https:\/\/www.europesays.com\/fr\/wp-json\/wp\/v2\/comments?post=310170"}],"version-history":[{"count":0,"href":"https:\/\/www.europesays.com\/fr\/wp-json\/wp\/v2\/posts\/310170\/revisions"}],"wp:featuredmedia":[{"embeddable":true,"href":"https:\/\/www.europesays.com\/fr\/wp-json\/wp\/v2\/media\/310171"}],"wp:attachment":[{"href":"https:\/\/www.europesays.com\/fr\/wp-json\/wp\/v2\/media?parent=310170"}],"wp:term":[{"taxonomy":"category","embeddable":true,"href":"https:\/\/www.europesays.com\/fr\/wp-json\/wp\/v2\/categories?post=310170"},{"taxonomy":"post_tag","embeddable":true,"href":"https:\/\/www.europesays.com\/fr\/wp-json\/wp\/v2\/tags?post=310170"}],"curies":[{"name":"wp","href":"https:\/\/api.w.org\/{rel}","templated":true}]}}