{"id":310176,"date":"2025-08-10T21:00:23","date_gmt":"2025-08-10T21:00:23","guid":{"rendered":"https:\/\/www.europesays.com\/fr\/310176\/"},"modified":"2025-08-10T21:00:23","modified_gmt":"2025-08-10T21:00:23","slug":"toulouse-boucle-son-horrible-presaison-sur-une-bonne-note-amical-toulouse-seville-1-1","status":"publish","type":"post","link":"https:\/\/www.europesays.com\/fr\/310176\/","title":{"rendered":"Toulouse boucle son horrible pr\u00e9saison sur une bonne note &#8211; Amical &#8211; Toulouse-S\u00e9ville (1-1)"},"content":{"rendered":"<p>\t\t\t<img decoding=\"async\" loading=\"lazy\" class=\"blason blason-grand\" src=\"https:\/\/www.europesays.com\/fr\/wp-content\/uploads\/2025\/04\/1744060359_272_grande.jpg\"\/> Toulouse 1-1 S\u00e9ville <img decoding=\"async\" loading=\"lazy\" class=\"blason blason-grand\" src=\"https:\/\/www.europesays.com\/fr\/wp-content\/uploads\/2025\/08\/1754859623_293_grande.jpg\"\/><\/p>\n<p>Buts : S. Hidalgo (86e) pour Toulouse \/\/ Luk\u00e9bakio (36e) pour S\u00e9ville<\/p>\n<p>Un r\u00e9veil au bon moment.<\/p>\n<p>Pour boucler <a target=\"_blank\" href=\"https:\/\/www.sofoot.com\/breves\/toulouse-en-prend-sept-dans-la-tronche-en-amical-contre-leipzig\" rel=\"noopener nofollow\">une campagne de matchs amicaux jusqu\u2019ici cataclysmique<\/a> (avant ce dimanche, c\u2019\u00e9tait un nul 0-0 contre Pau, quatre d\u00e9faites, deux buts inscrits et 17 encaiss\u00e9s) et \u00e0 quelques jours de la reprise du championnat, le Toulouse FC s\u2019est offert un petit bol d\u2019oxyg\u00e8ne en allant chercher un nul honorable, dans un Stadium garni de 13 000 personnes, face au S\u00e9ville FC <strong>(1-1)<\/strong>. C\u2019est Santiago Hidalgo, <a target=\"_blank\" href=\"https:\/\/www.sofoot.com\/breves\/toulouse-parvient-a-ramener-largentin-santiago-hidalgo\" rel=\"noopener nofollow\">avant-centre argentin de vingt ans arriv\u00e9 fin juillet<\/a>, qui a inscrit le but de l\u2019\u00e9galisation \u00e0 quelques minutes des trois coups de sifflet (86e), pour sa premi\u00e8re entr\u00e9e avec les Violets.<\/p>\n<blockquote class=\"twitter-tweet-lazy\" data-media-max-width=\"560\">\n<p dir=\"ltr\" lang=\"fr\">Le premier but de Santi\u2026 et la r\u00e9action du Stadium \ud83c\udde6\ud83c\uddf7\ud83d\ude08<a target=\"_blank\" href=\"https:\/\/twitter.com\/hashtag\/TFCSevillaFC?src=hash&amp;ref_src=twsrc%5Etfw\" rel=\"nofollow noopener\">#TFCSevillaFC<\/a> <a target=\"_blank\" href=\"https:\/\/t.co\/3Kg4WfQZmz\" rel=\"nofollow\">pic.twitter.com\/3Kg4WfQZmz<\/a><\/p>\n<p>\u2014 Toulouse FC (@ToulouseFC) <a target=\"_blank\" href=\"https:\/\/twitter.com\/ToulouseFC\/status\/1954634570088714528?ref_src=twsrc%5Etfw\" rel=\"nofollow noopener\">August 10, 2025<\/a><\/p>\n<\/blockquote>\n<p>Bon, c\u2019est le S\u00e9ville qui vient de terminer 17e de Liga, mais \u00e7a reste S\u00e9ville.<\/p>\n<p>\t\t\t\t\t\t\t\t\t\t<a class=\"lien-connexe\" href=\"https:\/\/www.sofoot.com\/breves\/toulouse-parvient-a-ramener-largentin-santiago-hidalgo\" rel=\"nofollow noopener\" target=\"_blank\">Toulouse vote Hidalgo<\/a>\t\t\t\t\t<script async src=\"https:\/\/platform.twitter.com\/widgets.js\" charset=\"utf-8\"><\/script><\/p>\n","protected":false},"excerpt":{"rendered":"Toulouse 1-1 S\u00e9ville Buts : S. Hidalgo (86e) pour Toulouse \/\/ Luk\u00e9bakio (36e) pour S\u00e9ville Un r\u00e9veil au&hellip;\n","protected":false},"author":2,"featured_media":310177,"comment_status":"","ping_status":"","sticky":false,"template":"","format":"standard","meta":{"footnotes":""},"categories":[2816],"tags":[1111,47,11,61,69,65,64,1777,674,63,1011,27,68,66,12,62,2680,70,25,67,2312],"class_list":{"0":"post-310176","1":"post","2":"type-post","3":"status-publish","4":"format-standard","5":"has-post-thumbnail","7":"category-toulouse","8":"tag-actu","9":"tag-actualite","10":"tag-actualites","11":"tag-actus-football","12":"tag-bundesliga","13":"tag-championnats-europeens","14":"tag-equipe-de-france","15":"tag-eu","16":"tag-europe","17":"tag-football","18":"tag-fr","19":"tag-france","20":"tag-ligua","21":"tag-ligue-1","22":"tag-news","23":"tag-news-foot","24":"tag-occitanie","25":"tag-premier-league","26":"tag-republique-francaise","27":"tag-serie-a","28":"tag-toulouse"},"share_on_mastodon":{"url":"https:\/\/pubeurope.com\/@fr\/115006486893946007","error":""},"_links":{"self":[{"href":"https:\/\/www.europesays.com\/fr\/wp-json\/wp\/v2\/posts\/310176","targetHints":{"allow":["GET"]}}],"collection":[{"href":"https:\/\/www.europesays.com\/fr\/wp-json\/wp\/v2\/posts"}],"about":[{"href":"https:\/\/www.europesays.com\/fr\/wp-json\/wp\/v2\/types\/post"}],"author":[{"embeddable":true,"href":"https:\/\/www.europesays.com\/fr\/wp-json\/wp\/v2\/users\/2"}],"replies":[{"embeddable":true,"href":"https:\/\/www.europesays.com\/fr\/wp-json\/wp\/v2\/comments?post=310176"}],"version-history":[{"count":0,"href":"https:\/\/www.europesays.com\/fr\/wp-json\/wp\/v2\/posts\/310176\/revisions"}],"wp:featuredmedia":[{"embeddable":true,"href":"https:\/\/www.europesays.com\/fr\/wp-json\/wp\/v2\/media\/310177"}],"wp:attachment":[{"href":"https:\/\/www.europesays.com\/fr\/wp-json\/wp\/v2\/media?parent=310176"}],"wp:term":[{"taxonomy":"category","embeddable":true,"href":"https:\/\/www.europesays.com\/fr\/wp-json\/wp\/v2\/categories?post=310176"},{"taxonomy":"post_tag","embeddable":true,"href":"https:\/\/www.europesays.com\/fr\/wp-json\/wp\/v2\/tags?post=310176"}],"curies":[{"name":"wp","href":"https:\/\/api.w.org\/{rel}","templated":true}]}}