{"id":31018,"date":"2025-04-17T06:31:20","date_gmt":"2025-04-17T06:31:20","guid":{"rendered":"https:\/\/www.europesays.com\/fr\/31018\/"},"modified":"2025-04-17T06:31:20","modified_gmt":"2025-04-17T06:31:20","slug":"la-municipalite-enterre-piolle-pour-tenter-de-garder-le-pouvoir","status":"publish","type":"post","link":"https:\/\/www.europesays.com\/fr\/31018\/","title":{"rendered":"LA MUNICIPALIT\u00c9 ENTERRE PIOLLE POUR TENTER DE GARDER LE POUVOIR"},"content":{"rendered":"<p>Posted On 16 avril 2025 <\/p>\n<p style=\"text-align: justify;\">\u00ab Il faut que tout change pour que rien ne change \u00bb. Dans le Gu\u00e9pard, la c\u00e9l\u00e8bre formule du Prince Salina \u00e0 Tancr\u00e8de, incarn\u00e9 par Alain Delon, demeure un mantra pour ceux qui veulent garder le pouvoir. \u00c0 Grenoble les Rouge\/Verts l&rsquo;actualisent : \u00ab\u00a0si la ligne de gauche citoyenne et \u00e9cologiste est toujours revendiqu\u00e9e, l\u2019id\u00e9e est aussi de faire du \u00ab nouveau \u00bb, de ne pas \u00eatre dans la totale continuit\u00e9. \u00ab Pour cr\u00e9er de l\u2019envie \u00bb \u00e9crit ce matin dans le \u00ab\u00a0Dauphin\u00e9\u00a0\u00bb (16\/4\/25) Eve Moulinier \u00e0 propos des pr\u00e9paratifs de la majorit\u00e9 municipale sortante. Il s&rsquo;agit d&rsquo;incarner \u00ab\u00a0l&rsquo;apr\u00e8s Piolle\u00a0\u00bb.\u00a0<\/p>\n<p><a href=\"https:\/\/i2.wp.com\/grenoble-le-changement.fr\/wp-content\/uploads\/2025\/04\/Piolle-grenade-.jpg?ssl=1\" rel=\"lightbox[81325] noopener\" target=\"_blank\"><img decoding=\"async\" data-id=\"81326\" src=\"https:\/\/i2.wp.com\/grenoble-le-changement.fr\/wp-content\/uploads\/2025\/04\/Piolle-grenade-.jpg?resize=678%2C575&amp;ssl=1\" alt=\"\" class=\"wp-image-81326 jetpack-lazy-image\" data-recalc-dims=\"1\" data-lazy-src=\"https:\/\/www.europesays.com\/fr\/wp-content\/uploads\/2025\/04\/Piolle-grenade-.jpg\" \/><\/a><br \/>\nSource <a target=\"_blank\" href=\"https:\/\/www.facebook.com\/groups\/2575824609219389\" rel=\"noopener\">\u00ab\u00a0SaccageGrenoble\u00a0\u00bb<\/a><\/p>\n<p><strong>LE GRAND TIMONIER EST PASS\u00c9 PAR PERTES ET PROFITS <\/strong><\/p>\n<p style=\"text-align: justify;\">On matraque \u00e0 l&rsquo;envie \u00ab\u00a0l&rsquo;apr\u00e8s Piolle\u00a0\u00bb. Le Grand Timonier est pass\u00e9 par pertes et profits. Il s&rsquo;agit m\u00eame de lui faire supporter seul l&rsquo;impopularit\u00e9 du bilan. Ils veulent \u00ab\u00a0cr\u00e9er de l&rsquo;envie\u00a0\u00bb. On retrouve donc l&rsquo;enfumage habituel, classique, r\u00e9p\u00e9t\u00e9 : \u00ab\u00a0les r\u00e9seaux citoyens\u00a0\u00bb qui vont \u00e0 la rencontre de la population. Ils n&rsquo;existent pas. Il s&rsquo;agit de militants Rouge\/verts repeint \u00e0 l&rsquo;envie. Les seuls, \u00e0 la marge, qui se revendiquaient comme tels ont quitt\u00e9 la majorit\u00e9 avec fracas <a href=\"https:\/\/grenoble-le-changement.fr\/2018\/11\/22\/reseau-citoyen-la-co-construction-est-une-illusion-doptique\/\" target=\"_blank\" rel=\"noopener\">tr\u00e8s critiques sur ses tricheries<\/a> : Pascal Clouaire ex Adjoint au Maire et Michel Verneray, le Pr\u00e9sident \u00ab\u00a0officiel\u00a0\u00bb. Mais peu importe. Pourvu qu&rsquo;on en parle comme s&rsquo;il s&rsquo;agissait d&rsquo;une r\u00e9alit\u00e9.\u00a0<\/p>\n<p style=\"text-align: justify;\"><strong>L. RUFFIN (Verts\/LFI) : \u00ab\u00a0UN SC\u00c9NARIO POUR UN PRODUCTEUR\u00a0\u00bb(Lib\u00e9ration)<\/strong><\/p>\n<p style=\"text-align: justify;\">Le trio de femmes align\u00e9es (Lucille Lheureux, Margot Belair et Laurence Ruffin) sont la vitrine l\u00e9gale de l&rsquo;op\u00e9ration. Deux sur trois sont intimement m\u00eal\u00e9es au bilan. La troisi\u00e8me cherche \u00e0 b\u00e2tir une story pour bobos gauchos. <a href=\"https:\/\/grenoble-le-changement.fr\/2024\/11\/23\/laurence-ruffin-verts-lfi-petits-mensonges-et-gros-sabots\/\" target=\"_blank\" rel=\"noopener\">M\u00eame \u00ab\u00a0Lib\u00e9ration\u00a0\u00bb, laudateur,<\/a> ne s&rsquo;y est pas tromp\u00e9 : c&rsquo;est comme \u00ab\u00a0un sc\u00e9nario pour tenter de convaincre un producteur\u00a0\u00bb.\u00a0<\/p>\n<p style=\"text-align: justify;\"><strong>ELLE FAIT UN PAUSE DE PLUSIEURS MOIS EN AFRIQUE&#8230;\u00a0<\/strong><\/p>\n<p style=\"text-align: justify;\">Elle raconte ses longs voyages qui lui permettent \u00ab\u00a0de garder l&rsquo;envie et de respirer\u00a0\u00bb. Mais <a href=\"https:\/\/grenoble-le-changement.fr\/2024\/09\/18\/municipales-la-candidature-laurence-ruffin-a-du-plomb-dans-laile\/\" target=\"_blank\" rel=\"noopener\">le storytelling est parfois corrig\u00e9<\/a>. Pour passer de la vilaine \u00e9conomie de march\u00e9 \u00e0 l&rsquo;\u00e9conomie sociale et solidaire, \u00ab\u00a0elle a fait une pause de plusieurs mois en Afrique pour r\u00e9fl\u00e9chir au sens qu\u2019elle souhaitait donner \u00e0 sa vie professionnelle\u00a0\u00bb.\u00a0<\/p>\n<p style=\"text-align: justify;\"><strong>&#8230; MAIS LA CROISI\u00c9RE EN THA\u00cfLANDE DISPARAIT<\/strong><\/p>\n<p style=\"text-align: justify;\">Mais attention pas comme vous et moi : \u00ab\u00a0Mon voyage dans la r\u00e9gion de Bandafassi (K\u00e9dougou) m&rsquo;a particuli\u00e8rement marqu\u00e9e. Comme la population se d\u00e9pla\u00e7ait aussi en bicyclette, j&rsquo;ai pu mieux appr\u00e9hender la p\u00e9nible vie des Maliens\u00a0\u00bb (!)\u00a0<a target=\"_blank\" href=\"https:\/\/mesinfos.fr\/auvergne-rhone-alpes\/portrait-de-vacances-46-laurence-ruffin-respirer-et-garder-l-envie-en-voyageant-90093.html\" rel=\"noopener\"> raconte-t-elle \u00e0 l&rsquo;Essor.<\/a> Ou encore : \u00ab\u00a0En 2018, nous avons entrepris ce voyage de six mois, notamment en Asie. J&rsquo;ai \u00e9t\u00e9 particuli\u00e8rement touch\u00e9e par l&rsquo;\u00eele de Komodo en Indon\u00e9sie. Un lieu o\u00f9 l&rsquo;organisation de la soci\u00e9t\u00e9 donne tout son sens aux notions de collectivit\u00e9 et l&rsquo;\u00e9quit\u00e9\u00a0\u00bb. Pourquoi les Grenoblois ne font-ils pas comme elle ? Mais \u00e0 quoi ils pensent si b\u00eatement pour gagner leur vie sans r\u00e9fl\u00e9chir. En tout cas la croisi\u00e8re en Tha\u00eflande a disparu de la story.\u00a0\u00a0<\/p>\n<p><video controls=\"\" src=\"https:\/\/grenoble-le-changement.fr\/wp-content\/uploads\/2024\/11\/Piolle-et-Ruffin.mp4\"\/>&#8230; vous adorerez la version f\u00e9minine <\/p>\n<p><strong>CITOYENS FORM\u00c9S CHEZ LES VERTS\/ADES DE R. AVRILLIER <\/strong><\/p>\n<p style=\"text-align: justify;\">Tout \u00e7a est si nouveau que le \u00ab\u00a0Dauphin\u00e9\u00a0\u00bb nous apprend que \u00ab\u00a0les citoyens\u00a0\u00bb qui vont \u00e0 la rencontre des grenoblois sont \u00ab\u00a0form\u00e9s\u00a0\u00bb pendant un week end chez les Verts\/Ades, <a href=\"https:\/\/grenoble-le-changement.fr\/raymond-avrillier-le-tartuffe-rouge-verts-bouge-encore\/\" target=\"_blank\" rel=\"noopener\">la secte politique de Raymond Avrillier,<\/a> le parrain de la majorit\u00e9, <a href=\"https:\/\/grenoble-le-changement.fr\/2024\/07\/28\/affaires-e-piolle-e-martin-r-avrillier-et-anticor-aux-abonnes-absents\/\" target=\"_blank\" rel=\"noopener\">qui drive et prot\u00e8ge<\/a> la majorit\u00e9 municipale o\u00f9 ils sont majoritaires. 40 ans de modernit\u00e9&#8230;<\/p>\n<p style=\"text-align: justify;\"><strong>LA VIOLENCE POLITIQUE EST CAMOUFL\u00c9E\u00a0<\/strong><\/p>\n<p style=\"text-align: justify;\">On imagine les consignes pour ces militants chevronn\u00e9s, biberonn\u00e9s au trotskysme, au mao\u00efsme (pour Avrillier), \u00e0 l&rsquo;anti-nucl\u00e9aire et maintenant au woquisme et \u00e0 l&rsquo;islamo gauchisme. Cette violence politique est encore pr\u00e9sente pour la biennale des villes en transition en mai, dont la marraine est \u00a0<a href=\"https:\/\/grenoble-le-changement.fr\/2025\/04\/04\/biennale-des-villes-en-transition-la-grande-arnaque\/\" target=\"_blank\" rel=\"noopener\">Fatima Ouassak pr\u00e9sent\u00e9e comme \u00ab\u00a0militante \u00e9cologiste, f\u00e9ministe et antiraciste\u00a0\u00bb,<\/a> pour qui l&rsquo;\u00e9cologie est \u00ab\u00a0un outil de\u00a0la lutte contre le colonio-capitalisme\u00a0\u00bb. Mais on doute que ces charmants porte parole du \u00ab\u00a0r\u00e9seau citoyen\u00a0\u00bb viennent frapper \u00e0 la porte des grenoblois avec ce slogan.\u00a0<\/p>\n<p style=\"text-align: justify;\"><strong>LA \u00ab\u00a0S\u00c9CURIT\u00c9\u00a0\u00bb APPARAIT TIMIDEMENT EN FIN DE LISTE\u00a0<\/strong><\/p>\n<p style=\"text-align: justify;\">Non, ils vont, selon le DL, aborder \u00ab\u00a0le logement, l\u2019h\u00e9bergement, l\u2019\u00e9galit\u00e9 des droits, la sant\u00e9, l\u2019\u00e9conomie locale, l\u2019espace public, les mobilit\u00e9s et la s\u00e9curit\u00e9\u2026\u00a0\u00bb. M\u00eame cette derni\u00e8re pr\u00e9occupation, avec ce mot qui ne figurait pas dans le lexique municipal jusque-l\u00e0. Seule la \u00ab\u00a0tranquillit\u00e9 publique\u00a0\u00bb \u00e9tait de son ressort. \u00c0 ces l\u00e9g\u00e8res \u00e9volutions s\u00e9mantiques on mesure l&rsquo;\u00e9tat r\u00e9el des sortants.\u00a0<\/p>\n<p><img decoding=\"async\" data-id=\"70525\" src=\"https:\/\/i1.wp.com\/grenoble-le-changement.fr\/wp-content\/uploads\/2023\/12\/Lheureux-copie.png?w=678&amp;ssl=1\" alt=\"\" class=\"wp-image-70525 jetpack-lazy-image\" data-recalc-dims=\"1\" data-lazy-src=\"https:\/\/www.europesays.com\/fr\/wp-content\/uploads\/2025\/04\/Lheureux-copie.png\" \/><\/p>\n<p><img decoding=\"async\" data-id=\"69513\" src=\"https:\/\/i1.wp.com\/grenoble-le-changement.fr\/wp-content\/uploads\/2023\/11\/Margot-Belair-.png?w=678&amp;ssl=1\" alt=\"\" class=\"wp-image-69513 jetpack-lazy-image\" data-recalc-dims=\"1\" data-lazy-src=\"https:\/\/www.europesays.com\/fr\/wp-content\/uploads\/2025\/04\/Margot-Belair-.png\" \/><br \/>\nLucille Lheureux, Margot Belair, l&rsquo;op\u00e9ration tromperie est en marche, mais un peu voyante  <\/p>\n<p><strong>LA CONSULTANTE \u00ab\u00a0IND\u00c9PENDANTE\u00a0\u00bb EST SECR\u00c9TAIRE G\u00c9N\u00c9RALE DU GROUPE VERTS<\/strong><\/p>\n<p style=\"text-align: justify;\">Le tout est encadr\u00e9 par une \u00ab\u00a0consultante ind\u00e9pendante\u00a0\u00bb (!). Il s&rsquo;agit de Princy Borgne, la Secr\u00e9taire G\u00e9n\u00e9rale salari\u00e9e du Groupe \u00c9cologiste, Social et Citoyen (M\u00e9tropole du Grand Paris). On adore ces pr\u00e9sentations dont l&rsquo;extr\u00eame gauche raffole, qui disent l&rsquo;exact oppos\u00e9 du r\u00e9el.\u00a0\u00a0<\/p>\n<p style=\"text-align: justify;\">2026 est donc la r\u00e9p\u00e9tition sans aucune innovation des op\u00e9rations imagin\u00e9es et conduites par <a href=\"https:\/\/grenoble-le-changement.fr\/2018\/09\/21\/e-lecoeur-le-directeur-de-campagne-de-e-piolle-surpaye\/\" target=\"_blank\" rel=\"noopener\">Erwan Lecoeur<\/a> et <a href=\"https:\/\/grenoble-le-changement.fr\/2024\/11\/29\/enzo-lesourt-verts-lfi-et-le-fonctionnement-de-la-municipalite-cest-degueulasse\/\" target=\"_blank\" rel=\"noopener\">Enzo Lesourt<\/a> en 2014 et 2020. Avec une story bancale pour Laurence Ruffin qui ne parle que d&rsquo;elle (\u00e7a ne vous rappelle personne ?) et n&rsquo;a aucune solution \u00e0 apporter aux probl\u00e9matiques locales.\u00a0<\/p>\n<p style=\"text-align: justify;\"><strong>LE PS GRENOBLOIS PARTI POUR FAIRE DE LA FIGURATION<\/strong><\/p>\n<p style=\"text-align: justify;\">L&rsquo;\u00e9pisode \u00ab\u00a0citoyen\u00a0\u00bb est un habillage qui ne va pas durer puisque les Rouge\/Verts ont convoqu\u00e9 le 21 juin LFI, Le PS et le PC pour une rencontre de la coalition du Nouveau Front Populaire. \u00ab Il faut que tout change pour que rien ne change \u00bb. Le PC, r\u00e9duit aux acqu\u00eats, ne peut rien. Qu&rsquo;en sera t-il du PS ? En <a href=\"https:\/\/grenoble-le-changement.fr\/2025\/04\/06\/municipales-la-gauche-sagite-loin-de-linteret-des-grenoblois\/\" target=\"_blank\" rel=\"noopener\">ayant choisi Amandine Germain,<\/a> qui est dans leurs mains \u00e9lectorales, l&rsquo;ex grand parti grenoblois ne s&rsquo;est pas plac\u00e9 dans la meilleure position : \u00ab on ne fera pas de la figuration \u00bb dit elle au DL (12\/4\/25). C&rsquo;est mal parti.\u00a0<\/p>\n<p style=\"text-align: justify;\"><strong>LES \u00c9LUS PS SE SABORDENT EUX-M\u00caMES<\/strong><\/p>\n<p style=\"text-align: justify;\">En acceptant la com\u00e9die jou\u00e9e par la majorit\u00e9 sortante et son bilan social catastrophique, en tol\u00e9rant l&rsquo;extr\u00e9misme de LFI, les \u00e9lus PS se sabordent eux-m\u00eames. Ils sont en contradiction avec leur discours tenu depuis 5 ans au Conseil Municipal. En se refusant \u00e0 toute alliance d&rsquo;int\u00e9r\u00eat local, le PS s&#8217;emp\u00eache de redevenir une force centrale. Il se livre pieds et poings li\u00e9s et ne peut finir que suppl\u00e9tif pour quelques postes \u00e9ventuels d&rsquo;Adjoints au Maire. <a href=\"https:\/\/grenoble-le-changement.fr\/2024\/06\/21\/maxence-alloto-anatomie-dune-trompette\/\" target=\"_blank\" rel=\"noopener\">Des destins \u00e0 la Maxence Alloto<\/a> se dessinent. Le PS\u00a0 disparait de la carte avant d&rsquo;y avoir p\u00e9n\u00e9tr\u00e9.<\/p>\n<p style=\"text-align: justify;\"><strong>AMANDINE GERMAIN D\u00c9JA AUXILIAIRE DE LA MAJORIT\u00c9 MUNICIPALE<\/strong><\/p>\n<p style=\"text-align: justify;\">D\u00e8s hier soir \u00e0 l&rsquo;assembl\u00e9e de l&rsquo;Union de Quartier du Village Olympique, Amandine Germain r\u00e9p\u00e9tait d\u00e9j\u00e0 les \u00e9l\u00e9ments de langage de l&rsquo;effacement au d\u00e9triment des int\u00e9r\u00eats des habitants : pas de mise en cause de la politique municipale qui a cass\u00e9 le quartier. Juste un probl\u00e8me de \u00ab\u00a0m\u00e9thode\u00a0\u00bb et \u00ab\u00a0de dialogue\u00a0\u00bb. Elle fera remonter \u00e0&#8230; Chlo\u00e9 Pantel, l&rsquo;adjointe au Maire (Verts\/LFI) qui doit <a href=\"https:\/\/grenoble-le-changement.fr\/2020\/01\/18\/village-olympique-vigny-musset-le-cri-dalarme-des-habitants\/\" target=\"_blank\" rel=\"noopener\">ignorer tous les probl\u00e8mes du quartier<\/a> ! L&rsquo;adjointe au Maire qui a a contribu\u00e9 \u00e0 tuer la MJC et le th\u00e9\u00e2tre Pr\u00e9mol, apr\u00e8s la fermeture de la biblioth\u00e8que. Les habitants peuvent compter sur les \u00e9lus PS ! Ils sont trahis.<\/p>\n<p><img decoding=\"async\" data-id=\"56680\" src=\"https:\/\/i1.wp.com\/grenoble-le-changement.fr\/wp-content\/uploads\/2022\/12\/cecile-cenatiempo-ps-1657581181.jpg?w=678&amp;ssl=1\" alt=\"\" class=\"wp-image-56680 jetpack-lazy-image\" data-recalc-dims=\"1\" data-lazy-src=\"https:\/\/www.europesays.com\/fr\/wp-content\/uploads\/2025\/04\/cecile-cenatiempo-ps-1657581181.jpg\" \/><\/p>\n<p><img decoding=\"async\" data-id=\"55805\" src=\"https:\/\/i0.wp.com\/grenoble-le-changement.fr\/wp-content\/uploads\/2022\/11\/Bouzeghoud-le-Plateau-.png?w=678&amp;ssl=1\" alt=\"\" class=\"wp-image-55805 jetpack-lazy-image\" data-recalc-dims=\"1\" data-lazy-src=\"https:\/\/www.europesays.com\/fr\/wp-content\/uploads\/2025\/04\/Bouzeghoud-le-Plateau-.png\" \/><br \/>\nC\u00e9cile Cenatiempo et Hassen Bouzeghoub, les \u00e9lus PS du Conseil Grenoblois abandonnent leurs convictions par discipline de parti et abandonnent les grenoblois victimes de la politique municipale<\/p>\n<p><strong>UNE PARTIE DE LA GAUCHE VOTE CARIGNON <\/strong><\/p>\n<p style=\"text-align: justify;\">Ce ralliement n&rsquo;est pas une si bonne nouvelle que \u00e7a pour les sortants. Car de 27 % (Safar en 2014) \u00e0 12 % (Noblecourt en 2020), le PS qui ne d\u00e9fend plus les habitants et ne s&rsquo;affirme plus en tant que tel poursuit sa chute. Quel int\u00e9r\u00eat de r\u00e9cup\u00e9rer un cadavre \u00e9lectoral ? Nombre d&rsquo;\u00e9lecteurs socio-d\u00e9mocrates, nombre d&rsquo;hommes de gauche &#8211; certains l&rsquo;affichent d\u00e9j\u00e0 publiquement &#8211; choisissent les solutions pr\u00e9conis\u00e9es par la soci\u00e9t\u00e9 civile avec <a href=\"https:\/\/grenoble-le-changement.fr\/2025\/01\/31\/alain-carignon-demande-la-suspension-de-la-zfe\/\" target=\"_blank\" rel=\"noopener\">Alain Carignon<\/a>. Ils ne craignent pas la transgression pour sauver Grenoble.<\/p>\n<p style=\"text-align: justify;\"><strong>C. FERRARI (EX PS) RALLIE \u00ab\u00a0PLACE PUBLIQUE\u00a0\u00bb<\/strong><\/p>\n<p style=\"text-align: justify;\">Le ralliement \u00e0 Place Publique annonc\u00e9 hier par Christophe Ferrari, Pr\u00e9sident (ex PS) de la M\u00e9tropole d\u00e9montre que cet espace en jach\u00e8re sera peut \u00eatre repris pour partie. En tout cas en tentant de l&rsquo;apporter aux sortants, le PS transporte du sable \u00e0 mains nues. Il n&rsquo;en restera pas grand chose.\u00a0\u00a0<\/p>\n<p style=\"text-align: justify;\"><strong>ROUGE\/VERTS : L&rsquo;ENVIE N&rsquo;Y EST PLUS\u00a0<\/strong><\/p>\n<p style=\"text-align: justify;\">Le ripolinage engag\u00e9 par nos Rouge\/Verts grenoblois risque de s&rsquo;effacer \u00e0 la premi\u00e8re pluie. \u00ab\u00a0L&rsquo;envie\u00a0\u00bb n&rsquo;y est plus. Ce montage laborieux, \u00e9cul\u00e9 d\u00e9montre que ce n&rsquo;est pas seulement le deuxi\u00e8me cerveau qui fait d\u00e9faut. Il n&rsquo;y a m\u00eame plus de cerveau du tout.\u00a0<\/p>\n<p style=\"text-align: justify;\"><strong>LES FAUX CITOYENS \u00c7A NE PEUT PAS MARCHER APR\u00c8S 11 ANS DE POUVOIR<\/strong><\/p>\n<p style=\"text-align: justify;\">Non, les faux citoyens \u00e0 la rencontre des grenoblois pour connaitre leurs d\u00e9sirs \u00e7a ne peut pas marcher apr\u00e8s 11 ans de pouvoir local. Ils le disent \u00e0 la municipalit\u00e9 par \u00ab\u00a0lettres ouvertes\u00a0\u00bb, p\u00e9titions, Unions de Quartiers, sur tous les tons et tous les modes : <a href=\"https:\/\/grenoble-le-changement.fr\/2025\/04\/09\/insecurite-toutes-les-stats-qui-confirment-que-grenoble-est-n1\/\" target=\"_blank\" rel=\"noopener\">l&rsquo;ins\u00e9curit\u00e9 end\u00e9mique<\/a>, la baisse dramatique <a href=\"https:\/\/grenoble-le-changement.fr\/2025\/04\/10\/logement-la-pauperisation-de-la-ville-saccelere\/\" target=\"_blank\" rel=\"noopener\">de la valeur des biens<\/a> qui induit une paup\u00e9risation acc\u00e9l\u00e9r\u00e9e, un niveau <a href=\"https:\/\/grenoble-le-changement.fr\/2024\/11\/01\/grenoble-une-ville-financierement-asphyxiee-premiere-pour-limpot\/\" target=\"_blank\" rel=\"noopener\">insupportable d&rsquo;imp\u00f4ts<\/a>, une ville mal pr\u00e9par\u00e9e au r\u00e9chauffement climatique car<a href=\"https:\/\/grenoble-le-changement.fr\/2022\/06\/18\/ilots-de-chaleur-piolle-pulverise-la-couche-dozone\/\" target=\"_blank\" rel=\"noopener\"> devenue la premi\u00e8re de France pour les ilots de chaleur<\/a> en 2022, un espace public qu&rsquo;on n&rsquo;a jamais connu aussi d\u00e9grad\u00e9, des quartiers entiers ghetto\u00efs\u00e9s, <a href=\"https:\/\/grenoble-le-changement.fr\/2025\/04\/03\/demain-mobilisation-devant-la-metropole\/\" target=\"_blank\" rel=\"noopener\">une vie commerciale assassin\u00e9e<\/a> par des choix dogmatiques.\u00a0<\/p>\n<p style=\"text-align: justify;\"><strong>OU ASSUMER LE BILAN, OU REVENDIQUER LA RUPTURE<\/strong><\/p>\n<p style=\"text-align: justify;\">Tout est connu, verbalis\u00e9. \u00ab\u00a0L&rsquo;apr\u00e8s Piolle\u00a0\u00bb ne peut pas \u00eatre revendiqu\u00e9 par ceux qui ont accompagn\u00e9 et soutenu sa politique et <a href=\"https:\/\/grenoble-le-changement.fr\/2025\/03\/31\/comment-la-municipalite-baillonne-la-democratie-locale\/\" target=\"_blank\" rel=\"noopener\">son autoritarisme.<\/a> Pas possible de passer aussi grossi\u00e8rement entre les gouttes. Le pi\u00e8ge se referme pour les sortants et leurs futurs alli\u00e9s : ou assumer le bilan, ou revendiquer la rupture. Dans les deux cas les d\u00e9g\u00e2ts seraient consid\u00e9rables. Il n&rsquo;existe pas de bonne solution pour eux.\u00a0<\/p>\n","protected":false},"excerpt":{"rendered":"Posted On 16 avril 2025 \u00ab Il faut que tout change pour que rien ne change \u00bb. Dans&hellip;\n","protected":false},"author":2,"featured_media":31019,"comment_status":"","ping_status":"","sticky":false,"template":"","format":"standard","meta":{"footnotes":""},"categories":[9566],"tags":[1111,11,10127,9601,2430,10607,9604,10132,9607,10133,1777,674,10608,10306,1011,27,2731,10609,10610,10611,10136,9985,10612,10613,10614,10615,12,9609,10616,10617,10140,25,10618],"class_list":{"0":"post-31018","1":"post","2":"type-post","3":"status-publish","4":"format-standard","5":"has-post-thumbnail","7":"category-grenoble","8":"tag-actu","9":"tag-actualites","10":"tag-ades","11":"tag-alain-carignon","12":"tag-auvergne-rhone-alpes","13":"tag-cecile-cenatiempo","14":"tag-christophe-ferrari","15":"tag-enzo-lesourt","16":"tag-eric-piolle","17":"tag-erwan-lecoeur","18":"tag-eu","19":"tag-europe","20":"tag-eve-moulinier","21":"tag-fatima-ouassak","22":"tag-fr","23":"tag-france","24":"tag-grenoble","25":"tag-hassen-bouzeghoub","26":"tag-jerome-safar","27":"tag-lessor","28":"tag-laurence-ruffin","29":"tag-liberation","30":"tag-lucille-lheureux","31":"tag-margot-belair","32":"tag-maxence-alloto","33":"tag-michel-verneray","34":"tag-news","35":"tag-pascal-clouaire","36":"tag-prince-salina","37":"tag-princy-borgne","38":"tag-raymond-avrillier","39":"tag-republique-francaise","40":"tag-tancrede"},"share_on_mastodon":{"url":"","error":"Validation failed: Text character limit of 500 exceeded"},"_links":{"self":[{"href":"https:\/\/www.europesays.com\/fr\/wp-json\/wp\/v2\/posts\/31018","targetHints":{"allow":["GET"]}}],"collection":[{"href":"https:\/\/www.europesays.com\/fr\/wp-json\/wp\/v2\/posts"}],"about":[{"href":"https:\/\/www.europesays.com\/fr\/wp-json\/wp\/v2\/types\/post"}],"author":[{"embeddable":true,"href":"https:\/\/www.europesays.com\/fr\/wp-json\/wp\/v2\/users\/2"}],"replies":[{"embeddable":true,"href":"https:\/\/www.europesays.com\/fr\/wp-json\/wp\/v2\/comments?post=31018"}],"version-history":[{"count":0,"href":"https:\/\/www.europesays.com\/fr\/wp-json\/wp\/v2\/posts\/31018\/revisions"}],"wp:featuredmedia":[{"embeddable":true,"href":"https:\/\/www.europesays.com\/fr\/wp-json\/wp\/v2\/media\/31019"}],"wp:attachment":[{"href":"https:\/\/www.europesays.com\/fr\/wp-json\/wp\/v2\/media?parent=31018"}],"wp:term":[{"taxonomy":"category","embeddable":true,"href":"https:\/\/www.europesays.com\/fr\/wp-json\/wp\/v2\/categories?post=31018"},{"taxonomy":"post_tag","embeddable":true,"href":"https:\/\/www.europesays.com\/fr\/wp-json\/wp\/v2\/tags?post=31018"}],"curies":[{"name":"wp","href":"https:\/\/api.w.org\/{rel}","templated":true}]}}