{"id":310180,"date":"2025-08-10T21:03:11","date_gmt":"2025-08-10T21:03:11","guid":{"rendered":"https:\/\/www.europesays.com\/fr\/310180\/"},"modified":"2025-08-10T21:03:11","modified_gmt":"2025-08-10T21:03:11","slug":"notre-serie-vue-sur-maire-quand-la-mairie-de-marseille-regarde-passer-le-train-du-pont-transbordeur","status":"publish","type":"post","link":"https:\/\/www.europesays.com\/fr\/310180\/","title":{"rendered":"NOTRE S\u00c9RIE &#8211; Vue sur maire : Quand la mairie de Marseille regarde passer le train du pont transbordeur"},"content":{"rendered":"<p>De toute \u00e9ternit\u00e9 &#8211; au moins depuis l\u2019an 600 avant J.-C. &#8211; la passe du <a href=\"https:\/\/www.laprovence.com\/article\/region\/2902537754571215\/au-panier-a-marseille-lassociation-lacydon-lance-un-appel-a-ses-anciens-adherents\" target=\"_blank\" rel=\"noopener\">Lacydon<\/a> a constitu\u00e9 un obstacle aux d\u00e9placements des Phoc\u00e9ens vers la rive sud. \u00c0 la fin du XIXe\u00a0si\u00e8cle, de nouvelles solutions techniques \u00e9mergent pour s\u2019\u00e9viter les deux kilom\u00e8tres depuis le fort Saint-Jean au nord jusqu\u2019au bassin de car\u00e9nage au sud. Les options d\u2019un pont ouvrant ou tournant sont \u00e9cart\u00e9es.<\/p>\n","protected":false},"excerpt":{"rendered":"De toute \u00e9ternit\u00e9 &#8211; au moins depuis l\u2019an 600 avant J.-C. &#8211; la passe du Lacydon a constitu\u00e9&hellip;\n","protected":false},"author":2,"featured_media":310181,"comment_status":"","ping_status":"","sticky":false,"template":"","format":"standard","meta":{"footnotes":""},"categories":[2814],"tags":[17,1111,11,1777,674,1011,27,5107,5415,884,12,14455,882,396,16,25,521,3356,13373],"class_list":{"0":"post-310180","1":"post","2":"type-post","3":"status-publish","4":"format-standard","5":"has-post-thumbnail","7":"category-marseille","8":"tag-17","9":"tag-actu","10":"tag-actualites","11":"tag-eu","12":"tag-europe","13":"tag-fr","14":"tag-france","15":"tag-maire","16":"tag-mairie","17":"tag-marseille","18":"tag-news","19":"tag-notre","20":"tag-provence-alpes-cote-dazur","21":"tag-quand","22":"tag-region","23":"tag-republique-francaise","24":"tag-serie","25":"tag-sur","26":"tag-vue"},"share_on_mastodon":{"url":"https:\/\/pubeurope.com\/@fr\/115006498880275709","error":""},"_links":{"self":[{"href":"https:\/\/www.europesays.com\/fr\/wp-json\/wp\/v2\/posts\/310180","targetHints":{"allow":["GET"]}}],"collection":[{"href":"https:\/\/www.europesays.com\/fr\/wp-json\/wp\/v2\/posts"}],"about":[{"href":"https:\/\/www.europesays.com\/fr\/wp-json\/wp\/v2\/types\/post"}],"author":[{"embeddable":true,"href":"https:\/\/www.europesays.com\/fr\/wp-json\/wp\/v2\/users\/2"}],"replies":[{"embeddable":true,"href":"https:\/\/www.europesays.com\/fr\/wp-json\/wp\/v2\/comments?post=310180"}],"version-history":[{"count":0,"href":"https:\/\/www.europesays.com\/fr\/wp-json\/wp\/v2\/posts\/310180\/revisions"}],"wp:featuredmedia":[{"embeddable":true,"href":"https:\/\/www.europesays.com\/fr\/wp-json\/wp\/v2\/media\/310181"}],"wp:attachment":[{"href":"https:\/\/www.europesays.com\/fr\/wp-json\/wp\/v2\/media?parent=310180"}],"wp:term":[{"taxonomy":"category","embeddable":true,"href":"https:\/\/www.europesays.com\/fr\/wp-json\/wp\/v2\/categories?post=310180"},{"taxonomy":"post_tag","embeddable":true,"href":"https:\/\/www.europesays.com\/fr\/wp-json\/wp\/v2\/tags?post=310180"}],"curies":[{"name":"wp","href":"https:\/\/api.w.org\/{rel}","templated":true}]}}