{"id":310184,"date":"2025-08-10T21:05:24","date_gmt":"2025-08-10T21:05:24","guid":{"rendered":"https:\/\/www.europesays.com\/fr\/310184\/"},"modified":"2025-08-10T21:05:24","modified_gmt":"2025-08-10T21:05:24","slug":"rhone-le-top-10-des-voyous-rates-ces-bras-casses-des-faits-divers-qui-nous-font-sourire","status":"publish","type":"post","link":"https:\/\/www.europesays.com\/fr\/310184\/","title":{"rendered":"Rh\u00f4ne. Le top 10 des voyous rat\u00e9s, ces bras cass\u00e9s des faits divers qui nous font sourire"},"content":{"rendered":"<p><strong> Trop gros, le voleur se retrouve coinc\u00e9 entre les barreaux<\/strong><\/p>\n<p>On commence avec du particuli\u00e8rement potache.\u00a0\u00c0 5 heures, le matin du 21 novembre 2000, rue Puits-Gaillot (Lyon 1er), un homme est surpris par une patrouille de police, coinc\u00e9 entre les barreaux prot\u00e9geant les fen\u00eatres d\u2019une association. Le bougre, en mauvaise posture, voulait p\u00e9n\u00e9trer dans le local (celui d\u2019une association de lutte contre le sida) pour commettre un vol mais il s\u2019est aper\u00e7u, trop tard, qu\u2019il \u00e9tait trop gros. Les pompiers ont d\u00fb recourir \u00e0 la scie \u00e0 m\u00e9taux pour le d\u00e9livrer.<\/p>\n<p><strong>Ils volent la Porsche du pr\u00e9sident du PSG\u2026 avec son fils qui dort \u00e0 l\u2019arri\u00e8re<\/strong><\/p>\n<p>  &#13;<br \/>\n      <a href=\"https:\/\/cdn-s-www.leprogres.fr\/images\/d44d5fb3-6eb0-4f53-85c4-a723036670e0\/NW_raw\/francis-graille-photo-fabrice-roure-1514557176.jpg\" title=\"Francis Graille.\u00a0\u00a0Photo Fabrice Roure\u00a0\" class=\"chocolat-image GA-tracking\" data-ga_type=\"click\" data-ga_category=\"D\u00e9tail\" data-ga_action=\"zoomer\" data-ga_label=\"agrandir image\" target=\"_blank\" rel=\"noopener\">&#13;<br \/>\n          <img loading=\"lazy\" decoding=\"async\" src=\"https:\/\/www.europesays.com\/fr\/wp-content\/uploads\/2025\/08\/francis-graille-photo-fabrice-roure-1514557176.jpg\" data-mobile=\"NW_listC_M|1514557176\" data-base=\"NW_listC|1514557176\" alt=\"Francis Graille.\u00a0\u00a0Photo Fabrice Roure\u00a0\"\/>&#13;<br \/>\n      <\/a>&#13;<\/p>\n<p>Francis Graille.\u00a0\u00a0Photo Fabrice Roure\u00a0<\/p>\n<p>&#13;<\/p>\n<p>On monte d\u2019un cran dans la filouterie. Francis Graille, pr\u00e9sident-d\u00e9l\u00e9gu\u00e9 du Paris Saint-Germain (PSG), est victime d\u2019un car-jacking le 15 avril 2004. Alors qu\u2019il gare sa Porsche 911 devant une entreprise de communication avenue Paul-Kr\u00fcger \u00e0 Villeurbanne, l\u2019homme d\u2019affaires, alors \u00e2g\u00e9 de 49 ans, est attaqu\u00e9 par deux hommes, sorti du v\u00e9hicule et rou\u00e9 de coups. Les malfaiteurs s\u2019enfuient dans la voiture de luxe sans s\u2019apercevoir\u2026 que le fils de Francis Graille dort sur la banquette arri\u00e8re. L&rsquo;<a href=\"https:\/\/www.leparisien.fr\/faits-divers\/j-ai-cru-qu-ils-voulaient-enlever-mon-fils-16-12-2004-2005542378.php?ts=1753800016576\" target=\"_blank\" rel=\"noopener\">enfant de 4 ans<\/a> sera simplement d\u00e9pos\u00e9 sur le trottoir quelques centaines de m\u00e8tres plus loin.<\/p>\n<p>Deux hommes de 19 et 22 ans sont interpell\u00e9s,\u00a0quartier de Terraillon, \u00e0 Bron et incarc\u00e9r\u00e9s. 500\u20ac ont \u00e9t\u00e9 vol\u00e9s mais aucun document qualifi\u00e9 de \u00ab\u00a0confidentiel\u00a0\u00bb concernant des transferts de joueurs de football.<\/p>\n<p>Avant M. Graille, <a href=\"https:\/\/www.leprogres.fr\/p\/jean-michel-aulas\" target=\"_blank\" rel=\"noopener\">Jean-Michel Aulas<\/a>, pr\u00e9sident de l&rsquo;Olympique lyonnais (OL), avait connu le m\u00eame sort, sur le parking de sa soci\u00e9t\u00e9 d&rsquo;informatique, en 2003, dans le 9e arrondissement de Lyon.<\/p>\n<p>  <strong>8. Moutiers (Savoie), 2012.<\/strong><\/p>\n<p><strong> Rapt\u00a0rat\u00e9 : Fabrice Fior\u00e8se, ancien joueur de l\u2019OL, s\u2019\u00e9chappe de la voiture pendant un embouteillage<\/strong><\/p>\n<p>Football toujours. Le 28 septembre 2012, \u00e0 Salins-les-Thermes (Savoie), l\u2019ancien international Fabrice Fior\u00e8se, form\u00e9 \u00e0 l\u2019Olympique lyonnais (OL), est victime d\u2019une agression \u00e0 son domicile. Malmen\u00e9 par trois hommes, il est embarqu\u00e9 dans un Range Rover\u2026dont il parvient \u00e0 s\u2019\u00e9chapper en cassant une vitre pendant un embouteillage\u00a0! Les petits d\u00e9linquants venus de la r\u00e9gion lyonnaise sont film\u00e9s plusieurs fois par les cam\u00e9ras de vid\u00e9osurveillance de commerces et des empreintes et de l\u2019ADN sont laiss\u00e9s un peu partout dans la maison du footballeur et dans le 4&#215;4. Deux suspects sont interpell\u00e9s.<\/p>\n<p>C\u2019est un autre joueur de foot, <a href=\"https:\/\/www.lemonde.fr\/football\/article\/2016\/01\/19\/football-anselmini-condamne-a-cinq-ans-de-prison-pour-l-enlevement-rate-de-fiorese_4849902_1616938.html#:~:text=Football%20Football-,Football%20%3A%20Anselmini%20condamn%C3%A9%20%C3%A0%20cinq%20ans%20de%20prison%20pour%20l,%C3%AAtre%20le%20commanditaire%20du%20rapt.&amp;text=Lecture%202%20min.\" target=\"_blank\" rel=\"noopener\">Ghislain Anselmini<\/a>, ex-d\u00e9fenseur de l\u2019OL (1994-1998) et \u00ab\u00a0ami\u00a0\u00bb de la victime, qui est d\u00e9sign\u00e9 comme le commanditaire. Il aurait eu connaissance de la pr\u00e9sence d\u2019une somme de 500\u00a0000\u20ac chez Fabrice Fior\u00e8se. Le\u00a019 janvier 2016, il est condamn\u00e9 \u00e0 5\u00a0ans de prison par la cour d\u2019assises\u00a0de Savoie.\u00a0Deux des trois ravisseurs \u00e9copent de 10 ans de r\u00e9clusion.<\/p>\n<p><strong>Pour app\u00e2ter le client, le dealer distribue des flyers artisanaux<br \/><\/strong><\/p>\n<p>Un expert du marketing de rue. Pour vendre sa r\u00e9sine de cannabis et \u00e9tendre sa zone de chalandise, un Villeurbannais de 32 ans, d\u00e9cide de <a href=\"https:\/\/www.ledauphine.com\/faits-divers\/2015\/08\/25\/le-dealer-distribue-des-prospectus\" target=\"_blank\" rel=\"noopener\">fabriquer des flyers<\/a>\u00a0: pr\u00e9nom, num\u00e9ro de t\u00e9l\u00e9phone et offre promotionnelle du moment (\u00ab Livraison \u00e0 domicile \u00e0 partir de 100 euros \u00bb) sont indiqu\u00e9s en manuscrit.<br \/>Le 20 ao\u00fbt 2015, le dealer passe \u00e0 l\u2019action en toute confiance, dans son propre quartier, en proposant ses flyers \u00e0 tous les passants sans distinction, accompagn\u00e9 d\u2019un petit \u00e9chantillon de 0,5 gramme de r\u00e9sine de cannabis. Alpagu\u00e9 comme les autres, le client d\u2019un h\u00f4tel, \u00e2g\u00e9 d\u2019une cinquantaine d\u2019ann\u00e9es, plus bon p\u00e8re de famille que rouleur de joint, est estomaqu\u00e9 et avise la police. Une trentaine de barrettes de r\u00e9sine de cannabis sont retrouv\u00e9es au domicile du trentenaire.<br \/>Dix ans plus tard, <a href=\"https:\/\/france3-regions.franceinfo.fr\/auvergne-rhone-alpes\/isere\/degoute-de-voir-l-audace-de-ces-gens-des-flyers-proposant-de-la-drogue-distribues-dans-des-boites-aux-lettres-en-isere-3114814.html\" target=\"_blank\" rel=\"noopener\">les trafiquants n\u2019ont pas abandonn\u00e9 cette technique de vente<\/a> sauf que les tracts (d\u00e9sormais dactylographi\u00e9s et parfois avec un QRcode) sont plut\u00f4t gliss\u00e9s discr\u00e8tement dans les bo\u00eetes aux lettres.<\/p>\n<p><strong>6. Meyzieu, 2019.<\/strong><\/p>\n<p><strong><br \/>La vid\u00e9o du modeste braquage du McDonald\u2019s fait un buzz plan\u00e9taire<\/strong><\/p>\n<p>                                            <img class=\"placeholder-svg\" loading=\"lazy\" decoding=\"async\" src=\"https:\/\/cdn-files.prsmedia.fr\/files\/REDAC\/images\/svg\/placeholders\/youtube.svg\" alt=\"Youtube PlaceHolder\"\/>               <\/p>\n<p>Ce contenu est bloqu\u00e9 car vous n&rsquo;avez pas accept\u00e9 les cookies et autres traceurs.<\/p>\n<p>En cliquant sur \u00ab J\u2019accepte \u00bb, les cookies et autres traceurs seront d\u00e9pos\u00e9s et vous pourrez visualiser les contenus  (<a href=\"\" class=\"consentModule_policy\" target=\"_blank\" title=\"Consulter la politique de protection des donn\u00e9es du fournisseur\">plus d&rsquo;informations<\/a>).<\/p>\n<p>En cliquant sur \u00ab J\u2019accepte tous les cookies \u00bb, vous autorisez des d\u00e9p\u00f4ts de cookies et autres traceurs pour le stockage de vos donn\u00e9es sur nos sites et applications \u00e0 des fins de personnalisation et de ciblage publicitaire.<\/p>\n<p class=\"consentModule_secondaryText\">Vous gardez la possibilit\u00e9 de retirer votre consentement \u00e0 tout moment en consultant notre <a href=\"https:\/\/www.leprogres.fr\/protection-des-donnees\" target=\"_blank\" title=\"Consulter notre politique de protection des donn\u00e9es\" rel=\"noopener\">politique de protection des donn\u00e9es<\/a>. <br \/>&#13;<br \/>\n            <a href=\"https:\/\/www.leprogres.fr\/faits-divers-justice\/2025\/08\/10\/javascript:Didomi.notice.show()\" class=\"consentModule_cmp\" target=\"_blank\" rel=\"noopener\">G\u00e9rer mes choix<\/a>&#13;\n        <\/p>\n<p>&#13;<br \/>\n                        J&rsquo;accepte&#13;<br \/>\n            J&rsquo;accepte tous les cookies&#13;\n        <\/p>\n<p>  &#13;<br \/>\n      <a href=\"https:\/\/cdn-s-www.leprogres.fr\/images\/dca4bbe6-f5c0-4435-873a-7a08a3b254ac\/NW_raw\/capture-d-ecran-twitter-1753808899.jpg\" title=\"Capture d&#039;\u00e9cran Twitter\" class=\"chocolat-image GA-tracking\" data-ga_type=\"click\" data-ga_category=\"D\u00e9tail\" data-ga_action=\"zoomer\" data-ga_label=\"agrandir image\" target=\"_blank\" rel=\"noopener\">&#13;<br \/>\n          <img loading=\"lazy\" decoding=\"async\" src=\"https:\/\/www.europesays.com\/fr\/wp-content\/uploads\/2025\/08\/capture-d-ecran-twitter-1753808899.jpg\" data-mobile=\"NW_listC_M|1753808899\" data-base=\"NW_listC|1753808899\" alt=\"Capture d'\u00e9cran Twitter\"\/>&#13;<br \/>\n      <\/a>&#13;<\/p>\n<p>Capture d&rsquo;\u00e9cran Twitter<\/p>\n<p>&#13;<\/p>\n<p>Photomontages, parodies, GIFs,\u00a0memes : l\u2019amateurisme des braqueurs fait sourire des millions d\u2019internautes.<br \/>Vendredi 27 d\u00e9cembre 2019, en soir\u00e9e, deux hommes p\u00e9n\u00e8trent dans le fast-food majolan et exigent la caisse\u00a0; <a href=\"https:\/\/www.leprogres.fr\/edition-est-lyonnais\/2019\/12\/28\/il-filme-le-braquage-du-mcdonald-s-de-meyzieu\" target=\"_blank\" rel=\"noopener\">la sc\u00e8ne est film\u00e9e de bout en bout<\/a>. Hypernerveux, ils sont cagoul\u00e9s, arm\u00e9s et portent un sac plastique, attribut ridicule en telle situation. Dans la confusion g\u00e9n\u00e9rale, un employ\u00e9 re\u00e7oit un coup de crosse dans le ventre, un autre a un pistolet point\u00e9 sur le front.<\/p>\n<p>Mais les images montrent surtout des salari\u00e9s aux bras crois\u00e9s, sto\u00efques, et des clients au calme olympien, compl\u00e8tement indiff\u00e9rents \u00e0 cette sc\u00e8ne de violence. L\u2019a\u00een\u00e9 des braqueurs, \u00e2g\u00e9 de 25 ans, interpelle d\u2019abord son comparse de 21 ans en criant \u00ab\u00a0Berlin\u00a0! \u00bb (du nom du chef des braqueurs de la s\u00e9rie\u00a0Casa de Papel). Celui-ci n\u2019ayant pas r\u00e9agi, il le h\u00e8le une seconde fois en l\u00e2chant malencontreusement son vrai pr\u00e9nom \u00ab\u00a0Ryan, viens l\u00e0\u00a0!\u00a0\u00bb, une phrase qui alimentera le <a href=\"https:\/\/www.leprogres.fr\/edition-est-lyonnais\/2019\/12\/30\/braquage-de-meyzieu-itineraire-d-un-buzz-planetaire\" target=\"_blank\" rel=\"noopener\">buzz plan\u00e9taire<\/a>*.<\/p>\n<p>Le Villeurbannais et le Vaudais s\u2019\u00e9nervent sur le tiroir-caisse en le jetant de rage par terre, incapables de l\u2019ouvrir, avant de s\u2019enfuir avec. Ils sont condamn\u00e9s \u00e0 5 ans et 40 mois de prison en avril 2022.<\/p>\n<p class=\"note\">*Une des vid\u00e9os virales (cumulant pr\u00e8s de 3 millions de vues), \u00e9tait un <a href=\"https:\/\/www.leprogres.fr\/edition-est-lyonnais\/2020\/01\/02\/braquage-du-mcdonald-s-de-meyzieu-un-faux-temoin-piege-les-medias\" target=\"_blank\" rel=\"noopener\">fake<\/a>, elle avait \u00e9t\u00e9 localis\u00e9e \u00e0 V\u00e9lizy-Villacoublay (Yvelines) et non dans le Rh\u00f4ne. Un t\u00e9moignage bidon avait \u00e9galement pi\u00e9g\u00e9 certains m\u00e9dias.<\/p>\n<p><strong>5. Villefranche-sur-Sa\u00f4ne, 2019\u00a0<\/strong><\/p>\n<p><strong><br \/>Surpris par des salari\u00e9s, le voleur leur court apr\u00e8s, arm\u00e9 d\u2019une disqueuse dans l\u2019Intermarch\u00e9<\/strong><\/p>\n<p>C\u2019est un mauvais remake du film d\u2019horreur Massacre \u00e0 tron\u00e7onneuse. Samedi 14 d\u00e9cembre 2019, un magasin Intermarch\u00e9 de Villefranche-sur-Sa\u00f4ne est visit\u00e9 par deux mineurs (16 et 17 ans) qui p\u00e9n\u00e8trent dans le magasin en d\u00e9coupant une fen\u00eatre de toit \u00e0 la disqueuse.<\/p>\n<p>Il est 4 heures quand ils s\u2019attaquent \u00e0 la d\u00e9coupe du distributeur de billets situ\u00e9 dans l\u2019enseigne. La d\u00e9coupe du coffre \u00e0 la disqueuse prend plus de temps que pr\u00e9vu. A 5 heures, les premiers salari\u00e9s prennent leur service et se trouvent nez \u00e0 nez avec les jeunes cambrioleurs. L\u2019un d\u2019eux la brandit <a href=\"https:\/\/www.leprogres.fr\/edition-villefranche\/2019\/12\/16\/le-cambrioleur-court-apres-les-employes-d-intermarche-avec-une-disqueuse\" target=\"_blank\" rel=\"noopener\">comme une arme et poursuit les salari\u00e9s qui ont juste le temps de se r\u00e9fugier derri\u00e8re une porte ferm\u00e9e.<\/a><\/p>\n<p>Originaire de Villefranche et de Saint-Genis-Laval, ils sont identifi\u00e9s sur les cam\u00e9ras de vid\u00e9osurveillance du magasin et jug\u00e9s par le tribunal pour enfants. L\u2019employ\u00e9 directement menac\u00e9 par la disqueuse a \u00e9t\u00e9 tr\u00e8s choqu\u00e9, son incapacit\u00e9 totale de travail (ITT) a \u00e9t\u00e9 estim\u00e9e \u00e0 8 jours.<\/p>\n<p><strong>4. A7 (aire de Solaize),\u00a0 2021<\/strong><\/p>\n<p><strong><br \/>Suivis par la BRI, ils attaquent un fourgon blind\u00e9 arm\u00e9s d\u2019une masse et d\u2019une grenade en p\u00e2te \u00e0 modeler\u00a0<\/strong><\/p>\n<p>  &#13;<br \/>\n      <a href=\"https:\/\/cdn-s-www.leprogres.fr\/images\/c536f719-4f40-4558-a028-c061dceddb0e\/NW_raw\/sur-l-aire-de-solaize-sur-l-a7-4-hommes-ont-tente-de-braquer-un-fourgon-banalise-de-transport-de-fonds-photo-maxime-jegat-1632837885.jpg\" title=\"Sur l&#039;aire de Solaize sur l&#039;A7, 4 hommes ont tent\u00e9 de braquer un fourgon banalis\u00e9 de transport de fonds. Photo Maxime Jegat\" class=\"chocolat-image GA-tracking\" data-ga_type=\"click\" data-ga_category=\"D\u00e9tail\" data-ga_action=\"zoomer\" data-ga_label=\"agrandir image\" target=\"_blank\" rel=\"noopener\">&#13;<br \/>\n          <img loading=\"lazy\" decoding=\"async\" src=\"https:\/\/www.europesays.com\/fr\/wp-content\/uploads\/2025\/08\/sur-l-aire-de-solaize-sur-l-a7-4-hommes-ont-tente-de-braquer-un-fourgon-banalise-de-transport-de-fon.jpeg\" data-mobile=\"NW_listC_M|1632837885\" data-base=\"NW_listC|1632837885\" alt=\"Sur l'aire de Solaize sur l'A7, 4 hommes ont tent\u00e9 de braquer un fourgon banalis\u00e9 de transport de fonds. Photo Maxime Jegat\"\/>&#13;<br \/>\n      <\/a>&#13;<\/p>\n<p>Sur l&rsquo;aire de Solaize sur l&rsquo;A7, 4 hommes ont tent\u00e9 de braquer un fourgon banalis\u00e9 de transport de fonds. Photo Maxime Jegat<\/p>\n<p>&#13;<\/p>\n<p>L\u2019affaire avait fait grand bruit. Le 24 septembre 2021, de l\u2019or et des bijoux sont charg\u00e9s \u00e0 Lyon dans un fourgon de transports de fonds de la soci\u00e9t\u00e9 T\u00e9mis Luxury. Quatre hommes, \u00e2g\u00e9s de 21 \u00e0 39 ans, originaires de la r\u00e9gion de Villefranche-sur-Sa\u00f4ne sont en embuscade. Ils commencent par perdre la camionnette blanche banalis\u00e9e dans la circulation de Gerland. Les Caladois rep\u00e8rent finalement in extr\u00e9mis leur cible faisant le plein sur l\u2019A7&#8230; et entrent en marche arri\u00e8re sur <a href=\"https:\/\/www.leprogres.fr\/faits-divers-justice\/2021\/09\/24\/marche-arriere-sur-l-a7-coups-de-pieu-et-incendie-retour-sur-le-braquage-rate-de-solaize\" target=\"_blank\" rel=\"noopener\">l\u2019aire de repos de Solaize.<\/a><\/p>\n<p>Cagoul\u00e9s, gant\u00e9s, et en bleu de travail (pour trois d\u2019entre eux), ils braquent les transporteurs de fonds avec un fusil d\u2019assaut factice et posent un faux pain d\u2019explosif en p\u00e2te \u00e0 modeler sur le pare-brise. En dernier recours, les malfaiteurs tentent, en vain, de briser les vitres blind\u00e9es du camion \u00e0 coups de masse. Ils repartent bien s\u00fbr bredouille, sans oublier d\u2019incendier les v\u00e9hicules \u00e0 proximit\u00e9 des pompes \u00e0 essence. Une explosion dramatique a probablement \u00e9t\u00e9 \u00e9vit\u00e9e de justesse dans la vall\u00e9e de la chimie.<\/p>\n<p>Le commando mal pr\u00e9par\u00e9 ignore alors qu\u2019il est observ\u00e9 par des agents de la BRI (brigade de recherche et d\u2019intervention). Les policiers qui avaient simplement g\u00e9olocalis\u00e9 un v\u00e9hicule vol\u00e9\u00a0ne s\u2019attendaient pas \u00e0 un tel spectacle. Une importante <a href=\"https:\/\/www.leprogres.fr\/faits-divers-justice\/2021\/09\/25\/braquage-rate-la-chasse-a-l-homme-terminee-le-suspect-toujours-en-fuite\" target=\"_blank\" rel=\"noopener\">chasse \u00e0 l\u2019homme <\/a>s\u2019ensuit. Les quatre braqueurs rat\u00e9s sont condamn\u00e9s en octobre 2024 par la <a href=\"https:\/\/www.leprogres.fr\/faits-divers-justice\/2024\/10\/25\/braquage-rate-en-bleus-de-travail-sur-une-aire-de-l-a7-quatre-accuses-juges-aux-assises\" target=\"_blank\" rel=\"noopener\">cour d\u2019assises<\/a> du Rh\u00f4ne \u00e0 des peines allant de 16 \u00e0 8 ans d\u2019emprisonnement.<\/p>\n<p><strong>3. Villefranche-sur-Sa\u00f4ne, 2024<\/strong><\/p>\n<p><strong><br \/>Recherch\u00e9 pour \u00e9vasion, il se pr\u00e9sente au guichet de la pr\u00e9fecture pour des d\u00e9marches administratives<br \/><\/strong><\/p>\n<p>Vraisemblablement, ce n\u2019est pas un professionnel de la cavale. En mai\u00a02023, un jeune homme de 20 ans incarc\u00e9r\u00e9 pour des faits de trafic de stup\u00e9fiants et de vol aggrav\u00e9, obtient un r\u00e9gime de semi-libert\u00e9 \u00e0 la <a href=\"https:\/\/www.leprogres.fr\/faits-divers-justice\/2025\/07\/05\/evade-de-prison-il-se-presente-au-guichet-de-la-prefecture-pour-des-demarches-administratives\" target=\"_blank\" rel=\"noopener\">maison d\u2019arr\u00eat de Villefranche-sur-Sa\u00f4ne<\/a>. Mais il ne r\u00e9int\u00e8gre pas sa cellule.<\/p>\n<p>Quelques jours plus tard, il se pr\u00e9sente tranquillement au guichet de la pr\u00e9fecture pour effectuer des d\u00e9marches administratives. Il est interpell\u00e9 et explique qu\u2019il avait d\u2019abord \u00ab\u00a0rat\u00e9 son train\u00a0\u00bb puis qu\u2019il n\u2019avait \u00ab\u00a0plus eu envie\u00a0\u00bb de rentrer \u00e0 l\u2019\u00e9tablissement p\u00e9nitentiaire.<br \/>Lorsque le tribunal judiciaire de Villefranche-sur-Sa\u00f4ne se penche sur son cas le 1er\u00a0juillet 2025, le ressortissant alg\u00e9rien, qui avait \u00e9t\u00e9 de nouveau plac\u00e9 en r\u00e9gime de semi-libert\u00e9, ne se pr\u00e9sente pas \u00e0 l\u2019audience. Il est condamn\u00e9 en son absence \u00e0 six mois de prison ferme et deux ans d\u2019interdiction du territoire fran\u00e7ais.<\/p>\n<p><strong>2. Est lyonnais, 2025<\/strong><\/p>\n<p><strong><\/p>\n<p>Le convoyeur de drogue braqu\u00e9 alerte la gendarmerie\u00a0: l\u2019information d\u00e9bouche sur une saisie record<\/p>\n<p><\/strong>                            <\/p>\n<p>    &#13;<br \/>\n    &#13;<br \/>\n    &#13;<br \/>\n    <a href=\"https:\/\/cdn-s-www.leprogres.fr\/images\/150cfd17-960f-4119-9a39-efa890315006\/NW_raw\/9-1-tonnes-de-cannabis-soit-72-millions-d-euros-photo-fournie-par-la-gendarmerie-1753808899.jpg\" title=\"9,1 tonnes de cannabis soit 72 millions d&#039;euros. Photo fournie par la gendarmerie\" class=\"chocolat-image GA-tracking\" data-ga_type=\"click\" data-ga_category=\"D\u00e9tail\" data-ga_action=\"zoomer\" data-ga_label=\"aggrandir image\" target=\"_blank\" rel=\"noopener\">&#13;<br \/>\n        <img src=\"https:\/\/www.europesays.com\/fr\/wp-content\/uploads\/2025\/08\/9-1-tonnes-de-cannabis-soit-72-millions-d-euros-photo-fournie-par-la-gendarmerie-1753808899.jpg\"   alt=\"9,1 tonnes de cannabis soit 72 millions d'euros. Photo fournie par la gendarmerie\" fetchpriority=\"high\" decoding=\"async\" data-mobile=\"NW_listA_M|1753808899\" data-base=\"NW_listA|1753808899\"\/>&#13;<br \/>\n    <\/a>&#13;<\/p>\n<p>9,1 tonnes de cannabis soit 72 millions d&rsquo;euros. Photo fournie par la gendarmerie<\/p>\n<p>  &#13;<br \/>\n      <a href=\"https:\/\/cdn-s-www.leprogres.fr\/images\/03a706d9-61fd-4c42-ba09-95d2c61f9877\/NW_raw\/photo-fournie-par-la-gendarmerie-1753808899.jpg\" title=\"Photo fournie par la gendarmerie\" class=\"chocolat-image GA-tracking\" data-ga_type=\"click\" data-ga_category=\"D\u00e9tail\" data-ga_action=\"zoomer\" data-ga_label=\"agrandir image\" target=\"_blank\" rel=\"noopener\">&#13;<br \/>\n          <img loading=\"lazy\" decoding=\"async\" src=\"https:\/\/www.europesays.com\/fr\/wp-content\/uploads\/2025\/08\/photo-fournie-par-la-gendarmerie-1753808899.jpg\" data-mobile=\"NW_listC_M|1753808899\" data-base=\"NW_listC|1753808899\" alt=\"Photo fournie par la gendarmerie\"\/>&#13;<br \/>\n      <\/a>&#13;<\/p>\n<p>Photo fournie par la gendarmerie<\/p>\n<p>&#13;<\/p>\n<p>Perdu pour perdu, un trafiquant de drogue alerte la police. Lundi 21 avril, le chauffeur d\u2019un poids lourd immatricul\u00e9 au Maroc transportant un imposant chargement de drogue est braqu\u00e9 dans une <a href=\"https:\/\/www.parismatch.com\/actu\/faits-divers\/info-paris-match-il-se-fait-voler-9-tonnes-de-cannabis-puis-alerte-la-police-250685\" target=\"_blank\" rel=\"noopener\">station-service \u00e0 Vitrolles (Bouches-du-Rh\u00f4ne).<\/a><\/p>\n<p>Le convoyeur victime, de retour d\u2019Espagne, prend la d\u00e9cision surprenante d\u2019aider la police plut\u00f4t que de laisser ses concurrents profiter de la pr\u00e9cieuse cargaison. Le v\u00e9hicule et la drogue \u00e9tant \u00e9quip\u00e9s de balises, il communique aux forces de l\u2019ordre des coordonn\u00e9es GPS pr\u00e9cises. Dans un entrep\u00f4t d\u2019une zone industrielle d\u2019une commune de l\u2019Est lyonnais,<a href=\"https:\/\/www.leprogres.fr\/faits-divers-justice\/2025\/04\/29\/perdu-pour-perdu-le-convoyeur-de-drogue-braque-alerte-la-gendarmerie-9-1-tonnes-saisies-soit-72-millions-d-euros\" target=\"_blank\" rel=\"noopener\"> 9,1 tonnes de cannabis sont d\u00e9couvertes<\/a>, dissimul\u00e9es dans des caisses m\u00e9talliques, soit 72 millions d\u2019euros. Dans un communiqu\u00e9, la gendarmerie a simplement indiqu\u00e9 \u00ab\u00a0avoir re\u00e7u un renseignement\u00a0\u00bb permettant cette saisie record.<\/p>\n<p><strong>1. Corbas, 2025<\/strong><\/p>\n<p><strong><br \/>Evasion rocambolesque de la prison dans un sac \u00e0 linge sale, la cavale aura \u00e9t\u00e9 de courte dur\u00e9e <\/strong><\/p>\n<ul class=\"galerieContent carousel-wrapper__slides\" id=\"8fa35487-fd40-4dab-bffe-b62b9b390035\">        &#13;<\/p>\n<li class=\"carousel-wrapper__slides--slide item\" id=\"slide-1\">&#13;<br \/>\n                                    &#13;<br \/>\n                        <a class=\"chocolat-image GA-tracking\" data-ga_type=\"click\" data-ga_category=\"D\u00e9tail\" data-ga_action=\"zoomer\" data-ga_label=\"aggrandir image\" href=\"https:\/\/cdn-s-www.leprogres.fr\/images\/8a225f03-1ebe-4d83-a1c8-e345e275e53f\/NW_raw\/c-est-au-16-avenue-paul-delorme-a-sathonay-camp-que-l-evade-a-ete-interpelle-au-bas-de-l-immeuble-photo-joel-philippon-1752591216.jpg\" title=\"C&#039;est au 16 avenue Paul-Delorme \u00e0 Sathonay-Camp que l&#039;\u00e9vad\u00e9 a \u00e9t\u00e9 interpell\u00e9 au bas de l&#039;immeuble. Photo Jo\u00ebl Philippon\" target=\"_blank\" rel=\"noopener\">&#13;<br \/>\n                            <img decoding=\"async\" src=\"https:\/\/www.europesays.com\/fr\/wp-content\/uploads\/2025\/08\/c-est-au-16-avenue-paul-delorme-a-sathonay-camp-que-l-evade-a-ete-interpelle-au-bas-de-l-immeuble-ph.jpeg\"   alt=\"C'est au 16 avenue Paul-Delorme \u00e0 Sathonay-Camp que l'\u00e9vad\u00e9 a \u00e9t\u00e9 interpell\u00e9 au bas de l'immeuble. Photo Jo\u00ebl Philippon\" fetchpriority=\"high\" data-mobile=\"NW_listA_M|1752591216\" data-base=\"NW_listA|1752591216\"\/>&#13;<br \/>\n                        <\/a>&#13;<\/p>\n<p>C&rsquo;est au 16 avenue Paul-Delorme \u00e0 Sathonay-Camp que l&rsquo;\u00e9vad\u00e9 a \u00e9t\u00e9 interpell\u00e9 au bas de l&rsquo;immeuble. Photo Jo\u00ebl Philippon<\/p>\n<p>                        &#13;<br \/>\n                                           &#13;\n                <\/li>\n<p>&#13;<br \/>\n            &#13;<\/p>\n<li class=\"carousel-wrapper__slides--slide item slideWithPub\" id=\"slide-2\">&#13;<br \/>\n                        &#13;<br \/>\n                            <a class=\"chocolat-image\" title=\"Publicit\u00e9\" href=\"data:image\/gif;base64,R0lGODlhAQABAAD\/ACwAAAAAAQABAAACADs=\">&#13;<br \/>\n                                <img decoding=\"async\" src=\"data:image\/gif;base64,R0lGODlhAQABAAD\/ACwAAAAAAQABAAACADs=\" alt=\"Publicit\u00e9\" loading=\"lazy\" fetchpriority=\"low\"\/>&#13;<br \/>\n                            <\/a>&#13;<br \/>\n                        &#13;\n                    <\/li>\n<p>&#13;<\/p>\n<li class=\"carousel-wrapper__slides--slide item\" id=\"slide-3\">&#13;<br \/>\n                                    &#13;<br \/>\n                        <a class=\"chocolat-image GA-tracking\" data-ga_type=\"click\" data-ga_category=\"D\u00e9tail\" data-ga_action=\"zoomer\" data-ga_label=\"aggrandir image\" href=\"https:\/\/cdn-s-www.leprogres.fr\/images\/36ad2f07-eaa4-401d-9a48-45f055e84f0a\/NW_raw\/c-est-au-16-avenue-paul-delorme-a-sathonay-camp-que-l-evade-a-ete-interpelle-au-bas-de-l-immeuble-photo-joel-philippon-1752618539.jpg\" title=\"C&#039;est au 16 avenue Paul-Delorme \u00e0 Sathonay-Camp que l&#039;\u00e9vad\u00e9 a \u00e9t\u00e9 interpell\u00e9 au bas de l&#039;immeuble. Photo Jo\u00ebl Philippon\" target=\"_blank\" rel=\"noopener\">&#13;<br \/>\n                            <img decoding=\"async\" src=\"https:\/\/www.europesays.com\/fr\/wp-content\/uploads\/2025\/08\/1754859923_18_c-est-au-16-avenue-paul-delorme-a-sathonay-camp-que-l-evade-a-ete-interpelle-au-bas-de-l-immeuble-ph.jpeg\"   alt=\"C'est au 16 avenue Paul-Delorme \u00e0 Sathonay-Camp que l'\u00e9vad\u00e9 a \u00e9t\u00e9 interpell\u00e9 au bas de l'immeuble. Photo Jo\u00ebl Philippon\" loading=\"lazy\" fetchpriority=\"low\" data-mobile=\"NW_listA_M|1752618539\" data-base=\"NW_listA|1752618539\"\/>&#13;<br \/>\n                        <\/a>&#13;<\/p>\n<p>C&rsquo;est au 16 avenue Paul-Delorme \u00e0 Sathonay-Camp que l&rsquo;\u00e9vad\u00e9 a \u00e9t\u00e9 interpell\u00e9 au bas de l&rsquo;immeuble. Photo Jo\u00ebl Philippon<\/p>\n<p>                        &#13;<br \/>\n                                           &#13;\n                <\/li>\n<p>&#13;<br \/>\n            &#13;<\/p>\n<li class=\"carousel-wrapper__slides--slide item\" id=\"slide-4\">&#13;<br \/>\n                                    &#13;<br \/>\n                        <a class=\"chocolat-image GA-tracking\" data-ga_type=\"click\" data-ga_category=\"D\u00e9tail\" data-ga_action=\"zoomer\" data-ga_label=\"aggrandir image\" href=\"https:\/\/cdn-s-www.leprogres.fr\/images\/2639a6b8-6ead-4046-8183-75fa4e267f24\/NW_raw\/c-est-au-16-avenue-paul-delorme-a-sathonay-camp-que-l-evade-a-ete-interpelle-au-bas-de-l-immeuble-contre-le-grillage-photo-joel-philippon-1752591216.jpg\" title=\"C&#039;est au 16 avenue Paul-Delorme \u00e0 Sathonay-Camp que l&#039;\u00e9vad\u00e9 a \u00e9t\u00e9 interpell\u00e9 au bas de l&#039;immeuble contre le grillage. Photo Jo\u00ebl Philippon\" target=\"_blank\" rel=\"noopener\">&#13;<br \/>\n                            <img decoding=\"async\" src=\"https:\/\/www.europesays.com\/fr\/wp-content\/uploads\/2025\/08\/c-est-au-16-avenue-paul-delorme-a-sathonay-camp-que-l-evade-a-ete-interpelle-au-bas-de-l-immeuble-co.jpeg\"   alt=\"C'est au 16 avenue Paul-Delorme \u00e0 Sathonay-Camp que l'\u00e9vad\u00e9 a \u00e9t\u00e9 interpell\u00e9 au bas de l'immeuble contre le grillage. Photo Jo\u00ebl Philippon\" loading=\"lazy\" fetchpriority=\"low\" data-mobile=\"NW_listA_M|1752591216\" data-base=\"NW_listA|1752591216\"\/>&#13;<br \/>\n                        <\/a>&#13;<\/p>\n<p>C&rsquo;est au 16 avenue Paul-Delorme \u00e0 Sathonay-Camp que l&rsquo;\u00e9vad\u00e9 a \u00e9t\u00e9 interpell\u00e9 au bas de l&rsquo;immeuble contre le grillage. Photo Jo\u00ebl Philippon<\/p>\n<p>                        &#13;<br \/>\n                                           &#13;\n                <\/li>\n<p>&#13;<br \/>\n            &#13;\n                <\/ul>\n<p>  &#13;<br \/>\n      <a href=\"https:\/\/cdn-s-www.leprogres.fr\/images\/6778def0-0114-4f56-bb24-2ef0288cfcc0\/NW_raw\/l-evade-de-la-prison-de-corbas-photo-interpol-1752443167.jpg\" title=\"L&#039;\u00e9vad\u00e9 de la prison de Corbas. Photo Interpol\" class=\"chocolat-image GA-tracking\" data-ga_type=\"click\" data-ga_category=\"D\u00e9tail\" data-ga_action=\"zoomer\" data-ga_label=\"agrandir image\" target=\"_blank\" rel=\"noopener\">&#13;<br \/>\n          <img loading=\"lazy\" decoding=\"async\" src=\"https:\/\/www.europesays.com\/fr\/wp-content\/uploads\/2025\/08\/l-evade-de-la-prison-de-corbas-photo-interpol-1752443167.jpg\" data-mobile=\"NW_listC_M|1752443167\" data-base=\"NW_listC|1752443167\" alt=\"L'\u00e9vad\u00e9 de la prison de Corbas. Photo Interpol\"\/>&#13;<br \/>\n      <\/a>&#13;<\/p>\n<p>L&rsquo;\u00e9vad\u00e9 de la prison de Corbas. Photo Interpol<\/p>\n<p>&#13;<\/p>\n<p>Se faire la malle d\u2019une prison cach\u00e9 dans <a href=\"https:\/\/www.leprogres.fr\/faits-divers-justice\/2025\/07\/13\/evasion-a-la-prison-de-corbas-le-detenu-n-est-pas-classe-parmi-les-particulierement-signales\" target=\"_blank\" rel=\"noopener\">un sac \u00e0 linge<\/a>, un sc\u00e9nario digne d\u2019un bon film d\u2019action, et une premi\u00e8re en France. <br \/>Vendredi 11 juillet vers midi, un d\u00e9tenu de 20 ans mis en cause notamment pour meurtre en bande organis\u00e9e, profite de la remise en libert\u00e9 de son co-cellulaire pour s\u2019\u00e9vader. Il se cache dans un sac de linge \u00e0 grosse fermeture \u00e9clair, un chariot bienvenu aidant les deux comp\u00e8res \u00e0 passer les diff\u00e9rents points de contr\u00f4le sans \u00e9veiller l\u2019attention, jusqu&rsquo;\u00e0 la sortie. Cela faisait 15 jours que le d\u00e9tenu, n\u00e9 \u00e0 Mayotte, ne mangeait plus, son compagnon de cellule intensifiant \u00e0 l\u2019inverse ses passages \u00e0 la salle de sport. L\u2019alerte est donn\u00e9e 27 heures apr\u00e8s l\u2019ing\u00e9nieuse disparition.<\/p>\n<p>Le fugitif, recherch\u00e9 par Interpol, est <a href=\"https:\/\/www.leprogres.fr\/faits-divers-justice\/2025\/07\/14\/evasion-de-corbas-le-detenu-interpelle-ce-matin-dans-l-ouest-lyonnais\" target=\"_blank\" rel=\"noopener\">interpell\u00e9 lundi 14 juillet<\/a>, \u00e0 6 heures, sortant d\u2019une cave \u00e0 Sathonay-Camp. Son complice est arr\u00eat\u00e9 le m\u00eame jour \u00e0 22 heures \u00e0 Marseille.<\/p>\n<p>Une information judiciaire est ouverte des chefs d\u2019\u00e9vasion en bande organis\u00e9e et de participation \u00e0 une association de malfaiteurs.<\/p>\n<p class=\"note\">SOURCES\u00a0: archives Le Progr\u00e8s\u00a0;\u00a0Guide de Lyon des faits-divers, de l\u2019Antiquit\u00e9 \u00e0 nos jours, de Catherine Simon-L\u00e9nack et Robert Daranc\u00a0;\u00a0Les criminels les plus cons de l\u2019histoire\u00a0d\u2019<a href=\"https:\/\/www.leprogres.fr\/p\/alain-bauer\" target=\"_blank\" rel=\"noopener\">Alain Bauer<\/a>.<\/p>\n","protected":false},"excerpt":{"rendered":"Trop gros, le voleur se retrouve coinc\u00e9 entre les barreaux On commence avec du particuli\u00e8rement potache.\u00a0\u00c0 5 heures,&hellip;\n","protected":false},"author":2,"featured_media":310185,"comment_status":"","ping_status":"","sticky":false,"template":"","format":"standard","meta":{"footnotes":""},"categories":[1889],"tags":[1111,11,2430,271,272,3152,2757,3153,3154,3155,3156,1777,674,274,107,63,1011,27,1757,2428,2801,12,25,2429,104],"class_list":{"0":"post-310184","1":"post","2":"type-post","3":"status-publish","4":"format-standard","5":"has-post-thumbnail","7":"category-lyon","8":"tag-actu","9":"tag-actualites","10":"tag-auvergne-rhone-alpes","11":"tag-crime","12":"tag-delit-et-contravention","13":"tag-edition-est-lyonnais","14":"tag-edition-lyon-villeurbanne","15":"tag-edition-ouest-lyonnais","16":"tag-edition-sud-lyonnais","17":"tag-edition-tarare","18":"tag-edition-villefranche","19":"tag-eu","20":"tag-europe","21":"tag-faits-divers-justice","22":"tag-fil-info","23":"tag-football","24":"tag-fr","25":"tag-france","26":"tag-insolite","27":"tag-lyon","28":"tag-lyon-1er-arrondissement","29":"tag-news","30":"tag-republique-francaise","31":"tag-rhone","32":"tag-societe"},"share_on_mastodon":{"url":"https:\/\/pubeurope.com\/@fr\/115006506967244965","error":""},"_links":{"self":[{"href":"https:\/\/www.europesays.com\/fr\/wp-json\/wp\/v2\/posts\/310184","targetHints":{"allow":["GET"]}}],"collection":[{"href":"https:\/\/www.europesays.com\/fr\/wp-json\/wp\/v2\/posts"}],"about":[{"href":"https:\/\/www.europesays.com\/fr\/wp-json\/wp\/v2\/types\/post"}],"author":[{"embeddable":true,"href":"https:\/\/www.europesays.com\/fr\/wp-json\/wp\/v2\/users\/2"}],"replies":[{"embeddable":true,"href":"https:\/\/www.europesays.com\/fr\/wp-json\/wp\/v2\/comments?post=310184"}],"version-history":[{"count":0,"href":"https:\/\/www.europesays.com\/fr\/wp-json\/wp\/v2\/posts\/310184\/revisions"}],"wp:featuredmedia":[{"embeddable":true,"href":"https:\/\/www.europesays.com\/fr\/wp-json\/wp\/v2\/media\/310185"}],"wp:attachment":[{"href":"https:\/\/www.europesays.com\/fr\/wp-json\/wp\/v2\/media?parent=310184"}],"wp:term":[{"taxonomy":"category","embeddable":true,"href":"https:\/\/www.europesays.com\/fr\/wp-json\/wp\/v2\/categories?post=310184"},{"taxonomy":"post_tag","embeddable":true,"href":"https:\/\/www.europesays.com\/fr\/wp-json\/wp\/v2\/tags?post=310184"}],"curies":[{"name":"wp","href":"https:\/\/api.w.org\/{rel}","templated":true}]}}