{"id":310188,"date":"2025-08-10T21:09:13","date_gmt":"2025-08-10T21:09:13","guid":{"rendered":"https:\/\/www.europesays.com\/fr\/310188\/"},"modified":"2025-08-10T21:09:13","modified_gmt":"2025-08-10T21:09:13","slug":"sourire-sadique-sentiment-dinjustice-tenue-commando-ce-que-lon-sait-apres-la-mise-en-examen-du-suspect","status":"publish","type":"post","link":"https:\/\/www.europesays.com\/fr\/310188\/","title":{"rendered":"\u00ab\u00a0sourire sadique\u00a0\u00bb, \u00ab\u00a0sentiment d&rsquo;injustice\u00a0\u00bb, \u00ab\u00a0tenue commando\u00a0\u00bb\u2026 Ce que l&rsquo;on sait apr\u00e8s la mise en examen du suspect"},"content":{"rendered":"\n<p class=\"c-chapo \">\n  Un homme de 60 ans a \u00e9t\u00e9 mis en examen pour \u00ab\u00a0tentative de meurtre\u00a0\u00bb et plac\u00e9 en d\u00e9tention provisoire, dimanche, apr\u00e8s avoir gri\u00e8vement bless\u00e9 le maire de Villeneuve-de-Marc, Gilles Dussault, mercredi.\n<\/p>\n<p>            lire plus tard<\/p>\n<p id=\"dialog__title\" class=\"dialog__title\">Pour sauvegarder cet article, connectez-vous ou cr\u00e9ez un compte franceinfo<\/p>\n<p class=\"dialog__description\">Sans paiement. Sans abonnement.<\/p>\n<p>        Fermer la fen\u00eatre d\u2019activation des notifications France Info<\/p>\n<p>            cr\u00e9er votre compte<\/p>\n<p>            se connecter<\/p>\n<p>        Fermer la fen\u00eatre de pr\u00e9sentation<\/p>\n<p>    <img loading=\"lazy\" decoding=\"async\" class=\"signature__image lazyload\" width=\"100\" height=\"100\" data- alt=\"\" src=\"https:\/\/www.europesays.com\/fr\/wp-content\/uploads\/2025\/05\/64a68815cd1a7_placeholder-36b69ec8.png\"\/><\/p>\n<p>    Publi\u00e9 le 10\/08\/2025 19:15<\/p>\n<p>      Mis \u00e0 jour le 10\/08\/2025 19:16<\/p>\n<p>        Temps de lecture : 6min<\/p>\n<p>    <img decoding=\"async\"  alt=\"Gilles Dussault, maire de Villeneuve-de-Marc (Is\u00e8re), a \u00e9t\u00e9 agress\u00e9 le 6 ao\u00fbt 2025 par un individu qui a ensuite tent\u00e9 de le renverser en voiture, avant de s'encastrer dans un mur. (GUILLAUME DREVET \/ LE DAUPHINE \/ MAXPPP)\" width=\"432\" height=\"243\" src=\"https:\/\/www.europesays.com\/fr\/wp-content\/uploads\/2025\/08\/maxnewsspecialtwo301366-6898ca1c94db9692474391.jpg\" fetchpriority=\"high\"\/><\/p>\n<p>      Gilles Dussault, maire de Villeneuve-de-Marc (Is\u00e8re), a \u00e9t\u00e9 agress\u00e9 le 6 ao\u00fbt 2025 par un individu qui a ensuite tent\u00e9 de le renverser en voiture, avant de s&rsquo;encastrer dans un mur. (GUILLAUME DREVET \/ LE DAUPHINE \/ MAXPPP)<\/p>\n<p>L&rsquo;affaire a fait r\u00e9agir <a href=\"https:\/\/www.franceinfo.fr\/faits-divers\/qu-est-ce-qui-lui-est-passe-par-la-tete-les-habitants-de-villeneuve-de-marc-en-isere-sous-le-choc-apres-l-agression-de-leur-maire-a-l-arme-blanche_7423132.html\" rel=\"nofollow noopener\" target=\"_blank\">les habitants<\/a> comme la classe politique. Le maire d&rsquo;un village is\u00e9rois a \u00e9t\u00e9 violemment agress\u00e9 mercredi par un homme qui a pris la fuite. Apr\u00e8s trente-six\u00a0heures de cavale, le sexag\u00e9naire, a \u00e9t\u00e9 arr\u00eat\u00e9 vendredi.<\/p>\n<p>A la suite de sa garde \u00e0 vue, il a \u00e9t\u00e9 mis en examen pour \u00ab\u00a0tentative de meurtre sur personne d\u00e9positaire de l&rsquo;autorit\u00e9 publique\u00a0\u00bb et plac\u00e9 en d\u00e9tention provisoire, <a href=\"https:\/\/www.franceinfo.fr\/faits-divers\/maire-violemment-agresse-en-isere-le-suspect-mis-en-examen-pour-tentative-de-meurtre-et-ecroue_7428553.html\" rel=\"nofollow noopener\" target=\"_blank\">a annonc\u00e9 le procureur de Grenoble<\/a>, dimanche 10\u00a0ao\u00fbt. Etienne Manteaux a livr\u00e9 de nouveaux d\u00e9tails sur cette violente agression <a href=\"https:\/\/www.franceinfo.fr\/faits-divers\/maire-violemment-agresse-en-isere-le-suspect-reconnait-les-coups-mais-nie-l-intention-de-tuer-l-elu_7428325.html\" rel=\"nofollow noopener\" target=\"_blank\">lors d&rsquo;une conf\u00e9rence de presse<\/a>. Franceinfo fait le point sur les premiers \u00e9l\u00e9ments de l&rsquo;enqu\u00eate.<\/p>\n<p>Le maire a \u00e9t\u00e9 attaqu\u00e9 \u00e0 l&rsquo;arme blanche sur la voie publique<\/p>\n<p>Gilles Dussault est maire depuis 2014 de Villeneuve-de-Marc, une commune de 1\u00a0171\u00a0habitants situ\u00e9e entre Lyon et Grenoble. L&rsquo;homme de 63\u00a0ans d\u00e9broussaille du lierre devant sa maison, sur la voie publique, mercredi apr\u00e8s-midi, lorsqu&rsquo;un habitant s&rsquo;approche de lui, et sans lui dire un mot, le frappe avec \u00ab\u00a0un morceau de ferraille\u00a0\u00bb, transper\u00e7ant son poumon. En tentant de se d\u00e9fendre, le maire est bless\u00e9 au bras, avant que son agresseur ne prenne la fuite, a relat\u00e9 dimanche le procureur, Etienne Manteaux.<\/p>\n<p>Le fils de l&rsquo;\u00e9dile, alert\u00e9 par une voisine, arrive sur le lieu de l&rsquo;agression et appelle les secours. A 16h48, il voit arriver un v\u00e9hicule qui fonce sur eux. Les deux\u00a0hommes parviennent \u00e0 \u00e9viter sa trajectoire et la voiture percute un mur. Le conducteur sort du v\u00e9hicule et \u00e9change des coups avec le fils du maire, avant de se sauver, abandonnant sa voiture sur place.<\/p>\n<p>Le suspect a \u00e9t\u00e9 arr\u00eat\u00e9 sans r\u00e9sistance, apr\u00e8s s&rsquo;\u00eatre cach\u00e9 dans les bois<\/p>\n<p>Alert\u00e9s vers 17\u00a0heures, les gendarmes ont d\u00e9ploy\u00e9 \u00ab\u00a0imm\u00e9diatement de gros moyens\u00a0\u00bb, selon le procureur de Grenoble, sans parvenir \u00e0 retrouver le suspect dans la soir\u00e9e. La section de recherche de Grenoble a \u00e9t\u00e9 d\u00e9ploy\u00e9e d\u00e8s jeudi\u00a0matin.<\/p>\n<p>Selon les gendarmes, l&rsquo;agresseur s&rsquo;est cach\u00e9 dans les bois, non sans avoir pris la pr\u00e9caution d&rsquo;enfiler une \u00ab\u00a0tenue commando\u00a0\u00bb. Rep\u00e9r\u00e9 par une habitante d&rsquo;un village voisin, il est finalement arr\u00eat\u00e9 sans r\u00e9sistance, trente-six\u00a0heures plus tard, vendredi \u00e0 11h30, dans des bois de la commune de Charantonnay, \u00e0 14\u00a0kilom\u00e8tres des lieux de l&rsquo;agression. Il \u00ab\u00a0n&rsquo;\u00e9tait pas arm\u00e9\u00a0\u00bb et \u00ab\u00a0n&rsquo;a oppos\u00e9 aucune r\u00e9sistance\u00a0\u00bb lors de son interpellation sur la voie publique, selon un communiqu\u00e9 du procureur de Grenoble.<\/p>\n<p>Le suspect reconna\u00eet les coups, mais nie l&rsquo;intention de tuer\u00a0<\/p>\n<p>L&rsquo;homme de 60\u00a0ans, habitant de Villeneuve-de-Marc, n&rsquo;a pas d&rsquo;ant\u00e9c\u00e9dent judiciaire. Lors de ses auditions, il a d\u00e9clar\u00e9 aux enqu\u00eateurs avoir \u00ab\u00a0p\u00e9t\u00e9 un plomb\u00a0\u00bb \u00e0 cause d&rsquo;un conflit avec la mairie, li\u00e9 \u00e0 l&rsquo;effondrement du toit d&rsquo;un b\u00e2timent municipal sur son abri de jardin en 2022. Le litige s&rsquo;est \u00ab\u00a0enkyst\u00e9\u00a0\u00bb et a \u00ab\u00a0manifestement g\u00e9n\u00e9r\u00e9 chez cet homme un sentiment d&rsquo;injustice\u00a0\u00bb, a expliqu\u00e9 Etienne Manteaux.\u00a0<\/p>\n<p>Selon le procureur, le suspect fait preuve d&rsquo;un \u00ab\u00a0v\u00e9cu pers\u00e9cutif\u00a0\u00bb, \u00ab\u00a0une tendance \u00e0 la r\u00e9interpr\u00e9tation de ce qu&rsquo;il vit\u00a0\u00bb. Il est persuad\u00e9 que le maire exer\u00e7ait une \u00ab\u00a0surveillance\u00a0\u00bb sur lui et voulait \u00ab\u00a0racheter\u00a0\u00bb son terrain. A son domicile, deux\u00a0couteaux ont par ailleurs \u00e9t\u00e9 retrouv\u00e9s sous son oreiller, ce qu&rsquo;il a expliqu\u00e9 par une volont\u00e9 de \u00ab\u00a0se d\u00e9fendre\u00a0\u00bb, assurant que sa s\u0153ur, morte en avril, aurait \u00e9t\u00e9 \u00ab\u00a0assassin\u00e9e\u00a0\u00bb.<\/p>\n<p>Il a \u00e9galement estim\u00e9 que, juste avant son passage \u00e0 l&rsquo;acte, le maire l&rsquo;avait regard\u00e9 \u00ab\u00a0avec un sourire sadique\u00a0\u00bb. \u00ab\u00a0C&rsquo;est l&rsquo;accumulation des choses qui m&rsquo;a fait p\u00e9ter un plomb\u00a0\u00bb, a-t-il aussi dit aux enqu\u00eateurs, expliquant avoir saisi \u00ab\u00a0une ferraille dans son atelier\u00a0\u00bb avant d&rsquo;aller frapper le maire. <\/p>\n<p>\u00ab\u00a0Conscient\u00a0\u00bb de ses actes, selon le procureur, il nie toute intention d&rsquo;avoir voulu toucher un organe vital ou de tuer. S&rsquo;il est revenu avec sa voiture, quelques instants apr\u00e8s l&rsquo;agression, c&rsquo;est \u00ab\u00a0pour voir ce qu&rsquo;il avait fait\u00a0\u00bb, a-t-il d\u00e9clar\u00e9, assurant que le maire et son fils s&rsquo;\u00e9taient \u00ab\u00a0jet\u00e9s\u00a0\u00bb sur son v\u00e9hicule, a \u00e9galement compl\u00e9t\u00e9 Etienne Manteaux. Le procureur de Grenoble avait requis la mise en examen du suspect pour \u00ab\u00a0double tentative de meurtre sur personne d\u00e9positaire de l&rsquo;autorit\u00e9 publique\u00a0\u00bb et \u00ab\u00a0tentative de meurtre\u00a0\u00bb sur le fils du maire.<\/p>\n<p>La victime, hospitalis\u00e9e, est tir\u00e9e d&rsquo;affaire<\/p>\n<p>Gilles Dussault a \u00e9t\u00e9 hospitalis\u00e9 en urgence absolue \u00e0 Lyon mercredi soir. Son pronostic vital a \u00e9t\u00e9 un premier temps engag\u00e9, avant d&rsquo;\u00eatre lev\u00e9 jeudi. Souffrant de \u00ab\u00a0trois plaies, dont deux au thorax et une plaie d\u00e9fensive\u00a0\u00bb, l&rsquo;\u00e9dile a depuis pu \u00eatre entendu par les enqu\u00eateurs et a confirm\u00e9 le d\u00e9roul\u00e9 des faits rapport\u00e9 par les premiers t\u00e9moins, a pr\u00e9cis\u00e9 vendredi le parquet de Vienne.\u00a0Ses blessures lui valent une incapacit\u00e9 totale de travail (ITT) de quinze\u00a0jours. Dimanche, le procureur de Grenoble a confirm\u00e9 que\u00a0\u00ab\u00a0ses jours ne sont plus en danger aujourd&rsquo;hui, et on peut esp\u00e9rer qu&rsquo;il sorte de l&rsquo;h\u00f4pital dans les jours \u00e0 venir\u00a0\u00bb.\u00a0<\/p>\n<p>Le fils du maire a \u00e9t\u00e9 hospitalis\u00e9 mercredi soir \u00e0 Vienne en urgence relative. Il \u00ab\u00a0souffre de blessures moins significatives\u00a0\u00bb, essentiellement des griffures et des br\u00fblures, selon le magistrat, qui a fait \u00e9tat de treize\u00a0jours d&rsquo;ITT le concernant.<\/p>\n<p>De nombreuses r\u00e9actions politiques<\/p>\n<p>Cette agression a fait r\u00e9agir de tr\u00e8s nombreux politiques, et jusqu&rsquo;au sommet de l&rsquo;Etat. \u00ab\u00a0Quand un \u00e9lu est attaqu\u00e9, c&rsquo;est la Nation qui est \u00e0 ses c\u00f4t\u00e9s. Quand on s&rsquo;attaque \u00e0 ses repr\u00e9sentants, la R\u00e9publique se doit d&rsquo;\u00eatre s\u00e9v\u00e8re et intraitable\u00a0\u00bb, a r\u00e9agi Emmanuel Macron, mercredi, <a href=\"https:\/\/x.com\/EmmanuelMacron\/status\/1953174420442497248\" target=\"_blank\" rel=\"noopener nofollow\">sur X<\/a>.\u00a0<\/p>\n<p><a href=\"https:\/\/x.com\/BrunoRetailleau\/status\/1953377155267658037\" target=\"_blank\" rel=\"noopener nofollow\">Sur X<\/a> \u00e9galement, le ministre de l&rsquo;Int\u00e9rieur Bruno Retailleau a condamn\u00e9 jeudi \u00ab\u00a0avec la plus grande fermet\u00e9 l&rsquo;agression violente de Gilles Dussault\u00a0\u00bb.\u00a0\u00ab\u00a0Le degr\u00e9 de violence de cet acte, qui s&rsquo;ajoute aux nombreuses agressions d&rsquo;\u00e9lus au quotidien, doit conduire les pouvoirs publics et les citoyens \u00e0 r\u00e9agir imm\u00e9diatement\u00a0\u00bb, a d\u00e9clar\u00e9 l&rsquo;Association des maires de France <a href=\"https:\/\/www.amf.asso.fr\/documents-soutien-lamf-au-maire-villeneuve-marc-la-suite-son-agression\/42748\" target=\"_blank\" rel=\"noopener nofollow\">dans un communiqu\u00e9<\/a>.<\/p>\n","protected":false},"excerpt":{"rendered":"Un homme de 60 ans a \u00e9t\u00e9 mis en examen pour \u00ab\u00a0tentative de meurtre\u00a0\u00bb et plac\u00e9 en d\u00e9tention&hellip;\n","protected":false},"author":2,"featured_media":310189,"comment_status":"","ping_status":"","sticky":false,"template":"","format":"standard","meta":{"footnotes":""},"categories":[1888],"tags":[1111,1928,11,1927,1777,674,1011,27,12,1926,626,1925,25],"class_list":{"0":"post-310188","1":"post","2":"type-post","3":"status-publish","4":"format-standard","5":"has-post-thumbnail","7":"category-paris","8":"tag-actu","9":"tag-actu-paris","10":"tag-actualites","11":"tag-actualites-paris","12":"tag-eu","13":"tag-europe","14":"tag-fr","15":"tag-france","16":"tag-news","17":"tag-news-paris","18":"tag-paris","19":"tag-paris-news","20":"tag-republique-francaise"},"share_on_mastodon":{"url":"https:\/\/pubeurope.com\/@fr\/115006522236675386","error":""},"_links":{"self":[{"href":"https:\/\/www.europesays.com\/fr\/wp-json\/wp\/v2\/posts\/310188","targetHints":{"allow":["GET"]}}],"collection":[{"href":"https:\/\/www.europesays.com\/fr\/wp-json\/wp\/v2\/posts"}],"about":[{"href":"https:\/\/www.europesays.com\/fr\/wp-json\/wp\/v2\/types\/post"}],"author":[{"embeddable":true,"href":"https:\/\/www.europesays.com\/fr\/wp-json\/wp\/v2\/users\/2"}],"replies":[{"embeddable":true,"href":"https:\/\/www.europesays.com\/fr\/wp-json\/wp\/v2\/comments?post=310188"}],"version-history":[{"count":0,"href":"https:\/\/www.europesays.com\/fr\/wp-json\/wp\/v2\/posts\/310188\/revisions"}],"wp:featuredmedia":[{"embeddable":true,"href":"https:\/\/www.europesays.com\/fr\/wp-json\/wp\/v2\/media\/310189"}],"wp:attachment":[{"href":"https:\/\/www.europesays.com\/fr\/wp-json\/wp\/v2\/media?parent=310188"}],"wp:term":[{"taxonomy":"category","embeddable":true,"href":"https:\/\/www.europesays.com\/fr\/wp-json\/wp\/v2\/categories?post=310188"},{"taxonomy":"post_tag","embeddable":true,"href":"https:\/\/www.europesays.com\/fr\/wp-json\/wp\/v2\/tags?post=310188"}],"curies":[{"name":"wp","href":"https:\/\/api.w.org\/{rel}","templated":true}]}}