{"id":310190,"date":"2025-08-10T21:11:29","date_gmt":"2025-08-10T21:11:29","guid":{"rendered":"https:\/\/www.europesays.com\/fr\/310190\/"},"modified":"2025-08-10T21:11:29","modified_gmt":"2025-08-10T21:11:29","slug":"paris-un-ancien-adjoint-danne-hidalgo-condamne-pour-abus-de-confiance-et-prise-illegale-dinteret-actualites","status":"publish","type":"post","link":"https:\/\/www.europesays.com\/fr\/310190\/","title":{"rendered":"Paris : un ancien adjoint d\u2019Anne Hidalgo condamn\u00e9 pour abus de confiance et prise ill\u00e9gale d\u2019int\u00e9r\u00eat : Actualit\u00e9s"},"content":{"rendered":"<p class=\"lead \"><strong>L\u2019ancien adjoint \u00e0 la mairie de Paris charg\u00e9 de l\u2019Europe a \u00e9t\u00e9 condamn\u00e9, jeudi 7 ao\u00fbt, \u00e0 six mois de prison avec sursis, ainsi qu\u2019\u00e0 5 000 euros d\u2019amende et trois ans d\u2019in\u00e9ligibilit\u00e9. <\/strong><\/p>\n<p class=\"lead \">L\u2019ancien adjoint \u00e0 la maire de Paris, Hermano Sanches Ruivo, a \u00e9t\u00e9 condamn\u00e9 jeudi 7 ao\u00fbt par le tribunal correctionnel de Paris \u00e0 six mois de prison avec sursis, 5 000 euros d\u2019amende et trois ans d\u2019in\u00e9ligibilit\u00e9, rapporte <a href=\"https:\/\/www.leparisien.fr\/paris-75\/je-ne-suis-pas-cahuzac-a-paris-prison-avec-sursis-et-ineligibilite-pour-un-ex-adjoint-danne-hidalgo-07-08-2025-5L34DBVOU5EXHHUREMCR3XEV7I.php\" target=\"_blank\" rel=\"nofollow noopener\">Le Parisien<\/a>. Les juges lui reprochent d\u2019avoir pris part \u00e0 des d\u00e9lib\u00e9rations accordant des subventions \u00e0 Cap Magellan, une association qu\u2019il avait cofond\u00e9e en 1991 et pour laquelle il travaillait ensuite comme consultant r\u00e9mun\u00e9r\u00e9. L\u2019\u00e9lu socialiste de 59 ans, engag\u00e9 depuis 2008 aux c\u00f4t\u00e9s de Bertrand Delano\u00eb puis d\u2019Anne Hidalgo, a annonc\u00e9 qu\u2019il fera appel.<\/p>\n<p>                                                                                                 Un proc\u00e8s qui \u00ab\u00a0sert \u00e0 se payer le Portugais de service\u00a0\u00bb <\/p>\n<p class=\"lead \">\u00c0 l\u2019issue du d\u00e9lib\u00e9r\u00e9, la d\u00e9fense de l\u2019accus\u00e9 a vivement contest\u00e9 la d\u00e9cision du tribunal, estimant qu\u2019aucune preuve ne justifiait une telle condamnation. L\u2019avocate d\u2019Hermano Sanches Ruivo a d\u00e9nonc\u00e9 un dossier vide et un traitement discriminatoire : \u00ab\u00a0Ce proc\u00e8s sert \u00e0 se payer le Portugais de service. Mon client est peut\u2011\u00eatre maladroit mais malhonn\u00eate, s\u00fbrement pas\u00a0\u00bb, relate le quotidien francilien. De son c\u00f4t\u00e9, l\u2019ancien \u00e9lu a expliqu\u00e9 ressentir \u00ab\u00a0un profond sentiment d\u2019injustice\u201d et surtout une forte incompr\u00e9hension \u00ab\u00a0Comment puis\u2011je \u00eatre condamn\u00e9 pour abus de confiance alors qu\u2019aucune structure n\u2019a port\u00e9 plainte que je n\u2019ai eu aucun b\u00e9n\u00e9fice et que j\u2019ai tout d\u00e9clar\u00e9\u202f?\u00a0\u00bb. Un point de vue partag\u00e9 par l\u2019association Cap Magellan, qui avait adress\u00e9 un courrier au tribunal pour d\u00e9fendre son ancien pr\u00e9sident. \u00ab\u00a0Hermano Sanches Ruivo n\u2019a, \u00e0 aucun moment, abus\u00e9 de notre confiance, bien au contraire : son action [&#8230;] a permis de d\u00e9velopper notre pr\u00e9sence au Portugal\u202f\u00a0\u00bb.<\/p>\n<p>                                                                                                 Une affaire qui dure depuis quatre ans <\/p>\n<p class=\"lead \">L\u2019affaire a commenc\u00e9 en octobre 2021, quand l\u2019ancien adjoint d\u2019Anne Hidalgo en charge de l\u2019Europe a \u00e9t\u00e9 plac\u00e9 en garde \u00e0 vue apr\u00e8s une d\u00e9nonciation anonyme l\u2019accusant de blanchiment d\u2019argent. La mairie de Paris a ensuite signal\u00e9 l\u2019affaire \u00e0 la justice en appliquant \u00ab\u00a0l\u2019article 40\u00a0\u00bb du code de proc\u00e9dure p\u00e9nale, qui oblige les autorit\u00e9s \u00e0 signaler toute infraction dont elles ont connaissance. Avant cela, l\u2019\u00e9lu avait d\u00e9j\u00e0 r\u00e9gl\u00e9 un redressement fiscal pour des salaires qu\u2019il n\u2019avait pas d\u00e9clar\u00e9s. Il affirme toutefois ne pas avoir pu consulter son dossier judiciaire pendant plus de trois ans. <\/p>\n<p class=\"small font-weight-bold text-gray3 \"> publi\u00e9 le 8 ao\u00fbt \u00e0 10h11, Alexandre Lecomte, 6Medias<\/p>\n<p>                             Partager<\/p>\n","protected":false},"excerpt":{"rendered":"L\u2019ancien adjoint \u00e0 la mairie de Paris charg\u00e9 de l\u2019Europe a \u00e9t\u00e9 condamn\u00e9, jeudi 7 ao\u00fbt, \u00e0 six&hellip;\n","protected":false},"author":2,"featured_media":310191,"comment_status":"","ping_status":"","sticky":false,"template":"","format":"standard","meta":{"footnotes":""},"categories":[1888],"tags":[1111,1928,11,1927,1777,674,1011,27,12,1926,626,1925,25],"class_list":{"0":"post-310190","1":"post","2":"type-post","3":"status-publish","4":"format-standard","5":"has-post-thumbnail","7":"category-paris","8":"tag-actu","9":"tag-actu-paris","10":"tag-actualites","11":"tag-actualites-paris","12":"tag-eu","13":"tag-europe","14":"tag-fr","15":"tag-france","16":"tag-news","17":"tag-news-paris","18":"tag-paris","19":"tag-paris-news","20":"tag-republique-francaise"},"share_on_mastodon":{"url":"https:\/\/pubeurope.com\/@fr\/115006530146098702","error":""},"_links":{"self":[{"href":"https:\/\/www.europesays.com\/fr\/wp-json\/wp\/v2\/posts\/310190","targetHints":{"allow":["GET"]}}],"collection":[{"href":"https:\/\/www.europesays.com\/fr\/wp-json\/wp\/v2\/posts"}],"about":[{"href":"https:\/\/www.europesays.com\/fr\/wp-json\/wp\/v2\/types\/post"}],"author":[{"embeddable":true,"href":"https:\/\/www.europesays.com\/fr\/wp-json\/wp\/v2\/users\/2"}],"replies":[{"embeddable":true,"href":"https:\/\/www.europesays.com\/fr\/wp-json\/wp\/v2\/comments?post=310190"}],"version-history":[{"count":0,"href":"https:\/\/www.europesays.com\/fr\/wp-json\/wp\/v2\/posts\/310190\/revisions"}],"wp:featuredmedia":[{"embeddable":true,"href":"https:\/\/www.europesays.com\/fr\/wp-json\/wp\/v2\/media\/310191"}],"wp:attachment":[{"href":"https:\/\/www.europesays.com\/fr\/wp-json\/wp\/v2\/media?parent=310190"}],"wp:term":[{"taxonomy":"category","embeddable":true,"href":"https:\/\/www.europesays.com\/fr\/wp-json\/wp\/v2\/categories?post=310190"},{"taxonomy":"post_tag","embeddable":true,"href":"https:\/\/www.europesays.com\/fr\/wp-json\/wp\/v2\/tags?post=310190"}],"curies":[{"name":"wp","href":"https:\/\/api.w.org\/{rel}","templated":true}]}}