{"id":310192,"date":"2025-08-10T21:12:15","date_gmt":"2025-08-10T21:12:15","guid":{"rendered":"https:\/\/www.europesays.com\/fr\/310192\/"},"modified":"2025-08-10T21:12:15","modified_gmt":"2025-08-10T21:12:15","slug":"lhomme-soupconne-davoir-tue-sa-victime-a-coups-de-marteau-dans-un-foyer-de-montreuil-place-en-psychiatrie","status":"publish","type":"post","link":"https:\/\/www.europesays.com\/fr\/310192\/","title":{"rendered":"L\u2019homme soup\u00e7onn\u00e9 d\u2019avoir tu\u00e9 sa victime \u00e0 coups de marteau dans un foyer de Montreuil, plac\u00e9 en psychiatrie"},"content":{"rendered":"<p class=\"paragraph text_align_left lp-f-body-02\">Il n\u2019a cess\u00e9 de l\u2019appeler \u00ab mon fr\u00e8re \u00bb, lorsqu\u2019il s\u2019est accus\u00e9 ce vendredi 8 ao\u00fbt, aupr\u00e8s de la police, <a href=\"https:\/\/www.leparisien.fr\/faits-divers\/montreuil-il-sort-de-garde-a-vue-et-tue-son-frere-a-coups-de-marteau-09-08-2025-BQWSPI7KOFHKJHDQEUPW2XBK34.php\" target=\"_blank\" rel=\"noreferrer nofollow noopener\">d\u2019avoir tu\u00e9 un autre homme \u00e0 coups de marteau<\/a> dans le foyer de migrants de Montreuil, o\u00f9 lui-m\u00eame \u00e9tait h\u00e9berg\u00e9. La victime \u00e2g\u00e9e de 30 ans, qui n\u2019a pas de parent\u00e9 avec lui et qui ne r\u00e9sidait pas dans l\u2019\u00e9tablissement, y a \u00e9t\u00e9 d\u00e9couverte, sur les indications du suspect, sans vie dans une chambre.<\/p>\n<p class=\"paragraph text_align_left lp-f-body-02\">Le corps pr\u00e9sentait une plaie \u00e0 la t\u00eate et un marteau a \u00e9t\u00e9 retrouv\u00e9 \u00e0 proximit\u00e9. L\u2019homme venu se d\u00e9noncer au commissariat de Montreuil a \u00e9t\u00e9 plac\u00e9 en garde \u00e0 vue, mais son \u00e9tat mental \u00e9tant incompatible avec des auditions, il a \u00e9t\u00e9 hospitalis\u00e9 en psychiatrie, a-t-on appris ce dimanche.<\/p>\n<p class=\"paragraph text_align_left lp-f-body-02\">Que s\u2019est-il exactement pass\u00e9 au cours de la matin\u00e9e du 8 ao\u00fbt ? C\u2019est ce que vont devoir d\u00e9terminer les enqu\u00eateurs du service d\u00e9partemental de police judiciaire de Seine-Saint-Denis. Le suspect d\u2019origine malienne sortait \u00e0 peine de garde \u00e0 vue pour de la vente \u00e0 la sauvette de ma\u00efs, lorsqu\u2019il aurait commis ce geste insens\u00e9 \u00e0 l\u2019encontre d\u2019un compatriote, \u00e0 son retour dans le foyer o\u00f9 il r\u00e9side.<\/p>\n","protected":false},"excerpt":{"rendered":"Il n\u2019a cess\u00e9 de l\u2019appeler \u00ab mon fr\u00e8re \u00bb, lorsqu\u2019il s\u2019est accus\u00e9 ce vendredi 8 ao\u00fbt, aupr\u00e8s de&hellip;\n","protected":false},"author":2,"featured_media":310193,"comment_status":"","ping_status":"","sticky":false,"template":"","format":"standard","meta":{"footnotes":""},"categories":[1888],"tags":[11,1777,674,1011,27,1944,12,626,25,1945],"class_list":{"0":"post-310192","1":"post","2":"type-post","3":"status-publish","4":"format-standard","5":"has-post-thumbnail","7":"category-paris","8":"tag-actualites","9":"tag-eu","10":"tag-europe","11":"tag-fr","12":"tag-france","13":"tag-ma-ville","14":"tag-news","15":"tag-paris","16":"tag-republique-francaise","17":"tag-seine-saint-denis"},"share_on_mastodon":{"url":"https:\/\/pubeurope.com\/@fr\/115006534030334581","error":""},"_links":{"self":[{"href":"https:\/\/www.europesays.com\/fr\/wp-json\/wp\/v2\/posts\/310192","targetHints":{"allow":["GET"]}}],"collection":[{"href":"https:\/\/www.europesays.com\/fr\/wp-json\/wp\/v2\/posts"}],"about":[{"href":"https:\/\/www.europesays.com\/fr\/wp-json\/wp\/v2\/types\/post"}],"author":[{"embeddable":true,"href":"https:\/\/www.europesays.com\/fr\/wp-json\/wp\/v2\/users\/2"}],"replies":[{"embeddable":true,"href":"https:\/\/www.europesays.com\/fr\/wp-json\/wp\/v2\/comments?post=310192"}],"version-history":[{"count":0,"href":"https:\/\/www.europesays.com\/fr\/wp-json\/wp\/v2\/posts\/310192\/revisions"}],"wp:featuredmedia":[{"embeddable":true,"href":"https:\/\/www.europesays.com\/fr\/wp-json\/wp\/v2\/media\/310193"}],"wp:attachment":[{"href":"https:\/\/www.europesays.com\/fr\/wp-json\/wp\/v2\/media?parent=310192"}],"wp:term":[{"taxonomy":"category","embeddable":true,"href":"https:\/\/www.europesays.com\/fr\/wp-json\/wp\/v2\/categories?post=310192"},{"taxonomy":"post_tag","embeddable":true,"href":"https:\/\/www.europesays.com\/fr\/wp-json\/wp\/v2\/tags?post=310192"}],"curies":[{"name":"wp","href":"https:\/\/api.w.org\/{rel}","templated":true}]}}