{"id":310202,"date":"2025-08-10T21:17:14","date_gmt":"2025-08-10T21:17:14","guid":{"rendered":"https:\/\/www.europesays.com\/fr\/310202\/"},"modified":"2025-08-10T21:17:14","modified_gmt":"2025-08-10T21:17:14","slug":"groupe-terroriste-arrestations-massives-5-minutes-pour-comprendre-la-polemique-autour-de-palestine-action-au-royaume-uni","status":"publish","type":"post","link":"https:\/\/www.europesays.com\/fr\/310202\/","title":{"rendered":"Groupe \u00ab\u00a0terroriste\u00a0\u00bb, arrestations massives\u2026 5 minutes pour comprendre la pol\u00e9mique autour de Palestine Action au Royaume-Uni"},"content":{"rendered":"<p class=\"paragraph text_align_left lp-f-body-02\">Un record, ou presque. Samedi, <a href=\"https:\/\/www.leparisien.fr\/faits-divers\/arrestations-de-200-manifestants-soutenant-un-groupe-propalestinien-juge-terroriste-a-londres-09-08-2025-DUAKWD5RXRAJNCGMQNRDRFQ7SM.php\" target=\"_self\" rel=\"nofollow noopener\">522 partisans de l\u2019organisation Palestine Action<\/a> ont \u00e9t\u00e9 interpell\u00e9s par la police \u00e0 Londres, l\u2019un des chiffres les plus \u00e9lev\u00e9s jamais enregistr\u00e9s lors d\u2019une manifestation dans la capitale britannique.<\/p>\n<p class=\"paragraph text_align_left lp-f-body-02\">Pancartes \u00ab Je m\u2019oppose au g\u00e9nocide. Je soutiens Palestine Action \u00bb dans les mains, ils avaient r\u00e9pondu \u00e0 l\u2019appel de Defend Our Juries, une organisation de d\u00e9fense des droits civiques, pour protester contre une loi interdisant et classant Palestine Action comme \u00ab organisation terroriste \u00bb.<\/p>\n<p class=\"paragraph text_align_left lp-f-body-02\">Les forces de l\u2019ordre avaient mis en garde les participants contre les \u00ab potentielles cons\u00e9quences p\u00e9nales \u00bb de leurs actes. Mais des centaines de personnes ont donc tout de m\u00eame brav\u00e9 l\u2019interdiction.<\/p>\n<p>Qu\u2019est-ce que c\u2019est le groupe Palestine Action ?<\/p>\n<p class=\"paragraph text_align_left lp-f-body-02\">Le groupe cr\u00e9\u00e9 en 2020 se revendique comme une \u00ab organisation propalestinienne \u00bb dont l\u2019objectif, explique Aur\u00e9lien Antoine, sp\u00e9cialiste du droit des institutions britanniques, est \u00ab \u00e0 l\u2019origine d\u2019emp\u00eacher <a href=\"https:\/\/www.leparisien.fr\/international\/israel\/vente-darmes-a-israel-le-gouvernement-britannique-juge-pour-violation-du-droit-international-30-06-2025-PAP3I4JVXBAWZIKS4GJ3ILUFVI.php\" target=\"_self\" rel=\"nofollow noopener\">les exportations d\u2019armes britanniques vers Isra\u00ebl<\/a> \u00bb. Il pratique des \u00ab actions directes \u00bb pour \u00ab manifester un d\u00e9saccord de fa\u00e7on violente \u00bb, souligne ce professeur de droit public.<\/p>\n<p class=\"paragraph text_align_left lp-f-body-02\">Parmi elles, la destruction de mat\u00e9riel, l\u2019utilisation de peinture rouge ainsi que l\u2019entr\u00e9e ill\u00e9gale dans des b\u00e2timents. Palestine Action s\u2019en est notamment prise \u00e0 plusieurs reprises \u00e0 <a href=\"https:\/\/www.leparisien.fr\/economie\/de-la-pure-discrimination-au-salon-du-bourget-la-stupefaction-de-la-delegation-israelienne-interdite-dexposer-16-06-2025-2GKBD57HXZE3BFHZY6IHUZUN7M.php\" target=\"_self\" rel=\"nofollow noopener\">Elbit Systems<\/a>, une entreprise d\u2019armement isra\u00e9lienne accus\u00e9e de fournir des armes utilis\u00e9es \u00e0 Gaza et qui poss\u00e8de deux usines sur le sol britannique.<\/p>\n<p class=\"paragraph text_align_left lp-f-body-02\">La classification comme organisation \u00ab terroriste \u00bb, en vertu de la loi de 2000 sur le terrorisme, fait suite \u00e0 des actes de vandalisme, d\u00e9but juin, dans une base militaire britannique. Deux activistes avaient alors asperg\u00e9 deux avions de la Royal Air Force, pour protester contre le \u00ab soutien \u00bb apport\u00e9 par la Grande-Bretagne \u00e0 <a href=\"https:\/\/www.leparisien.fr\/international\/israel\/force-arabe-gestion-interne-ou-administration-israelienne-quel-avenir-pour-la-gouvernance-de-la-bande-de-gaza-08-08-2025-3XI5OFSVQJBULL76K2P26LZO34.php\" target=\"_self\" rel=\"nofollow noopener\">l\u2019offensive isra\u00e9lienne dans la bande de Gaza<\/a>.<\/p>\n<p class=\"paragraph text_align_left lp-f-body-02\">Le d\u00e9cret, d\u00e9but juillet, concernait aussi le Mouvement imp\u00e9rial russe, une organisation paramilitaire prorusse, et le groupe n\u00e9onazi \u00ab Maniacs Murder Cult \u00bb.<\/p>\n<p>Qu\u2019est-ce que cette interdiction a chang\u00e9 ?<\/p>\n<p class=\"paragraph text_align_left lp-f-body-02\">Palestine Action rejoint ainsi 83 autres groupes tels qu\u2019Al-Qa\u00efda, le <a href=\"https:\/\/www.leparisien.fr\/international\/israel\/le-plan-pour-gaza-coutera-cher-a-israel-et-sacrifie-les-otages-menace-le-hamas-08-08-2025-HHKEVIIG7RDUZEHZLMWIFIO5JU.php\" target=\"_self\" rel=\"nofollow noopener\">Hamas<\/a> et National Action, un groupuscule britannique d\u2019extr\u00eame droite. Ce qui permet aux autorit\u00e9s de \u00ab proc\u00e9der \u00e0 des \u00e9coutes, d\u2019interdire des manifestations et effectuer des arrestations \u00bb, explique Aur\u00e9lien Antoine.<\/p>\n<p class=\"paragraph text_align_left lp-f-body-02\">D\u00e9sormais, l\u2019adh\u00e9sion ou le soutien \u00e0 l\u2019organisation peut \u00eatre passible d\u2019une peine pouvant aller jusqu\u2019\u00e0 14 ans de prison.<\/p>\n<p class=\"paragraph text_align_left lp-f-body-02\">\u00ab Il y a un droit p\u00e9nal sur l\u2019ordre public qui est beaucoup plus strict que le n\u00f4tre \u00bb, analyse Aur\u00e9lien Antoine, notamment \u00ab depuis le <a href=\"https:\/\/www.leparisien.fr\/international\/etats-unis\/un-guerrier-mort-de-bernard-kerik-chef-de-la-police-de-new-york-lors-des-attentats-du-11-septembre-30-05-2025-6KGLPK7BVBG6TCXCNKZ2OXZZFM.php\" target=\"_self\" rel=\"nofollow noopener\">11 septembre 2001<\/a> et encore plus avec les attentats de <a href=\"https:\/\/www.leparisien.fr\/faits-divers\/terrorime-londres-deja-lourdementdurement-touchee-en-2005-22-03-2017-6785748.php\" target=\"_self\" rel=\"nofollow noopener\">Londres de 2005<\/a> \u00bb.<\/p>\n<p class=\"paragraph text_align_left lp-f-body-02\">La cofondatrice de Palestine Action, Huda Ammori, a obtenu, fin juillet l\u2019autorisation par la Haute Cour de justice de contester la d\u00e9cision d\u2019interdire le groupe. Son recours sera examin\u00e9 en novembre.<\/p>\n<p>Pourquoi cette classification est critiqu\u00e9e ?<\/p>\n<p class=\"paragraph text_align_left lp-f-body-02\"><a href=\"https:\/\/www.leparisien.fr\/international\/israel\/gaza-reunion-durgence-du-conseil-de-securite-de-lonu-samedi-apres-lannonce-du-plan-de-benyamin-netanyahou-08-08-2025-BTPW4NDFYNGJNE4PVYIJ67ISVU.php\" target=\"_self\" rel=\"nofollow noopener\">L\u2019Organisation des Nations unies<\/a> a jug\u00e9 cette d\u00e9cision \u00ab disproportionn\u00e9e \u00bb, affirmant que les actions qui \u00ab ne visent pas \u00e0 tuer ou \u00e0 blesser des personnes ne devraient pas \u00eatre consid\u00e9r\u00e9es comme des actes terroristes \u00bb.<\/p>\n<p class=\"paragraph text_align_left lp-f-body-02\">L\u2019ONG <a href=\"https:\/\/www.leparisien.fr\/sports\/JO\/anniversaire-des-jo-paris-2024-un-message-pirate-stop-genocide-a-gaza-projete-sur-la-vasque-olympique-26-07-2025-INPDJU73AJGLLOQZNDJOMRLQV4.php\" target=\"_self\" rel=\"nofollow noopener\">Amnesty International<\/a> a pour sa part critiqu\u00e9 une \u00ab l\u00e9gislation britannique sur le terrorisme trop vague et trop large \u00bb, consid\u00e9rant de plus que les arrestations, ce samedi, \u00e9taient \u00ab une violation des obligations internationales du Royaume-Uni de prot\u00e9ger les droits \u00e0 la libert\u00e9 d\u2019expression et de r\u00e9union \u00bb.<\/p>\n<p class=\"paragraph text_align_left lp-f-body-02\">Du c\u00f4t\u00e9 de la soci\u00e9t\u00e9 civile britannique, <a href=\"https:\/\/www.theguardian.com\/world\/2025\/aug\/06\/leading-global-scholars-naomi-klein-angela-davis-sign-letter-urging-uk-to-end-palestine-action-ban\" target=\"_self\" rel=\"nofollow noopener\">des universitaires et des \u00e9crivains ainsi que des figures juives de gauche<\/a> ont d\u00e9nonc\u00e9 l\u2019interdiction du groupe.<\/p>\n<p class=\"paragraph text_align_left lp-f-body-02\">Samedi soir, Yvette Cooper, la ministre de l\u2019Int\u00e9rieur, a r\u00e9affirm\u00e9 le choix du gouvernement d\u2019interdire Palestine Action. Pour sa part, le groupe Defend Our Juries, qui organise depuis d\u00e9but juillet des manifestations contre cette interdiction, affirme vouloir continuer ses appels \u00e0 mobiliser. Ceux qui participent \u00e0 ces rassemblements encourent jusqu\u2019\u00e0 six mois de prison.<\/p>\n","protected":false},"excerpt":{"rendered":"Un record, ou presque. Samedi, 522 partisans de l\u2019organisation Palestine Action ont \u00e9t\u00e9 interpell\u00e9s par la police \u00e0&hellip;\n","protected":false},"author":2,"featured_media":310203,"comment_status":"","ping_status":"","sticky":false,"template":"","format":"standard","meta":{"footnotes":""},"categories":[1588],"tags":[11,1777,674,14,12,473,1853,1851,1850,1852],"class_list":{"0":"post-310202","1":"post","2":"type-post","3":"status-publish","4":"format-standard","5":"has-post-thumbnail","7":"category-royaume-uni","8":"tag-actualites","9":"tag-eu","10":"tag-europe","11":"tag-international","12":"tag-news","13":"tag-royaume-uni","14":"tag-royaume-uni-de-grande-bretagne-et-dirlande-du-nord","15":"tag-uk","16":"tag-united-kingdom","17":"tag-united-kingdom-of-great-britain-and-northern-ireland"},"share_on_mastodon":{"url":"https:\/\/pubeurope.com\/@fr\/115006553710601319","error":""},"_links":{"self":[{"href":"https:\/\/www.europesays.com\/fr\/wp-json\/wp\/v2\/posts\/310202","targetHints":{"allow":["GET"]}}],"collection":[{"href":"https:\/\/www.europesays.com\/fr\/wp-json\/wp\/v2\/posts"}],"about":[{"href":"https:\/\/www.europesays.com\/fr\/wp-json\/wp\/v2\/types\/post"}],"author":[{"embeddable":true,"href":"https:\/\/www.europesays.com\/fr\/wp-json\/wp\/v2\/users\/2"}],"replies":[{"embeddable":true,"href":"https:\/\/www.europesays.com\/fr\/wp-json\/wp\/v2\/comments?post=310202"}],"version-history":[{"count":0,"href":"https:\/\/www.europesays.com\/fr\/wp-json\/wp\/v2\/posts\/310202\/revisions"}],"wp:featuredmedia":[{"embeddable":true,"href":"https:\/\/www.europesays.com\/fr\/wp-json\/wp\/v2\/media\/310203"}],"wp:attachment":[{"href":"https:\/\/www.europesays.com\/fr\/wp-json\/wp\/v2\/media?parent=310202"}],"wp:term":[{"taxonomy":"category","embeddable":true,"href":"https:\/\/www.europesays.com\/fr\/wp-json\/wp\/v2\/categories?post=310202"},{"taxonomy":"post_tag","embeddable":true,"href":"https:\/\/www.europesays.com\/fr\/wp-json\/wp\/v2\/tags?post=310202"}],"curies":[{"name":"wp","href":"https:\/\/api.w.org\/{rel}","templated":true}]}}