{"id":310204,"date":"2025-08-10T21:18:28","date_gmt":"2025-08-10T21:18:28","guid":{"rendered":"https:\/\/www.europesays.com\/fr\/310204\/"},"modified":"2025-08-10T21:18:28","modified_gmt":"2025-08-10T21:18:28","slug":"allemagne-le-deraillement-dun-train-probablement-provoque-par-un-glissement-de-terrain","status":"publish","type":"post","link":"https:\/\/www.europesays.com\/fr\/310204\/","title":{"rendered":"Allemagne: le d\u00e9raillement d&rsquo;un train probablement provoqu\u00e9 par un glissement de terrain"},"content":{"rendered":"<p><strong>Le d\u00e9raillement d&rsquo;un train dimanche dans une zone bois\u00e9e du sud-ouest de l&rsquo;Allemagne qui a fait trois morts pourrait avoir \u00e9t\u00e9 caus\u00e9 par un glissement de terrain cons\u00e9cutif aux intemp\u00e9ries, ont d\u00e9clar\u00e9 lundi la police et la justice locales.<\/strong>\u00a0<\/p>\n<p class=\"toreadalso-fromEMP\"><strong>\u2022 \u00c0 lire aussi: <\/strong><a href=\"https:\/\/www.journaldemontreal.com\/2025\/07\/27\/plusieurs-blesses-dans-un-accident-de-train-en-allemagne\" target=\"e8dd2613-689e-4ea1-b1a4-cfd62ee4777e\" rel=\"nofollow noopener\"><strong>D\u00e9raillement d&rsquo;un train en Allemagne: bilan provisoire de 3 morts et plusieurs bless\u00e9s<\/strong><\/a><\/p>\n<p class=\"toreadalso-fromEMP\"><strong>\u2022 \u00c0 lire aussi: <\/strong><a href=\"https:\/\/www.journaldemontreal.com\/2025\/07\/27\/plusieurs-blesses-dans-un-accident-de-train-en-allemagne-1\" target=\"c76dcd58-dfca-4cae-a238-d2689daacc4d\" rel=\"nofollow noopener\"><strong>Plusieurs bless\u00e9s dans un accident de train en Allemagne<\/strong><\/a><\/p>\n<p>\u00abSelon les premi\u00e8res hypoth\u00e8ses, les fortes pluies qui se sont abattues sur la zone de l&rsquo;accident auraient provoqu\u00e9 le d\u00e9bordement d&rsquo;un \u00e9gout\u00bb, ont d\u00e9clar\u00e9 la police d&rsquo;Ulm et les procureurs de Ravensburg dans un communiqu\u00e9 conjoint.<\/p>\n<p>\u00abL&rsquo;eau aurait alors provoqu\u00e9 un glissement de terrain dans le talus bordant la voie ferr\u00e9e, ce qui aurait entra\u00een\u00e9 le d\u00e9raillement du train\u00bb, ajoutent les enqu\u00eateurs selon lesquels il n&rsquo;y a aucun signe d&rsquo;un acte criminel.<\/p>\n<p>Environ 100 passagers \u00e9taient \u00e0 bord du train quand l&rsquo;accident s&rsquo;est produit vers 18 h 10 (16 h 10 GMT) pr\u00e8s de la ville de Riedlingen, dans le Land de Bade-Wurtemberg.<\/p>\n<p>De violents orages ont balay\u00e9 la r\u00e9gion au moment de l&rsquo;accident, selon les services m\u00e9t\u00e9orologiques.<\/p>\n<p>Trois personnes sont mortes dans l&rsquo;accident, dont le conducteur du train et un membre du personnel \u00e0 bord, et au moins 41 personnes ont \u00e9t\u00e9 bless\u00e9es, dont certaines gri\u00e8vement.<\/p>\n<p>Le trafic est toujours suspendu sur la ligne ferroviaire affect\u00e9e et les travaux de nettoyage doivent commencer mardi.<\/p>\n","protected":false},"excerpt":{"rendered":"Le d\u00e9raillement d&rsquo;un train dimanche dans une zone bois\u00e9e du sud-ouest de l&rsquo;Allemagne qui a fait trois morts&hellip;\n","protected":false},"author":2,"featured_media":310205,"comment_status":"","ping_status":"","sticky":false,"template":"","format":"standard","meta":{"footnotes":""},"categories":[1587],"tags":[11,672,1804,1805,1803,1777,674,1801,12,1802],"class_list":{"0":"post-310204","1":"post","2":"type-post","3":"status-publish","4":"format-standard","5":"has-post-thumbnail","7":"category-allemagne","8":"tag-actualites","9":"tag-allemagne","10":"tag-bundesrepublik-deutschland","11":"tag-de","12":"tag-deutschland","13":"tag-eu","14":"tag-europe","15":"tag-germany","16":"tag-news","17":"tag-republique-federale-dallemagne"},"share_on_mastodon":{"url":"https:\/\/pubeurope.com\/@fr\/115006557681886961","error":""},"_links":{"self":[{"href":"https:\/\/www.europesays.com\/fr\/wp-json\/wp\/v2\/posts\/310204","targetHints":{"allow":["GET"]}}],"collection":[{"href":"https:\/\/www.europesays.com\/fr\/wp-json\/wp\/v2\/posts"}],"about":[{"href":"https:\/\/www.europesays.com\/fr\/wp-json\/wp\/v2\/types\/post"}],"author":[{"embeddable":true,"href":"https:\/\/www.europesays.com\/fr\/wp-json\/wp\/v2\/users\/2"}],"replies":[{"embeddable":true,"href":"https:\/\/www.europesays.com\/fr\/wp-json\/wp\/v2\/comments?post=310204"}],"version-history":[{"count":0,"href":"https:\/\/www.europesays.com\/fr\/wp-json\/wp\/v2\/posts\/310204\/revisions"}],"wp:featuredmedia":[{"embeddable":true,"href":"https:\/\/www.europesays.com\/fr\/wp-json\/wp\/v2\/media\/310205"}],"wp:attachment":[{"href":"https:\/\/www.europesays.com\/fr\/wp-json\/wp\/v2\/media?parent=310204"}],"wp:term":[{"taxonomy":"category","embeddable":true,"href":"https:\/\/www.europesays.com\/fr\/wp-json\/wp\/v2\/categories?post=310204"},{"taxonomy":"post_tag","embeddable":true,"href":"https:\/\/www.europesays.com\/fr\/wp-json\/wp\/v2\/tags?post=310204"}],"curies":[{"name":"wp","href":"https:\/\/api.w.org\/{rel}","templated":true}]}}