{"id":310208,"date":"2025-08-10T21:20:15","date_gmt":"2025-08-10T21:20:15","guid":{"rendered":"https:\/\/www.europesays.com\/fr\/310208\/"},"modified":"2025-08-10T21:20:15","modified_gmt":"2025-08-10T21:20:15","slug":"droit-du-sport-les-dernieres-decisions-de-la-cour-de-justice-europeenne-laissent-les-footballeurs-et-les-clubs-face-a-une-page-blanche","status":"publish","type":"post","link":"https:\/\/www.europesays.com\/fr\/310208\/","title":{"rendered":"Droit du sport: les derni\u00e8res d\u00e9cisions de la Cour de justice europ\u00e9enne laissent \u00ables footballeurs et les clubs face \u00e0 une page blanche\u00bb"},"content":{"rendered":"<p>L\u2019arr\u00eat Bosman a 30\u00a0ans d\u00e9j\u00e0, mais sa simple \u00e9vocation suffit encore \u00e0 faire planer dans l\u2019air un parfum de r\u00e9volution. En 1995, cette d\u00e9cision de justice conduisait \u00e0 la suppression des quotas de joueurs europ\u00e9ens au sein de l\u2019Union europ\u00e9enne (UE), mettait fin aux indemnit\u00e9s de transfert pour les joueurs en fin de contrat et, en d\u00e9finitive, lib\u00e9ralisait le march\u00e9 du football continental. A la man\u0153uvre, un avocat belge, Jean-Louis Dupont, qui n\u2019a depuis cess\u00e9 de plaider l\u2019application des principes fondamentaux du droit europ\u00e9en du travail au monde du sport en g\u00e9n\u00e9ral et du football en particulier.<\/p>\n<p>Actuellement, son confr\u00e8re Martin Hissel et lui continuent de porter devant la Cour de justice europ\u00e9enne (CJUE) des affaires susceptibles de bouleverser l\u2019ordre \u00e9tabli. Ils ont r\u00e9cemment obtenu gain de cause dans celle de Lassana Diarra, footballeur fran\u00e7ais qui avait \u00e9t\u00e9 sanctionn\u00e9 par son club du Lokomotiv Moscou, avec le soutien de la FIFA, pour avoir r\u00e9sili\u00e9 son contrat, et dans celle du RFC Seraing, un club belge qui contestait l\u2019interdiction de la tierce propri\u00e9t\u00e9 des joueurs (ou TPO, pour Third-Party Ownership). Ils conseillent \u00e9galement la fondation n\u00e9erlandaise Justice for Players, qui a lanc\u00e9 cette semaine une action collective contre la FIFA (lire ci-dessous).<\/p>\n","protected":false},"excerpt":{"rendered":"L\u2019arr\u00eat Bosman a 30\u00a0ans d\u00e9j\u00e0, mais sa simple \u00e9vocation suffit encore \u00e0 faire planer dans l\u2019air un parfum&hellip;\n","protected":false},"author":2,"featured_media":310209,"comment_status":"","ping_status":"","sticky":false,"template":"","format":"standard","meta":{"footnotes":""},"categories":[1586],"tags":[11,6492,1777,674,1779,1011,27,12,301,25,1778,364],"class_list":{"0":"post-310208","1":"post","2":"type-post","3":"status-publish","4":"format-standard","5":"has-post-thumbnail","7":"category-europe","8":"tag-actualites","9":"tag-droits-de-lhomme","10":"tag-eu","11":"tag-europe","12":"tag-european-union","13":"tag-fr","14":"tag-france","15":"tag-news","16":"tag-premium","17":"tag-republique-francaise","18":"tag-ue","19":"tag-union-europeenne"},"share_on_mastodon":{"url":"https:\/\/pubeurope.com\/@fr\/115006565538036455","error":""},"_links":{"self":[{"href":"https:\/\/www.europesays.com\/fr\/wp-json\/wp\/v2\/posts\/310208","targetHints":{"allow":["GET"]}}],"collection":[{"href":"https:\/\/www.europesays.com\/fr\/wp-json\/wp\/v2\/posts"}],"about":[{"href":"https:\/\/www.europesays.com\/fr\/wp-json\/wp\/v2\/types\/post"}],"author":[{"embeddable":true,"href":"https:\/\/www.europesays.com\/fr\/wp-json\/wp\/v2\/users\/2"}],"replies":[{"embeddable":true,"href":"https:\/\/www.europesays.com\/fr\/wp-json\/wp\/v2\/comments?post=310208"}],"version-history":[{"count":0,"href":"https:\/\/www.europesays.com\/fr\/wp-json\/wp\/v2\/posts\/310208\/revisions"}],"wp:featuredmedia":[{"embeddable":true,"href":"https:\/\/www.europesays.com\/fr\/wp-json\/wp\/v2\/media\/310209"}],"wp:attachment":[{"href":"https:\/\/www.europesays.com\/fr\/wp-json\/wp\/v2\/media?parent=310208"}],"wp:term":[{"taxonomy":"category","embeddable":true,"href":"https:\/\/www.europesays.com\/fr\/wp-json\/wp\/v2\/categories?post=310208"},{"taxonomy":"post_tag","embeddable":true,"href":"https:\/\/www.europesays.com\/fr\/wp-json\/wp\/v2\/tags?post=310208"}],"curies":[{"name":"wp","href":"https:\/\/api.w.org\/{rel}","templated":true}]}}