{"id":31021,"date":"2025-04-17T06:33:11","date_gmt":"2025-04-17T06:33:11","guid":{"rendered":"https:\/\/www.europesays.com\/fr\/31021\/"},"modified":"2025-04-17T06:33:11","modified_gmt":"2025-04-17T06:33:11","slug":"les-gerants-de-ce-food-truck-veulent-ouvrir-leur-restaurant-avec-barbecue-coreen","status":"publish","type":"post","link":"https:\/\/www.europesays.com\/fr\/31021\/","title":{"rendered":"les g\u00e9rants de ce food-truck veulent ouvrir leur restaurant avec barbecue cor\u00e9en"},"content":{"rendered":"<p>            Par<br \/>\n        <strong><br \/>\n            <a href=\"https:\/\/actu.fr\/auteur\/clemence-pays02-actu-fr\" title=\"Consulter tous les articles de Cl\u00e9mence Pays\" target=\"_blank\" rel=\"noopener\">Cl\u00e9mence Pays<\/a><br \/>\n        <\/strong><\/p>\n<p>        Publi\u00e9 le<\/p>\n<p>            16 avr. 2025 \u00e0 11h12        <\/p>\n<p>Kimchi, bibimbap, bungeoppang\u2026 C\u2019est un petit bout de Cor\u00e9e du Sud dans notre assiette que promettent Aur\u00e9lien Chevalier et son \u00e9pouse Kyungmin Woo. Avec leur <strong>restaurant Suwon,<\/strong> ils proposent des <strong>plats typiques cor\u00e9ens,<\/strong> \u00e0 emporter ou en livraison. Mais le couple souhaite viser plus haut et ouvrir, dans l\u2019agglom\u00e9ration de <a href=\"https:\/\/actu.fr\/rennes\/\" target=\"_blank\" rel=\"noopener\">Rennes<\/a>, leur restaurant traditionnel pour proposer le fameux <a href=\"https:\/\/actu.fr\/pays-de-la-loire\/nantes_44109\/restaurant-a-nantes-on-a-teste-pour-vous-le-seul-barbecue-coreen-de-la-ville_60430362.html\" target=\"_blank\" rel=\"noopener\">barbecue cor\u00e9en<\/a>. Rencontre.<\/p>\n<p>De la cuisine \u00e0 la maison au food truck<\/p>\n<p class=\" wall-content\">\u00ab\u2009C\u2019est en f\u00e9vrier\u00a02024 que d\u00e9bute l\u2019aventure\u2009\u00bb, retrace Aur\u00e9lien Chevalier. Alors en p\u00e9riode de changement professionnel, le couple se demande <strong>comment travailler ensemble.<\/strong><\/p>\n<p class=\" wall-content\">C\u2019est l\u00e0 que vient l\u2019id\u00e9e de se lancer en restauration. \u00ab\u2009J\u2019ai d\u00e9couvert la <strong>cuisine cor\u00e9enne<\/strong> avec mon \u00e9pouse, elle m\u2019a fait d\u00e9couvrir la culture de son pays.\u2009\u00bb \u00c7\u2019a \u00e9t\u00e9 la r\u00e9v\u00e9lation.<\/p>\n<p class=\" wall-content\">\u00ab\u2009Avant je n\u2019aimais pas le riz, maintenant j\u2019adore\u2009! On mange cor\u00e9en cinq fois par semaine\u2009\u00bb, s\u2019enthousiasme le cuisinier de formation, qui note \u00e9galement une <strong>faible offre<\/strong> en <a href=\"https:\/\/actu.fr\/bretagne\/\" target=\"_blank\" rel=\"noopener\">Bretagne<\/a> en mati\u00e8re de cuisine cor\u00e9enne.<\/p>\n<blockquote class=\"ac-article-quote wall-content\">\n<p>Ouvrir un restaurant, c&rsquo;est ambitieux et cela n\u00e9cessite un certain budget. <\/p>\n<p>    <strong>Aur\u00e9lien Chevalier<\/strong><br \/>\n        Co-g\u00e9rant du restaurant Suwon    <\/p><\/blockquote>\n<p class=\" wall-content\">Les Bretilliens d\u00e9cident donc de se lancer, mais depuis leur maison, \u00e0 <a href=\"https:\/\/actu.fr\/bretagne\/goven_35123\" target=\"_blank\" rel=\"noopener\">Goven<\/a>. \u00ab\u2009On a fait le choix d\u2019investir pour <strong>mettre aux normes notre cuisine<\/strong> et proposer des plats \u00e0 emporter ou en livraison.\u2009\u00bb<\/p>\n<p class=\" wall-content\">L\u2019activit\u00e9 est lanc\u00e9e en mai\u00a02024, majoritairement avec une offre de street food. D\u00e8s septembre, le couple a bien pris ses marques et a su trouver sa client\u00e8le. \u00ab\u2009On s\u2019est senti capable de <strong>proposer une nouvelle carte\u2009\u00bb,<\/strong> affirme le co-g\u00e9rant de Suwon.<\/p>\n<p>De la cuisine traditionnelle<\/p>\n<p class=\" wall-content\">Ils s\u2019\u00e9quipent donc d\u2019un camion pour lancer leur <strong>food truck,<\/strong> en janvier\u00a02025.\u00a0Le <strong>midi,<\/strong> le couple se rend \u00e0 <a href=\"https:\/\/actu.fr\/bretagne\/cesson-sevigne_35051\" target=\"_blank\" rel=\"noopener\">Cesson-S\u00e9vign\u00e9<\/a> (ViaSilva), <a href=\"https:\/\/actu.fr\/bretagne\/saint-jacques-de-la-lande_35281\" target=\"_blank\" rel=\"noopener\">Saint-Jacques-de-la-Lande<\/a>, <a href=\"https:\/\/actu.fr\/bretagne\/chartres-de-bretagne_35066\" target=\"_blank\" rel=\"noopener\">Chartres-de-Bretagne<\/a> et <a href=\"https:\/\/actu.fr\/bretagne\/goven_35123\" target=\"_blank\" rel=\"noopener\">Goven<\/a> pour vendre leur offre street food \u00e0 emporter.<\/p>\n<p class=\" wall-content\">Le <strong>soir,<\/strong> ce sont des <strong>plats plus \u00e9labor\u00e9s<\/strong> qui apparaissent \u00e0 la carte. Les clients peuvent venir les chercher chez Kyungmin et Aur\u00e9lien, ou demander \u00e0 se faire livrer.<\/p>\n<blockquote class=\"tiktok-embed\" cite=\"https:\/\/www.tiktok.com\/@suwonrestaurant\/video\/7472046944198659350\" data-video-id=\"7472046944198659350\" data-embed-from=\"oembed\" style=\"max-width:605px; min-width:325px;\"><p>\n<a target=\"_blank\" title=\"@suwonrestaurant\" href=\"https:\/\/www.tiktok.com\/@suwonrestaurant?refer=embed\" rel=\"noopener\">@suwonrestaurant<\/a> <\/p>\n<p>Pr\u00e9paration du Kimchi \u2764\ufe0f\ud83c\uddf0\ud83c\uddf7 Suwon Restaurant  <a title=\"southkorea\" target=\"_blank\" href=\"https:\/\/www.tiktok.com\/tag\/southkorea?refer=embed\" rel=\"noopener\">#southkorea<\/a> <a title=\"korea\" target=\"_blank\" href=\"https:\/\/www.tiktok.com\/tag\/korea?refer=embed\" rel=\"noopener\">#korea<\/a> <a title=\"korean\" target=\"_blank\" href=\"https:\/\/www.tiktok.com\/tag\/korean?refer=embed\" rel=\"noopener\">#korean<\/a> <a title=\"coree\" target=\"_blank\" href=\"https:\/\/www.tiktok.com\/tag\/coree?refer=embed\" rel=\"noopener\">#coree<\/a> <a title=\"coreedusud\" target=\"_blank\" href=\"https:\/\/www.tiktok.com\/tag\/coreedusud?refer=embed\" rel=\"noopener\">#coreedusud<\/a> <a title=\"cuisine\" target=\"_blank\" href=\"https:\/\/www.tiktok.com\/tag\/cuisine?refer=embed\" rel=\"noopener\">#cuisine<\/a> <a title=\"rennes\" target=\"_blank\" href=\"https:\/\/www.tiktok.com\/tag\/rennes?refer=embed\" rel=\"noopener\">#rennes<\/a> <a title=\"art\" target=\"_blank\" href=\"https:\/\/www.tiktok.com\/tag\/art?refer=embed\" rel=\"noopener\">#art<\/a> <a title=\"kitchen\" target=\"_blank\" href=\"https:\/\/www.tiktok.com\/tag\/kitchen?refer=embed\" rel=\"noopener\">#kitchen<\/a> <a title=\"asiatique\" target=\"_blank\" href=\"https:\/\/www.tiktok.com\/tag\/asiatique?refer=embed\" rel=\"noopener\">#asiatique<\/a> <a title=\"asia\" target=\"_blank\" href=\"https:\/\/www.tiktok.com\/tag\/asia?refer=embed\" rel=\"noopener\">#asia<\/a> <a title=\"kimchi\" target=\"_blank\" href=\"https:\/\/www.tiktok.com\/tag\/kimchi?refer=embed\" rel=\"noopener\">#kimchi<\/a> <\/p>\n<p> <a target=\"_blank\" title=\"\u266c son original - SUWON RESTAURANT\" href=\"https:\/\/www.tiktok.com\/music\/son-original-7472046941181233942?refer=embed\" rel=\"noopener\">\u266c son original \u2013 SUWON RESTAURANT<\/a> <\/p>\n<\/blockquote>\n<p class=\" wall-content\">Ces plats, <strong>Kyungmin les conna\u00eet depuis sa plus tendre enfance.<\/strong> \u00ab\u2009On cuisinait en famille. On pr\u00e9parait de tr\u00e8s grosses quantit\u00e9s et apr\u00e8s on partageait le repas\u2009\u00bb, retrace la jeune femme.<\/p>\n<p class=\" wall-content\">C\u2019est gr\u00e2ce \u00e0 ce savoir-faire que le couple concocte ces recettes traditionnelles. \u00c0 9\u2009000 km de l\u00e0, la maman de Kyungmin veille au grain et prodigue ses pr\u00e9cieux <strong>conseils techniques<\/strong> en visio. Pour les tests culinaires, c\u2019est la famille d\u2019Aur\u00e9lien qui s\u2019y colle.<\/p>\n<blockquote class=\"ac-article-quote wall-content\">\n<p>C&rsquo;est de la cuisine authentique, mais il faut s&rsquo;adapter au palais des Fran\u00e7ais, surtout au niveau des \u00e9pices.<\/p>\n<p>    <strong>Aur\u00e9lien Chevalier<\/strong><br \/>\n        Co-g\u00e9rant du restaurant Suwon    <\/p><\/blockquote>\n<p class=\" wall-content\">Certains ingr\u00e9dients sont donc utilis\u00e9s avec parcimonie, comme le <strong>piment cor\u00e9en.<\/strong> \u00ab\u2009Les produits qui sont import\u00e9s de Cor\u00e9e vers la France sont d\u00e9j\u00e0 transform\u00e9s pour s\u2019adapter au march\u00e9\u2009\u00bb, pr\u00e9cise Kyungmin Woo.<\/p>\n<p>Objectif barbecue cor\u00e9en<\/p>\n<p class=\" wall-content\">Avec leur food truck, les g\u00e9rants de Suwon esp\u00e8rent se faire conna\u00eetre dans le bassin rennais. \u00ab\u2009Fin 2025, on veut pouvoir <strong>montrer \u00e0 notre comptable et notre banquier qu\u2019on est capables,<\/strong> qu\u2019on a un savoir-faire et qu\u2019on a une communaut\u00e9 qui nous encourage\u2009\u00bb, lance Aur\u00e9lien Chevalier.<\/p>\n<p class=\" wall-content\">S\u2019ils arrivent \u00e0 convaincre leurs partenaires, Kyungmin et Aur\u00e9lien esp\u00e8rent pouvoir<strong> ouvrir leur propre restaurant.<\/strong> En plus des plats traditionnels, ils souhaitent proposer le barbecue cor\u00e9en.<\/p>\n<p class=\" wall-content\"><a href=\"https:\/\/www.instagram.com\/p\/C_SqdzxMZqb\/embed\" title=\"Ouvrir le lien sur Instagram\" target=\"_blank\" rel=\"noopener\">Visualiser le contenu sur Instagram<\/a><\/p>\n<p class=\" wall-content\">Pour cela, il faut \u00ab\u2009des tables qui ne sont pas fabriqu\u00e9es en France, avec un barbecue encastr\u00e9\u2009\u00bb. Des normes de s\u00e9curit\u00e9 sont \u00e9galement \u00e0 respecter. \u00ab\u2009Il y a un vrai co\u00fbt des am\u00e9nagements, mais<strong> le potentiel est tr\u00e8s \u00e9lev\u00e9\u2009\u00bb,<\/strong> estime Aur\u00e9lien Chevalier.<\/p>\n<p class=\" wall-content\">Avec cette <strong>proposition unique<\/strong> en <a href=\"https:\/\/actu.fr\/bretagne\/ille-et-vilaine_35\" target=\"_blank\" rel=\"noopener\">Ille-et-Vilaine<\/a>, le couple souhaite proposer une v\u00e9ritable exp\u00e9rience aux clients. \u00ab\u2009Les Fran\u00e7ais aiment les plats conviviaux \u00e0 partager comme la raclette et la fondue\u2009\u00bb, alors pourquoi pas le barbecue cor\u00e9en\u2009?<\/p>\n<p><strong>Infos pratiques\u2009:<\/strong><br \/>\nSuwon restaurant, 11 rue des Rouges-Gorges, Goven. Ouvert tous les jours sauf le dimanche et le lundi soir. Contact\u2009: 06\u200982\u200935\u200938\u200952. <a href=\"https:\/\/www.instagram.com\/suwon_restaurant\/\" target=\"_blank\" rel=\"noopener\">Instagram<\/a>, <a href=\"https:\/\/www.facebook.com\/profile.php?id=61555173077682\" target=\"_blank\" rel=\"noopener\">Facebook<\/a>, <a href=\"https:\/\/www.tiktok.com\/@suwonrestaurant\" target=\"_blank\" rel=\"noopener\">TikTok<\/a>.<\/p>\n<p class=\" wall-content\">Suivez toute l\u2019actualit\u00e9 de vos villes et m\u00e9dias favoris en vous inscrivant \u00e0 <a href=\"https:\/\/moncompte.actu.fr\" title=\"D\u00e9couvez Mon Actu\" rel=\"nofollow noopener\" data-trk=\"{&quot;cta&quot;:{&quot;action&quot;:&quot;https:\\\/\\\/moncompte.actu.fr&quot;,&quot;category&quot;:&quot;mon compte&quot;,&quot;from&quot;:&quot;article footer&quot;,&quot;name&quot;:&quot;Mon actu&quot;,&quot;type&quot;:&quot;cta&quot;}}\" target=\"_blank\">Mon Actu<\/a>.<\/p>\n<p>                    <script async src=\"\/\/www.instagram.com\/embed.js\"><\/script><script async src=\"\/\/www.tiktok.com\/embed.js\"><\/script><\/p>\n","protected":false},"excerpt":{"rendered":"Par Cl\u00e9mence Pays Publi\u00e9 le 16 avr. 2025 \u00e0 11h12 Kimchi, bibimbap, bungeoppang\u2026 C\u2019est un petit bout de&hellip;\n","protected":false},"author":2,"featured_media":31022,"comment_status":"","ping_status":"","sticky":false,"template":"","format":"standard","meta":{"footnotes":""},"categories":[2821],"tags":[1111,11,829,33,1777,674,1011,27,12,584,25,1340,10619,10479],"class_list":{"0":"post-31021","1":"post","2":"type-post","3":"status-publish","4":"format-standard","5":"has-post-thumbnail","7":"category-rennes","8":"tag-actu","9":"tag-actualites","10":"tag-bretagne","11":"tag-economie","12":"tag-eu","13":"tag-europe","14":"tag-fr","15":"tag-france","16":"tag-news","17":"tag-rennes","18":"tag-republique-francaise","19":"tag-restaurant","20":"tag-restos-de-rennes","21":"tag-street-food"},"share_on_mastodon":{"url":"https:\/\/pubeurope.com\/@fr\/114351912145225156","error":""},"_links":{"self":[{"href":"https:\/\/www.europesays.com\/fr\/wp-json\/wp\/v2\/posts\/31021","targetHints":{"allow":["GET"]}}],"collection":[{"href":"https:\/\/www.europesays.com\/fr\/wp-json\/wp\/v2\/posts"}],"about":[{"href":"https:\/\/www.europesays.com\/fr\/wp-json\/wp\/v2\/types\/post"}],"author":[{"embeddable":true,"href":"https:\/\/www.europesays.com\/fr\/wp-json\/wp\/v2\/users\/2"}],"replies":[{"embeddable":true,"href":"https:\/\/www.europesays.com\/fr\/wp-json\/wp\/v2\/comments?post=31021"}],"version-history":[{"count":0,"href":"https:\/\/www.europesays.com\/fr\/wp-json\/wp\/v2\/posts\/31021\/revisions"}],"wp:featuredmedia":[{"embeddable":true,"href":"https:\/\/www.europesays.com\/fr\/wp-json\/wp\/v2\/media\/31022"}],"wp:attachment":[{"href":"https:\/\/www.europesays.com\/fr\/wp-json\/wp\/v2\/media?parent=31021"}],"wp:term":[{"taxonomy":"category","embeddable":true,"href":"https:\/\/www.europesays.com\/fr\/wp-json\/wp\/v2\/categories?post=31021"},{"taxonomy":"post_tag","embeddable":true,"href":"https:\/\/www.europesays.com\/fr\/wp-json\/wp\/v2\/tags?post=31021"}],"curies":[{"name":"wp","href":"https:\/\/api.w.org\/{rel}","templated":true}]}}