{"id":310210,"date":"2025-08-10T21:21:12","date_gmt":"2025-08-10T21:21:12","guid":{"rendered":"https:\/\/www.europesays.com\/fr\/310210\/"},"modified":"2025-08-10T21:21:12","modified_gmt":"2025-08-10T21:21:12","slug":"les-eveques-de-france-critiquent-la-promotion-dun-pretre-condamne-pour-viol-sur-un-adolescent","status":"publish","type":"post","link":"https:\/\/www.europesays.com\/fr\/310210\/","title":{"rendered":"Les \u00e9v\u00eaques de France critiquent la promotion d\u2019un pr\u00eatre condamn\u00e9 pour viol sur un adolescent"},"content":{"rendered":"<p>        <img decoding=\"async\" loading=\"lazy\" src=\"https:\/\/www.europesays.com\/fr\/wp-content\/uploads\/2025\/08\/f609614_1664542241925-000-94y8a8.jpg\"  width=\"728\" height=\"409\" alt=\"Les \u00e9v\u00eaques de France ont appel\u00e9 l\u2019arch\u00e9v\u00eaque de Toulouse \u00e0 \u00ab\u00a0reconsid\u00e9rer\u00a0\u00bb sa d\u00e9cision apr\u00e8s la promotion d\u2019un pr\u00eatre condamn\u00e9 pour viol sur un adolescent.\"\/>  <\/p>\n<p>LOIC VENANCE \/ AFP<\/p>\n<p>Les \u00e9v\u00eaques de France ont appel\u00e9 l\u2019arch\u00e9v\u00eaque de Toulouse \u00e0 \u00ab\u00a0reconsid\u00e9rer\u00a0\u00bb sa d\u00e9cision apr\u00e8s la promotion d\u2019un pr\u00eatre condamn\u00e9 pour viol sur un adolescent.<\/p>\n<p class=\"asset asset-text\">RELIGION &#8211; Une d\u00e9cision vivement critiqu\u00e9e jusqu\u2019au sein de l<a href=\"https:\/\/www.huffingtonpost.fr\/insolite\/video\/mort-du-pape-francois-le-souverain-pontife-qui-a-modernise-l-eglise-catholique-a-travers-les-reseaux-sociaux_246680.html\" rel=\"nofollow noopener\" target=\"_blank\">\u2019\u00c9glise catholique<\/a>. Les \u00e9v\u00eaques de France souhaitent que l\u2019archev\u00eaque de Toulouse revienne sur <a href=\"https:\/\/www.huffingtonpost.fr\/france\/article\/l-archeveque-de-toulouse-justifie-la-nomination-d-un-pretre-condamne-pour-viol-sur-mineur_252335.html\" rel=\"nofollow noopener\" target=\"_blank\">sa d\u00e9cision de promouvoir<\/a> un pr\u00eatre condamn\u00e9 pour viol sur mineur en 2006, estimant que cette nomination ne peut que \u00ab\u00a0raviver des blessures\u00a0\u00bb et \u00ab\u00a0d\u00e9concerter\u00a0\u00bb les fid\u00e8les.<\/p>\n<p class=\"asset asset-text\">\u00ab\u00a0Nous avons engag\u00e9 un dialogue constructif avec Mgr\u00a0Guy de\u00a0Kerimel, archev\u00eaque de Toulouse, l\u2019invitant \u00e0 reconsid\u00e9rer la d\u00e9cision qu\u2019il avait prise quant \u00e0 la nomination du chancelier de son dioc\u00e8se\u00a0\u00bb indique ce dimanche 10\u00a0ao\u00fbt la pr\u00e9sidence de la Conf\u00e9rence des \u00e9v\u00eaques de France dans un communiqu\u00e9.<\/p>\n<p class=\"asset asset-text\">\u00ab\u00a0En effet, une telle nomination \u00e0 un poste aussi important, canoniquement et symboliquement, ne peut que raviver des blessures, r\u00e9veiller des soup\u00e7ons et d\u00e9concerter le peuple de Dieu\u00a0\u00bb, souligne l\u2019organisation.<\/p>\n<p>    \u00ab\u00a0Le parti de la mis\u00e9ricorde\u00a0\u00bb    <\/p>\n<p class=\"asset asset-text\">D\u00e9but juin l\u2019archev\u00eaque de Toulouse a nomm\u00e9 au poste de chancelier le pr\u00eatre Dominique Spina, condamn\u00e9 en 2006 \u00e0 cinq ans de prison dont un avec sursis pour le viol d\u2019un lyc\u00e9en de 16\u00a0ans en 1993.<\/p>\n<p class=\"asset asset-text\">L\u2019archev\u00eaque a expliqu\u00e9 avoir \u00ab\u00a0pris le parti de la mis\u00e9ricorde\u00a0\u00bb pour nommer ce pr\u00eatre \u00e0 qui il n\u2019a \u00ab\u00a0rien \u00e0 reprocher\u00a0\u00bb dans une \u00ab\u00a0fonction administrative\u00a0\u00bb &#8211; le chancelier \u00e9tablit les actes administratifs et a un r\u00f4le de conseil -.<\/p>\n<p class=\"asset asset-text\">Une d\u00e9cision qui a suscit\u00e9 l\u2019incompr\u00e9hension et la col\u00e8re. Aupr\u00e8s du journal La Vie, la victime du pr\u00eatre Dominique Spina a de son c\u00f4t\u00e9 qualifi\u00e9 cette promotion de \u00ab\u00a0choquante\u00a0\u00bb, d\u00e9non\u00e7ant \u00ab\u00a0l\u2019entre-soi religieux\u00a0\u00bb. Plusieurs collectifs de victimes d\u2019\u00e9tablissements catholiques, dont Notre-Dame de B\u00e9tharram, ont \u00e9galement fait part de leur \u00ab\u00a0col\u00e8re\u00a0\u00bb face \u00e0 une situation \u00ab\u00a0inacceptable\u00a0\u00bb.<\/p>\n<p class=\"asset asset-text\">\u00ab\u00a0Nous avons appris \u00e0 regarder ces faits d\u2019abord du point de vue des personnes qui en ont \u00e9t\u00e9 les victimes et qui en subissent les cons\u00e9quences \u00e0 longueur de vie. Ce d\u00e9placement du regard, l\u2019\u00e9coute bouleversante de leur d\u00e9tresse et de leur douleur, l\u2019accueil de leur invitation \u00e0 poursuivre humblement avec elles un chemin de v\u00e9rit\u00e9, ont amorc\u00e9, pour notre institution eccl\u00e9siale, un long et exigeant travail de conversion, que nous sommes r\u00e9solus \u00e0 poursuivre\u00a0\u00bb, affirme la Conf\u00e9rence des \u00e9v\u00eaques de France (CEF), pr\u00e9sid\u00e9e par le cardinal Jean-Marc Aveline, archev\u00eaque de Marseille.<\/p>\n","protected":false},"excerpt":{"rendered":"LOIC VENANCE \/ AFP Les \u00e9v\u00eaques de France ont appel\u00e9 l\u2019arch\u00e9v\u00eaque de Toulouse \u00e0 \u00ab\u00a0reconsid\u00e9rer\u00a0\u00bb sa d\u00e9cision apr\u00e8s&hellip;\n","protected":false},"author":2,"featured_media":310211,"comment_status":"","ping_status":"","sticky":false,"template":"","format":"standard","meta":{"footnotes":""},"categories":[2],"tags":[11,12730,12336,8305,1011,27,12,44991,4020,25],"class_list":{"0":"post-310210","1":"post","2":"type-post","3":"status-publish","4":"format-standard","5":"has-post-thumbnail","7":"category-actualites","8":"tag-actualites","9":"tag-archeveque","10":"tag-eglise","11":"tag-eglise-catholique","12":"tag-fr","13":"tag-france","14":"tag-news","15":"tag-pedophilie-eglise","16":"tag-religion","17":"tag-republique-francaise"},"share_on_mastodon":{"url":"https:\/\/pubeurope.com\/@fr\/115006569457679977","error":""},"_links":{"self":[{"href":"https:\/\/www.europesays.com\/fr\/wp-json\/wp\/v2\/posts\/310210","targetHints":{"allow":["GET"]}}],"collection":[{"href":"https:\/\/www.europesays.com\/fr\/wp-json\/wp\/v2\/posts"}],"about":[{"href":"https:\/\/www.europesays.com\/fr\/wp-json\/wp\/v2\/types\/post"}],"author":[{"embeddable":true,"href":"https:\/\/www.europesays.com\/fr\/wp-json\/wp\/v2\/users\/2"}],"replies":[{"embeddable":true,"href":"https:\/\/www.europesays.com\/fr\/wp-json\/wp\/v2\/comments?post=310210"}],"version-history":[{"count":0,"href":"https:\/\/www.europesays.com\/fr\/wp-json\/wp\/v2\/posts\/310210\/revisions"}],"wp:featuredmedia":[{"embeddable":true,"href":"https:\/\/www.europesays.com\/fr\/wp-json\/wp\/v2\/media\/310211"}],"wp:attachment":[{"href":"https:\/\/www.europesays.com\/fr\/wp-json\/wp\/v2\/media?parent=310210"}],"wp:term":[{"taxonomy":"category","embeddable":true,"href":"https:\/\/www.europesays.com\/fr\/wp-json\/wp\/v2\/categories?post=310210"},{"taxonomy":"post_tag","embeddable":true,"href":"https:\/\/www.europesays.com\/fr\/wp-json\/wp\/v2\/tags?post=310210"}],"curies":[{"name":"wp","href":"https:\/\/api.w.org\/{rel}","templated":true}]}}