{"id":310216,"date":"2025-08-10T21:24:10","date_gmt":"2025-08-10T21:24:10","guid":{"rendered":"https:\/\/www.europesays.com\/fr\/310216\/"},"modified":"2025-08-10T21:24:10","modified_gmt":"2025-08-10T21:24:10","slug":"oihan-guillamoundeguy-remporte-lirish-challenge-lequipe","status":"publish","type":"post","link":"https:\/\/www.europesays.com\/fr\/310216\/","title":{"rendered":"Oihan Guillamoundeguy remporte l&#039;Irish Challenge &#8211; L&#039;\u00c9quipe"},"content":{"rendered":"<ol>\n<li><a href=\"https:\/\/news.google.com\/rss\/articles\/CBMimwFBVV95cUxNMjBYVU1vckF5cXNKeGdtdDNQWF93M2VtYm96alRyVTQwOFluUHVaWHZmMGtQRkFSVnByUXhLdHhSUFEtVEkybzFfU1R6c25YOVBZcUYwa2t6MDZLU0lPZzlCaEU0YXB3emM3aTNKazRNVUtveFVPUDhteFB2WFNVYmlFLVNiTjRGcWYxNkxGMFZma255bTBjTUpLRQ?oc=5\" target=\"_blank\" rel=\"nofollow noopener\">Oihan Guillamoundeguy remporte l&rsquo;Irish Challenge<\/a>&nbsp;&nbsp;L&rsquo;\u00c9quipe<\/li>\n<li><a href=\"https:\/\/news.google.com\/rss\/articles\/CBMiiwFBVV95cUxNbXFzaWVOUXdMR1Q5bnpyOTZSYkdzaDlpMzd6R0Z1eGpuQlVXM0Z3dk54dDlfVlhSV2syUGFMZE1sY0NwM2NySl8xelJQSDgxLXpOSWdNMjR2VFFIR3pobk9sRGpRc21mbWlMWXNQN09nM1pfbk94S0JnTmcwYm82YjhEaWptYTVtVTR3?oc=5\" target=\"_blank\" rel=\"nofollow noopener\">Oihan Guillamoundeguy : \u00ab Tellement fier de moi \u00bb<\/a>&nbsp;&nbsp;Golf Plan\u00e8te<\/li>\n<li><a href=\"https:\/\/news.google.com\/rss\/articles\/CBMikAJBVV95cUxNa3B4TUpCNktzOG01VGIxYlY2WWJON2U1bW5Nc3AwRDVnczVJWS1aZ2dyNjVSQVJ1Q29rampmY0xOYTRlQXprN0ozMUM2TkZxUzUxNWRNMjF2ZmdEbjdKUzlrX3ZqemN5YmdLWWhnOHpNbGlRU3gyR1Rta0plRDY2Z1c4ekRjUmFjQ0xvWURGdkxWSXE4emo5TWwxSlJDUEkwOXl4enlkal84VUU2NWdmcnhNN2F4RmdHU2lnZGVibG85MkcybnlWdzZlcS1VdTIyZGRyU1F5RW5Tc3NIU0dVbF8xMGlibXA3OGhvbTkwNXlYTm9WZkcwT1F1M2pENDRLT0JaQjZRbF9FM0RicTZhcw?oc=5\" target=\"_blank\" rel=\"nofollow noopener\">Golf. HotelPlanner &#8211; Irish Challenge: Victoire de Oihan Guillamoundeguy avec trois coups d\u2019avance<\/a>&nbsp;&nbsp;Ouest-France<\/li>\n<li><a href=\"https:\/\/news.google.com\/rss\/articles\/CBMitAFBVV95cUxNVjN5c3BSZ0IzaVZxeTkwSFlSdzJLQThrLUlvMHZRbkVsYUFfVkdfVllrTWFGT3VpZ0pPNnBPVUFMbXdKRC1FckhpUGlCWEVMNXlNM252Q1ZDanE1anc1TFhaclFva2w2RFpCYkYwRW1RWXRNb1EyOG1tMFBHOXFKREtSSGdldkF5SVM4ZXR5aTZ1TVFtWjBQZGhVbXRTcU5qNjlnd3F0cDdQTDJIQ2VkY0hsNEg?oc=5\" target=\"_blank\" rel=\"nofollow noopener\">Guillamoundeguy deuxi\u00e8me de l&rsquo;Irish Challenge avant le dernier tour<\/a>&nbsp;&nbsp;L&rsquo;\u00c9quipe<\/li>\n<li><a href=\"https:\/\/news.google.com\/rss\/articles\/CBMiqwFBVV95cUxQcXNDbFpMT3pxV2liRURNRzd4dUhQazZlRUJsNFh5WktaOG9uWEFkOHhZdTB3LTR1VlVScndwenNqWTdJRDhMSzRiNGd1VnEyZ0pxRWd2YnpSMGFxTC15bVJBN3N0LTllOEpYRjM2ektvZTIydXJFRl9zLWo3WVYwUm12TmpUYmNwemN5MmFxeEVnQjhxZ0VoTE8wRjIxNHQ2T1hhVzVBME1BdEE?oc=5\" target=\"_blank\" rel=\"nofollow noopener\">Golf professionnel : Guillamoundeguy \u00e0 nouveau dans le coup<\/a>&nbsp;&nbsp;F\u00e9d\u00e9ration fran\u00e7aise de golf (ffgolf)<\/li>\n<\/ol>\n","protected":false},"excerpt":{"rendered":"Oihan Guillamoundeguy remporte l&rsquo;Irish Challenge&nbsp;&nbsp;L&rsquo;\u00c9quipe Oihan Guillamoundeguy : \u00ab Tellement fier de moi \u00bb&nbsp;&nbsp;Golf Plan\u00e8te Golf. HotelPlanner &#8211;&hellip;\n","protected":false},"author":2,"featured_media":310217,"comment_status":"","ping_status":"","sticky":false,"template":"","format":"standard","meta":{"footnotes":""},"categories":[1418],"tags":[1011,27,1472,60],"class_list":{"0":"post-310216","1":"post","2":"type-post","3":"status-publish","4":"format-standard","5":"has-post-thumbnail","7":"category-golf","8":"tag-fr","9":"tag-france","10":"tag-golf","11":"tag-sports"},"share_on_mastodon":{"url":"https:\/\/pubeurope.com\/@fr\/115006581163476800","error":""},"_links":{"self":[{"href":"https:\/\/www.europesays.com\/fr\/wp-json\/wp\/v2\/posts\/310216","targetHints":{"allow":["GET"]}}],"collection":[{"href":"https:\/\/www.europesays.com\/fr\/wp-json\/wp\/v2\/posts"}],"about":[{"href":"https:\/\/www.europesays.com\/fr\/wp-json\/wp\/v2\/types\/post"}],"author":[{"embeddable":true,"href":"https:\/\/www.europesays.com\/fr\/wp-json\/wp\/v2\/users\/2"}],"replies":[{"embeddable":true,"href":"https:\/\/www.europesays.com\/fr\/wp-json\/wp\/v2\/comments?post=310216"}],"version-history":[{"count":0,"href":"https:\/\/www.europesays.com\/fr\/wp-json\/wp\/v2\/posts\/310216\/revisions"}],"wp:featuredmedia":[{"embeddable":true,"href":"https:\/\/www.europesays.com\/fr\/wp-json\/wp\/v2\/media\/310217"}],"wp:attachment":[{"href":"https:\/\/www.europesays.com\/fr\/wp-json\/wp\/v2\/media?parent=310216"}],"wp:term":[{"taxonomy":"category","embeddable":true,"href":"https:\/\/www.europesays.com\/fr\/wp-json\/wp\/v2\/categories?post=310216"},{"taxonomy":"post_tag","embeddable":true,"href":"https:\/\/www.europesays.com\/fr\/wp-json\/wp\/v2\/tags?post=310216"}],"curies":[{"name":"wp","href":"https:\/\/api.w.org\/{rel}","templated":true}]}}