{"id":310224,"date":"2025-08-10T21:30:12","date_gmt":"2025-08-10T21:30:12","guid":{"rendered":"https:\/\/www.europesays.com\/fr\/310224\/"},"modified":"2025-08-10T21:30:12","modified_gmt":"2025-08-10T21:30:12","slug":"cible-par-lom-zhegrova-devrait-finalement-rester-a-lille","status":"publish","type":"post","link":"https:\/\/www.europesays.com\/fr\/310224\/","title":{"rendered":"cibl\u00e9 par l\u2019OM, Zhegrova devrait finalement rester \u00e0 Lille"},"content":{"rendered":"<p>Edon Zhegrova va \u00eatre r\u00e9int\u00e9gr\u00e9 au groupe professionnel du LOSC ce lundi selon L\u2019\u00c9quipe. Le Kosovar devrait jouer une derni\u00e8re saison \u00e0 Lille avant de partir libre en juin 2026.<\/p>\n<p class=\"fig-paragraph\">Retournement de situation dans le Nord.<a href=\"http:\/\/www.lefigaro.fr\/sports\/football\/transferts\/j-aime-plus-lille-que-marseille-quand-edon-zhegrova-snobait-l-om-video-20250805\" data-fig-type=\"NewsFlash\" data-gtm-custom-categorie=\"navigation\" data-gtm-custom-action=\"crossclick\" data-gtm-custom-label=\"Contextuel\" data-gtm-event=\"customEventSPE\" data-fig-domain=\"LEFIGARO\" rel=\"nofollow noopener\" target=\"_blank\">\u00a0Edon Zhegrova<\/a>\u00a0va r\u00e9int\u00e9grer le groupe professionnel de\u00a0<a href=\"http:\/\/www.lefigaro.fr\/sports\/football\/transferts\/le-psg-aurait-un-accord-total-pour-zabarnyi-rennes-piste-un-autre-marseillais-millot-en-arabie-saoudite-les-5-infos-mercato-du-jour-20250809\" data-fig-type=\"NewsFlash\" data-gtm-custom-categorie=\"navigation\" data-gtm-custom-action=\"crossclick\" data-gtm-custom-label=\"Contextuel\" data-gtm-event=\"customEventSPE\" data-fig-domain=\"LEFIGARO\" rel=\"nofollow noopener\" target=\"_blank\">Lille<\/a>\u00a0d\u00e8s lundi 11 ao\u00fbt selon L\u2019\u00c9quipe. Au d\u00e9but de l\u2019\u00e9t\u00e9, l\u2019ailier kosovar avait \u00e9t\u00e9 \u00e9cart\u00e9 et envoy\u00e9 en r\u00e9serve par le LOSC \u00e0 cause de ses vell\u00e9it\u00e9s de d\u00e9part. Il ne lui reste qu\u2019un an de contrat.<\/p>\n<p class=\"fig-paragraph\">Zhegrova devrait donc entamer une quatri\u00e8me saison sous les couleurs lilloises. La semaine derni\u00e8re, le pr\u00e9sident du club Olivier L\u00e9tang avait expliqu\u00e9 \u00e0 la presse avoir \u00abenvisag\u00e9 qu\u2019il puisse partir \u00e0 un moment donn\u00e9. Mais je pense qu\u2019aujourd\u2019hui, les conditions ne sont pas forc\u00e9ment r\u00e9unies. Et nous, on se dit que plut\u00f4t que d\u2019aller chercher quelqu\u2019un \u00e0 l\u2019ext\u00e9rieur, on a quelqu\u2019un qui est l\u00e0, \u00e0 la maison, qui va bien. Le pacte avec lui, c\u2019est qu\u2019il puisse faire la saison avec nous. Il a faim, il est en manque de matches, de comp\u00e9tition, c\u2019est un gar\u00e7on qui a un talent absolument fou\u00bb.<\/p>\n<p>                                    <a class=\"fig-a11y-skip a11y-hidden\" href=\"#fig-a11y-skip-main-inarticle\"><br \/>\n        Passer la publicit\u00e9<br \/>\n    <\/a><\/p>\n<p>Une derni\u00e8re saison \u00e0 Lille<\/p>\n<p class=\"fig-paragraph\">Un temps annonc\u00e9 dans le viseur de l\u2019Olympique de Marseille, Edon Zhegrova va donc rester \u00e0 Lille, au moins une demi-saison de plus. Il est tr\u00e8s probable qu\u2019il parte libre en juin 2026 ou qu\u2019il quitte le dernier quatri\u00e8me de Ligue 1 cet hiver. En trois ans au club, l\u2019ailier Kosovar a jou\u00e9 107 matchs pour 28 buts marqu\u00e9s.<\/p>\n","protected":false},"excerpt":{"rendered":"Edon Zhegrova va \u00eatre r\u00e9int\u00e9gr\u00e9 au groupe professionnel du LOSC ce lundi selon L\u2019\u00c9quipe. Le Kosovar devrait jouer&hellip;\n","protected":false},"author":2,"featured_media":310225,"comment_status":"","ping_status":"","sticky":false,"template":"","format":"standard","meta":{"footnotes":""},"categories":[1412],"tags":[1451,1452,1453,1454,1455,1011,27,2267,91,60],"class_list":{"0":"post-310224","1":"post","2":"type-post","3":"status-publish","4":"format-standard","5":"has-post-thumbnail","7":"category-f1","8":"tag-f1","9":"tag-formula-1","10":"tag-formula1","11":"tag-formule-1","12":"tag-formule1","13":"tag-fr","14":"tag-france","15":"tag-losc","16":"tag-paris-saint-germain","17":"tag-sports"},"share_on_mastodon":{"url":"https:\/\/pubeurope.com\/@fr\/115006604767359856","error":""},"_links":{"self":[{"href":"https:\/\/www.europesays.com\/fr\/wp-json\/wp\/v2\/posts\/310224","targetHints":{"allow":["GET"]}}],"collection":[{"href":"https:\/\/www.europesays.com\/fr\/wp-json\/wp\/v2\/posts"}],"about":[{"href":"https:\/\/www.europesays.com\/fr\/wp-json\/wp\/v2\/types\/post"}],"author":[{"embeddable":true,"href":"https:\/\/www.europesays.com\/fr\/wp-json\/wp\/v2\/users\/2"}],"replies":[{"embeddable":true,"href":"https:\/\/www.europesays.com\/fr\/wp-json\/wp\/v2\/comments?post=310224"}],"version-history":[{"count":0,"href":"https:\/\/www.europesays.com\/fr\/wp-json\/wp\/v2\/posts\/310224\/revisions"}],"wp:featuredmedia":[{"embeddable":true,"href":"https:\/\/www.europesays.com\/fr\/wp-json\/wp\/v2\/media\/310225"}],"wp:attachment":[{"href":"https:\/\/www.europesays.com\/fr\/wp-json\/wp\/v2\/media?parent=310224"}],"wp:term":[{"taxonomy":"category","embeddable":true,"href":"https:\/\/www.europesays.com\/fr\/wp-json\/wp\/v2\/categories?post=310224"},{"taxonomy":"post_tag","embeddable":true,"href":"https:\/\/www.europesays.com\/fr\/wp-json\/wp\/v2\/tags?post=310224"}],"curies":[{"name":"wp","href":"https:\/\/api.w.org\/{rel}","templated":true}]}}