{"id":310228,"date":"2025-08-10T21:32:11","date_gmt":"2025-08-10T21:32:11","guid":{"rendered":"https:\/\/www.europesays.com\/fr\/310228\/"},"modified":"2025-08-10T21:32:11","modified_gmt":"2025-08-10T21:32:11","slug":"psg-lenorme-coup-de-theatre-pour-joao-neves-actualite","status":"publish","type":"post","link":"https:\/\/www.europesays.com\/fr\/310228\/","title":{"rendered":"PSG : l&rsquo;\u00e9norme coup de th\u00e9\u00e2tre pour Joao Neves ! &#8211; Actualite"},"content":{"rendered":"<p>Tr\u00e8s discret lors des derniers entra\u00eenements du PSG, Jo\u00e3o Neves fait parler de lui pour une raison inattendue. Selon RMC Sport, le jeune milieu portugais suit actuellement un programme am\u00e9nag\u00e9 en raison d\u2019une suspension de deux matchs. Cette sanction fait suite \u00e0 son carton rouge re\u00e7u en finale de la Coupe du Monde des Clubs face \u00e0 Chelsea, o\u00f9 il avait \u00e9t\u00e9 expuls\u00e9 pour un geste de frustration sur Marc Cucurella \u2014 un tirage de cheveux qui lui avait valu le rouge dans une fin de match tendue.<\/p>\n<p>\u00c0 la surprise g\u00e9n\u00e9rale, cette suspension s\u2019\u00e9tend \u00e0 la Supercoupe d\u2019Europe contre Tottenham mercredi et au match de Ligue 1 face \u00e0 Nantes dimanche. C\u2019est une v\u00e9ritable aberration ! Comment peut-on suspendre un joueur \u00e0 la fois en comp\u00e9titions UEFA et en championnat, \u00e0 cause d\u2019un carton re\u00e7u lors d\u2019un tournoi organis\u00e9 par la FIFA ? Quand tu es suspendu en Ligue des Champions, cette sanction ne s\u2019applique pas en championnat\u2026 Alors pourquoi ici ? La coh\u00e9rence semble avoir disparu. Un coup dur pour le PSG, qui devra faire sans l\u2019un de ses jeunes talents cl\u00e9s \u00e0 des moments cruciaux de la saison.<\/p>\n","protected":false},"excerpt":{"rendered":"Tr\u00e8s discret lors des derniers entra\u00eenements du PSG, Jo\u00e3o Neves fait parler de lui pour une raison inattendue.&hellip;\n","protected":false},"author":2,"featured_media":310229,"comment_status":"","ping_status":"","sticky":false,"template":"","format":"standard","meta":{"footnotes":""},"categories":[1410],"tags":[3952,25370,674,63,1011,27,14293,44993,16044,471,60,44994,10540,20719,1347],"class_list":{"0":"post-310228","1":"post","2":"type-post","3":"status-publish","4":"format-standard","5":"has-post-thumbnail","7":"category-football","8":"tag-coup","9":"tag-enorme","10":"tag-europe","11":"tag-football","12":"tag-fr","13":"tag-france","14":"tag-generale","15":"tag-joao","16":"tag-neves","17":"tag-pour","18":"tag-sports","19":"tag-supercoupe","20":"tag-surprise","21":"tag-suspendu","22":"tag-theatre"},"share_on_mastodon":{"url":"https:\/\/pubeurope.com\/@fr\/115006612654561934","error":""},"_links":{"self":[{"href":"https:\/\/www.europesays.com\/fr\/wp-json\/wp\/v2\/posts\/310228","targetHints":{"allow":["GET"]}}],"collection":[{"href":"https:\/\/www.europesays.com\/fr\/wp-json\/wp\/v2\/posts"}],"about":[{"href":"https:\/\/www.europesays.com\/fr\/wp-json\/wp\/v2\/types\/post"}],"author":[{"embeddable":true,"href":"https:\/\/www.europesays.com\/fr\/wp-json\/wp\/v2\/users\/2"}],"replies":[{"embeddable":true,"href":"https:\/\/www.europesays.com\/fr\/wp-json\/wp\/v2\/comments?post=310228"}],"version-history":[{"count":0,"href":"https:\/\/www.europesays.com\/fr\/wp-json\/wp\/v2\/posts\/310228\/revisions"}],"wp:featuredmedia":[{"embeddable":true,"href":"https:\/\/www.europesays.com\/fr\/wp-json\/wp\/v2\/media\/310229"}],"wp:attachment":[{"href":"https:\/\/www.europesays.com\/fr\/wp-json\/wp\/v2\/media?parent=310228"}],"wp:term":[{"taxonomy":"category","embeddable":true,"href":"https:\/\/www.europesays.com\/fr\/wp-json\/wp\/v2\/categories?post=310228"},{"taxonomy":"post_tag","embeddable":true,"href":"https:\/\/www.europesays.com\/fr\/wp-json\/wp\/v2\/tags?post=310228"}],"curies":[{"name":"wp","href":"https:\/\/api.w.org\/{rel}","templated":true}]}}