{"id":310234,"date":"2025-08-10T21:35:36","date_gmt":"2025-08-10T21:35:36","guid":{"rendered":"https:\/\/www.europesays.com\/fr\/310234\/"},"modified":"2025-08-10T21:35:36","modified_gmt":"2025-08-10T21:35:36","slug":"voici-5-romans-a-lire-absolument-dont-une-dystopie-etonnante-de-jacqueline-harpman","status":"publish","type":"post","link":"https:\/\/www.europesays.com\/fr\/310234\/","title":{"rendered":"Voici 5 romans \u00e0 lire absolument, dont une dystopie \u00e9tonnante de Jacqueline Harpman"},"content":{"rendered":"<p><strong>Datant des ann\u00e9es 1990, une dystopie \u00e9tonnamment moderne presque impossible \u00e0 l\u00e2cher.<\/strong><\/p>\n<p class=\"toreadalso-fromEMP\"><strong>\u2022 \u00c0 lire aussi: <\/strong><a href=\"https:\/\/www.journaldemontreal.com\/2025\/08\/03\/voici-10-romans-qui-font-voyager\" target=\"25413efb-9b74-4edb-a114-27cb4659efb7\" rel=\"nofollow noopener\"><strong>Voici 10 romans qui font voyager<\/strong><\/a><\/p>\n<p>Trente ans apr\u00e8s sa premi\u00e8re publication, ce tr\u00e8s \u00e9trange roman dystopique revient hanter les tablettes des librairies. Tant mieux, car une fois referm\u00e9, on ne peut qu\u2019appr\u00e9cier davantage la normalit\u00e9 de notre tranquille quotidien. Alors place \u00e0 \u00abla petite\u00bb, une jeune fille qui a \u00e9t\u00e9 enferm\u00e9e avec 39 autres femmes plus \u00e2g\u00e9es dans une grande salle souterraine constamment surveill\u00e9e par des gardiens silencieux arm\u00e9s de fouets. Arriv\u00e9e l\u00e0 tr\u00e8s jeune, la petite ne se rappelle absolument rien du monde d\u2019avant. Pour elle, les notions de famille, d\u2019argent, de travail, de beaut\u00e9 ou m\u00eame d\u2019amour sont compl\u00e8tement abstraites. Et \u00e0 l\u2019instar de ses compagnes d\u2019infortune, elle ne sait pas du tout pourquoi on la garde emprisonn\u00e9e sous terre ni pourquoi on se donne la peine de la maintenir en vie&#8230;<\/p>\n<p>  <strong>Une libert\u00e9 sans rep\u00e8res<\/strong><\/p>\n<p>Mais un beau jour, tout \u00e7a va changer. Juste au moment o\u00f9 la porte de leur cage s\u2019ouvrira pour livrer la nourriture, le bruit strident d\u2019une sir\u00e8ne d\u2019alarme surprendra tout le monde. Pris de panique, les gardiens s\u2019enfuiront, abandonnant les femmes \u00e0 leur sort. Bien s\u00fbr, ces derni\u00e8res en profiteront pour quitter aussi les lieux. Seulement voil\u00e0. Dehors, rien ne ressemble \u00e0 ce que certaines ont autrefois connu. Tout est d\u00e9sert, fig\u00e9. O\u00f9 qu\u2019elles posent les yeux, il n\u2019y a plus \u00e2me qui vive.<\/p>\n<p>On s\u2019arr\u00eatera l\u00e0 afin de ne surtout pas trop en dire: ce texte, v\u00e9ritable petit bijou du genre, m\u00e9rite d\u2019\u00eatre red\u00e9couvert.<\/p>\n<p><strong>Moi qui n\u2019ai pas connu les hommes<\/strong><br \/><strong>Jacqueline Harpman<\/strong><br \/><strong>\u00c9ditions Stock<\/strong><br \/><strong>272 pages<\/strong><\/p>\n<p>  <strong>Mona et son manoir<\/strong><\/p>\n<p>                <a class=\"fancybox\" rel=\"group nofollow noopener\" href=\"https:\/\/m1.quebecormedia.com\/emp\/emp\/40760_181769b9148d1f-c09b-46ab-881e-06c1712d733e_ORIGINAL.jpg?impolicy=crop-resize&amp;x=0&amp;y=0&amp;w=874&amp;h=1280&amp;width=1400\" target=\"_blank\"><\/p>\n<p>                  <img decoding=\"async\"  src=\"https:\/\/www.europesays.com\/fr\/wp-content\/uploads\/2025\/08\/40760_181769b9148d1f-c09b-46ab-881e-06c1712d733e_ORIGINAL.jpg\" class=\"story-img\" alt=\"\"\/><br \/>\n                <\/a><\/p>\n<p>                    Photo fournie par les \u00c9ditions de l\u2019Olivier<\/p>\n<p><strong>Armistead Maupin<\/strong><br \/><strong>\u00c9ditions de l\u2019Olivier<\/strong><br \/><strong>288 pages<\/strong><\/p>\n<p>On est tr\u00e8s nombreux \u00e0 avoir d\u00e9vor\u00e9 avec un plaisir immense les neuf pr\u00e9c\u00e9dents tomes des c\u00e9l\u00e8bres Chroniques de San Francisco. Avec ce dixi\u00e8me opus de la saga, on retrouve les ann\u00e9es 1990 et le personnage de Mona (la fille d\u2019Anna Madrigal), d\u00e9sormais propri\u00e9taire d\u2019un manoir dans les Cotswolds transform\u00e9 en maison d\u2019h\u00f4tes. Parmi les clients, un affreux bonhomme qui bat sa femme, et dont la pr\u00e9sence va d\u00e9clencher une s\u00e9rie de bouleversements inattendus. Tendre et sympathique.<\/p>\n<p>  <strong>La rivale<\/strong><\/p>\n<p>                <a class=\"fancybox\" rel=\"group nofollow noopener\" href=\"https:\/\/m1.quebecormedia.com\/emp\/emp\/40761_18177016f608c0-cb2b-4cdc-8e1d-492f92529993_ORIGINAL.jpg?impolicy=crop-resize&amp;x=0&amp;y=0&amp;w=791&amp;h=1280&amp;width=1400\" target=\"_blank\"><\/p>\n<p>                  <img decoding=\"async\"  src=\"https:\/\/www.europesays.com\/fr\/wp-content\/uploads\/2025\/08\/40761_18177016f608c0-cb2b-4cdc-8e1d-492f92529993_ORIGINAL.jpg\" class=\"story-img\" alt=\"\"\/><br \/>\n                <\/a><\/p>\n<p>                    Photo fournie par les \u00c9ditions Le livre de poche<\/p>\n<p><strong>\u00c9ric-Emmanuel Schmitt<\/strong><br \/><strong>\u00c9ditions Le livre de poche<\/strong><br \/><strong>128 pages<\/strong><\/p>\n<p>Carlotta Berlumi, \u00e7a vous dit quelque chose? Pourtant, en son temps, elle faisait partie des cantatrices qui comptaient. \u00c0 l\u2019en croire, elle aurait m\u00eame \u00e9t\u00e9 la principale rivale de la grande Maria Callas. Aujourd\u2019hui tr\u00e8s \u00e2g\u00e9e, elle va accepter de d\u00e9voiler des pans de sa carri\u00e8re franchement d\u00e9sopilante. Bref, d\u2019amusants pseudo-m\u00e9moires au rythme enlev\u00e9!<\/p>\n<p>  <strong>Tenebr\u00e6<\/strong><\/p>\n<p>                <a class=\"fancybox\" rel=\"group nofollow noopener\" href=\"https:\/\/m1.quebecormedia.com\/emp\/emp\/40762_181771d0c3e0f0-6d35-41bc-b656-b02fd42fe7cb_ORIGINAL.jpg?impolicy=crop-resize&amp;x=0&amp;y=0&amp;w=874&amp;h=1280&amp;width=1400\" target=\"_blank\"><\/p>\n<p>                  <img decoding=\"async\"  src=\"https:\/\/www.europesays.com\/fr\/wp-content\/uploads\/2025\/08\/40762_181771d0c3e0f0-6d35-41bc-b656-b02fd42fe7cb_ORIGINAL.jpg\" class=\"story-img\" alt=\"\"\/><br \/>\n                <\/a><\/p>\n<p>                    Photo fournie par les \u00c9ditions Harper Collins<\/p>\n<p><strong>David Lagercrantz<\/strong><br \/><strong>\u00c9ditions Harper Collins<\/strong><br \/><strong>384 pages<\/strong><\/p>\n<p>Ma\u00eetre dans l\u2019art d\u2019interpr\u00e9ter les pistes anciennes, le professeur Hans Rekke va accepter de donner un coup de main aux policiers de Pampelune, en Espagne. L\u2019un d\u2019eux souhaite en effet enfin pouvoir r\u00e9soudre le meurtre d\u2019une jeune femme survenu 20 ans plus t\u00f4t sur la c\u00f4te basque. Et en commen\u00e7ant \u00e0 enqu\u00eater, Rekke comprendra que l\u2019assassin de cette femme a bien d\u2019autres morts sur la conscience. Le meilleur opus de la s\u00e9rie Rekke &amp; Vargas.<\/p>\n<p>  <strong>Au nord de la fronti\u00e8re<\/strong><\/p>\n<p>                <a class=\"fancybox\" rel=\"group nofollow noopener\" href=\"https:\/\/m1.quebecormedia.com\/emp\/emp\/40763_181772689192b7-3f5b-4e54-b358-f7048793c697_ORIGINAL.jpg?impolicy=crop-resize&amp;x=0&amp;y=0&amp;w=791&amp;h=1280&amp;width=1400\" target=\"_blank\"><\/p>\n<p>                  <img decoding=\"async\"  src=\"https:\/\/www.europesays.com\/fr\/wp-content\/uploads\/2025\/08\/40763_181772689192b7-3f5b-4e54-b358-f7048793c697_ORIGINAL.jpg\" class=\"story-img\" alt=\"\"\/><br \/>\n                <\/a><\/p>\n<p>                    Photo fournie par les \u00c9ditions Le livre de poche<\/p>\n<p><strong>R. J. Ellory<\/strong><br \/><strong>\u00c9ditions Le livre de poche<\/strong><br \/><strong>576 pages<\/strong><\/p>\n<p>Victor Landis, qui est sh\u00e9rif \u00e0 Blairsville, une petite ville de l\u2019\u00c9tat de G\u00e9orgie, vient d\u2019apprendre que son fr\u00e8re Frank a \u00e9t\u00e9 tu\u00e9 durant la nuit de fa\u00e7on assez atroce. Ils ne se parlaient plus depuis des lustres, alors s&rsquo;il n&rsquo;en avait tenu qu&rsquo;\u00e0 lui, il n\u2019aurait sans doute pas cherch\u00e9 \u00e0 en savoir davantage. Mais pour sa ni\u00e8ce, Landis acceptera d\u2019enqu\u00eater. Une histoire aussi sombre qu\u2019excellente.<\/p>\n","protected":false},"excerpt":{"rendered":"Datant des ann\u00e9es 1990, une dystopie \u00e9tonnamment moderne presque impossible \u00e0 l\u00e2cher. \u2022 \u00c0 lire aussi: Voici 10&hellip;\n","protected":false},"author":2,"featured_media":310235,"comment_status":"","ping_status":"","sticky":false,"template":"","format":"standard","meta":{"footnotes":""},"categories":[1357],"tags":[1379,58,59,1011,27,1380],"class_list":{"0":"post-310234","1":"post","2":"type-post","3":"status-publish","4":"format-standard","5":"has-post-thumbnail","7":"category-livres","8":"tag-books","9":"tag-divertissement","10":"tag-entertainment","11":"tag-fr","12":"tag-france","13":"tag-livres"},"share_on_mastodon":{"url":"https:\/\/pubeurope.com\/@fr\/115006624551516509","error":""},"_links":{"self":[{"href":"https:\/\/www.europesays.com\/fr\/wp-json\/wp\/v2\/posts\/310234","targetHints":{"allow":["GET"]}}],"collection":[{"href":"https:\/\/www.europesays.com\/fr\/wp-json\/wp\/v2\/posts"}],"about":[{"href":"https:\/\/www.europesays.com\/fr\/wp-json\/wp\/v2\/types\/post"}],"author":[{"embeddable":true,"href":"https:\/\/www.europesays.com\/fr\/wp-json\/wp\/v2\/users\/2"}],"replies":[{"embeddable":true,"href":"https:\/\/www.europesays.com\/fr\/wp-json\/wp\/v2\/comments?post=310234"}],"version-history":[{"count":0,"href":"https:\/\/www.europesays.com\/fr\/wp-json\/wp\/v2\/posts\/310234\/revisions"}],"wp:featuredmedia":[{"embeddable":true,"href":"https:\/\/www.europesays.com\/fr\/wp-json\/wp\/v2\/media\/310235"}],"wp:attachment":[{"href":"https:\/\/www.europesays.com\/fr\/wp-json\/wp\/v2\/media?parent=310234"}],"wp:term":[{"taxonomy":"category","embeddable":true,"href":"https:\/\/www.europesays.com\/fr\/wp-json\/wp\/v2\/categories?post=310234"},{"taxonomy":"post_tag","embeddable":true,"href":"https:\/\/www.europesays.com\/fr\/wp-json\/wp\/v2\/tags?post=310234"}],"curies":[{"name":"wp","href":"https:\/\/api.w.org\/{rel}","templated":true}]}}