{"id":310238,"date":"2025-08-10T21:37:11","date_gmt":"2025-08-10T21:37:11","guid":{"rendered":"https:\/\/www.europesays.com\/fr\/310238\/"},"modified":"2025-08-10T21:37:11","modified_gmt":"2025-08-10T21:37:11","slug":"alizee-intrepide-sa-fille-maggy-5-ans-et-demi-sadonne-a-une-activite-a-sensation-forte","status":"publish","type":"post","link":"https:\/\/www.europesays.com\/fr\/310238\/","title":{"rendered":"Aliz\u00e9e : intr\u00e9pide, sa fille Maggy (5 ans et demi) s\u2019adonne \u00e0 une activit\u00e9 \u00e0 sensation forte !"},"content":{"rendered":"<p>            <img loading=\"lazy\" decoding=\"async\" src=\"https:\/\/www.europesays.com\/fr\/wp-content\/uploads\/2025\/04\/145-6602e1ce8ddc4-35x35-1.jpg\" class=\"author-article-picture\" width=\"35\" height=\"35\"\/><\/p>\n<p>                Par<br \/>\n                                    <a class=\"author-article-bio-link\" href=\"https:\/\/www.purepeople.com\/auteur\/lucie-gosselin_a145\" rel=\"nofollow noopener\" target=\"_blank\">Lucie Gosselin<\/a><br \/>\n                                                    | R\u00e9dactrice<\/p>\n<p>\n                Journaliste passionn\u00e9e, depuis plus de 10 ans, je r\u00e9alise des enqu\u00eates, des portraits, des reportages ou des interviews.\n            <\/p>\n<p>\n    \u00c0 seulement 5 ans et demi, Maggy, la fille d\u2019Aliz\u00e9e et de Gr\u00e9goire Lyonnet, semble \u00eatre assez courageuse. C\u2019est souriante et visiblement tr\u00e8s heureuse que la petite fille s\u2019est lanc\u00e9e dans une activit\u00e9 \u00e0 sensation forte, accompagn\u00e9e de son oncle Johann Jacotey, le fr\u00e8re de la c\u00e9l\u00e8bre interpr\u00e8te de \u00ab\u00a0Moi&#8230; Lolita\u00a0\u00bb.\n<\/p>\n<p>                            <img loading=\"lazy\" decoding=\"async\" class=\"player-thumbnail\" src=\"https:\/\/www.europesays.com\/fr\/wp-content\/uploads\/2025\/08\/eb2398d3c0fd3760-580x326-2.jpg\" width=\"580\" height=\"326\"\/><\/p>\n<p>                    Aliz\u00e9e : intr\u00e9pide, sa fille Maggy (5 ans et demi) s\u2019adonne \u00e0 une activit\u00e9 \u00e0 sensation forte !<\/p>\n<p>La suite apr\u00e8s la publicit\u00e9<\/p>\n<p>La petite Maggy <strong>ne semble pas avoir froid aux yeux !<\/strong> La fille d\u2019<a href=\"https:\/\/www.purepeople.com\/people\/alizee_p476\" rel=\"nofollow noopener\" target=\"_blank\">Aliz\u00e9e<\/a> et de <a href=\"https:\/\/www.purepeople.com\/people\/gregoire-lyonnet_p542385\" rel=\"nofollow noopener\" target=\"_blank\">Gr\u00e9goire Lyonnet<\/a> vient de le prouver.<\/p>\n<p>\u00c0 40 ans, Aliz\u00e9e est une femme et une maman combl\u00e9e. C\u2019est en juin 2016 qu\u2019elle \u00e9pouse le danseur Gr\u00e9goire Lyonnet avant de donner naissance \u00e0 Maggy le 24 novembre 2019. Il s\u2019agit de la deuxi\u00e8me fille de la chanteuse, d\u00e9j\u00e0 maman d\u2019Annily, 20 ans, <a href=\"https:\/\/www.purepeople.com\/article\/jeremy-chatelain-divorce-d-alizee-les-raisons-de-l-echec-de-leur-mariage_a459283\/1\" rel=\"nofollow noopener\" target=\"_blank\">fruit de ses amours pass\u00e9s avec J\u00e9r\u00e9my Chatelain.<\/a><\/p>\n<p><a href=\"https:\/\/www.purepeople.com\/article\/intense-en-emotions-en-corse-alizee-a-craque-en-pleine-chanson-face-au-pape-francois_a532227\/1\" rel=\"nofollow noopener\" target=\"_blank\">C\u2019est en Corse qu\u2019Aliz\u00e9e a trouv\u00e9 son havre de paix<\/a> avec les siens. Celle qui a rencontr\u00e9 son \u00e9poux lors de la saison 4 de Danse avec les Stars sur TF1 en 2013 est <strong>passionn\u00e9e de danse comme son ch\u00e9ri,<\/strong> et ils ont tous deux ouvert leur propre studio. Leur petite Maggy, de son c\u00f4t\u00e9,<a href=\"https:\/\/www.purepeople.com\/article\/alizee-maggy-la-fille-qu-elle-a-eue-avec-gregoire-lyonnet-s-affirme-dans-une-voie-particuliere-et-ce-n-est-pas-la-danse_a533311\/1\" rel=\"nofollow noopener\" target=\"_blank\"> s\u2019affirme dans une voie diff\u00e9rente.<\/a><\/p>\n<p>Du haut de ses 5 ans et demi, la petite fille, <a href=\"https:\/\/www.purepeople.com\/article\/alizee-sa-fille-maggy-5-ans-et-demi-chute-dans-un-parc-du-sud-de-la-france-et-recolte-11-points-dont-4-sous-cutanes_a540467\/1\" rel=\"nofollow noopener\" target=\"_blank\">qui a chut\u00e9 dans un parc de jeux \u00e0 Avignon au mois de juillet dernier<\/a>, s\u2019est d\u00e9j\u00e0 remise de ses blessures et <strong>s\u2019est lanc\u00e9e dans de nouvelles aventures.<\/strong><\/p>\n<p>Maggy, la fille d\u2019Aliz\u00e9e, heureuse de faire du parachute ascensionnel<\/p>\n<p>Ce <strong>dimanche 10 ao\u00fbt 2025<\/strong>, Aliz\u00e9e a pris en main son compte <strong>Instagram<\/strong>. Elle a alors partag\u00e9 une s\u00e9rie de stories \u00e0 ses abonn\u00e9s. La premi\u00e8re photo partag\u00e9e montre<strong> la petite Maggy aupr\u00e8s de son oncle Johann Jacotey,<\/strong> le fr\u00e8re de sa c\u00e9l\u00e8bre maman. Tous deux \u00e9taient souriants, \u00e9quip\u00e9s de gilets de sauvetage sur un bateau au beau milieu d\u2019une plage corse ensoleill\u00e9e.<\/p>\n<p>Maggy et son oncle <strong>ont fait un tour de parachute ascensionnel.<\/strong> \u00c0 en croire la derni\u00e8re photo partag\u00e9e sur le compte d\u2019Aliz\u00e9e, Maggy \u00e9tait aux anges. En l\u00e9gende d\u2019un clich\u00e9 montrant la petite dans les airs avec<strong> un sourire radieux<\/strong>, faisant signe de la main que tout \u00e9tait ok, Aliz\u00e9e a \u00e9crit en anglais : \u00ab\u00a0Fille heureuse\u00a0\u00bb.<\/p>\n<p><strong>Visiblement, Maggy appr\u00e9cie les activit\u00e9s sensationnelles<\/strong>. De son c\u00f4t\u00e9, sa m\u00e8re s\u2019appr\u00eate \u00e0 retrouver son public les 7 et 8 septembre prochains \u00e0 L\u2019Olympia pour deux repr\u00e9sentations uniques intitul\u00e9es 25 ans d\u00e9j\u00e0. Elle y reprendra les plus gros succ\u00e8s de ses six albums parus entre 2000 et 2014.<\/p>\n","protected":false},"excerpt":{"rendered":"Par Lucie Gosselin | R\u00e9dactrice Journaliste passionn\u00e9e, depuis plus de 10 ans, je r\u00e9alise des enqu\u00eates, des portraits,&hellip;\n","protected":false},"author":2,"featured_media":310239,"comment_status":"","ping_status":"","sticky":false,"template":"","format":"standard","meta":{"footnotes":""},"categories":[1355],"tags":[58,59,1011,27,1361,873],"class_list":{"0":"post-310238","1":"post","2":"type-post","3":"status-publish","4":"format-standard","5":"has-post-thumbnail","7":"category-musique","8":"tag-divertissement","9":"tag-entertainment","10":"tag-fr","11":"tag-france","12":"tag-music","13":"tag-musique"},"share_on_mastodon":{"url":"https:\/\/pubeurope.com\/@fr\/115006632604438748","error":""},"_links":{"self":[{"href":"https:\/\/www.europesays.com\/fr\/wp-json\/wp\/v2\/posts\/310238","targetHints":{"allow":["GET"]}}],"collection":[{"href":"https:\/\/www.europesays.com\/fr\/wp-json\/wp\/v2\/posts"}],"about":[{"href":"https:\/\/www.europesays.com\/fr\/wp-json\/wp\/v2\/types\/post"}],"author":[{"embeddable":true,"href":"https:\/\/www.europesays.com\/fr\/wp-json\/wp\/v2\/users\/2"}],"replies":[{"embeddable":true,"href":"https:\/\/www.europesays.com\/fr\/wp-json\/wp\/v2\/comments?post=310238"}],"version-history":[{"count":0,"href":"https:\/\/www.europesays.com\/fr\/wp-json\/wp\/v2\/posts\/310238\/revisions"}],"wp:featuredmedia":[{"embeddable":true,"href":"https:\/\/www.europesays.com\/fr\/wp-json\/wp\/v2\/media\/310239"}],"wp:attachment":[{"href":"https:\/\/www.europesays.com\/fr\/wp-json\/wp\/v2\/media?parent=310238"}],"wp:term":[{"taxonomy":"category","embeddable":true,"href":"https:\/\/www.europesays.com\/fr\/wp-json\/wp\/v2\/categories?post=310238"},{"taxonomy":"post_tag","embeddable":true,"href":"https:\/\/www.europesays.com\/fr\/wp-json\/wp\/v2\/tags?post=310238"}],"curies":[{"name":"wp","href":"https:\/\/api.w.org\/{rel}","templated":true}]}}