{"id":310240,"date":"2025-08-10T21:38:34","date_gmt":"2025-08-10T21:38:34","guid":{"rendered":"https:\/\/www.europesays.com\/fr\/310240\/"},"modified":"2025-08-10T21:38:34","modified_gmt":"2025-08-10T21:38:34","slug":"personne-na-jamais-reussi-a-reconnaitre-ces-15-films-francais-des-annees-90-grace-a-3-mots-cles","status":"publish","type":"post","link":"https:\/\/www.europesays.com\/fr\/310240\/","title":{"rendered":"personne n&rsquo;a jamais r\u00e9ussi \u00e0 reconna\u00eetre ces 15 films fran\u00e7ais des ann\u00e9es 90 gr\u00e2ce \u00e0 3 mots-cl\u00e9s"},"content":{"rendered":"<p><p><a href=\"https:\/\/www.serieously.com\" rel=\"nofollow noopener\" target=\"_blank\">Accueil<\/a> &gt; <a href=\"https:\/\/www.serieously.com\/quiz\/\" rel=\"nofollow noopener\" target=\"_blank\">Quiz<\/a> &gt; Quiz : personne n\u2019a jamais r\u00e9ussi \u00e0 reconna\u00eetre ces 15 films fran\u00e7ais des ann\u00e9es 90 gr\u00e2ce \u00e0 3 mots-cl\u00e9s<\/p>\n<\/p>\n<p class=\"o-article__published-by o-article__bullets\">\n            Publi\u00e9 le<br \/>\n                        10 ao\u00fbt 2025 \u00e0 18 h 00<\/p>\n<p>             Par<br \/>\n                <a href=\"https:\/\/www.serieously.com\/author\/eloise\/\" rel=\"nofollow noopener\" target=\"_blank\">Elo\u00efse<br \/>\n                    Jud\u00e9aux Legendre<\/a><\/p>\n<p><strong>Tu es un vrai fan de films fran\u00e7ais ? Prouve que tu adores les longs-m\u00e9trages venus de l\u2019Hexagone sortis dans les ann\u00e9es 90 en retrouvant quels films se cachent derri\u00e8re ces mots-cl\u00e9s. R\u00e9ussiras-tu \u00e0 r\u00e9aliser un sans-faute ? Bonne chance !<\/strong><\/p>\n<p>Quel film fran\u00e7ais des ann\u00e9es 90 se cache derri\u00e8re ces 3 mots-cl\u00e9s ?<\/p>\n<p>\t\t\t\t\t<img decoding=\"async\" src=\"https:\/\/www.europesays.com\/fr\/wp-content\/uploads\/2025\/08\/la-cite-de-la-peur-film-francais-en-3-mots-cles.jpg\" alt=\"\u00a9 Canva\" width=\"400\" height=\"225\" loading=\"lazy\" style=\"aspect-ratio: 16\/9; object-fit: cover;\"\/><\/p>\n<p>\u00a9 Canva<\/p>\n<p>Qui dit Festival de Cannes et assassinats, dit La Cit\u00e9 de la peur bien s\u00fbr !<\/p>\n<p>Quel film fran\u00e7ais des ann\u00e9es 90 se cache derri\u00e8re ces 3 mots-cl\u00e9s ?<\/p>\n<p>\t\t\t\t\t<img decoding=\"async\" src=\"https:\/\/www.europesays.com\/fr\/wp-content\/uploads\/2025\/08\/conte-dete-film-francais-en-3-mots-cles.jpg\" alt=\"\u00a9 Canva\" width=\"400\" height=\"225\" loading=\"lazy\" style=\"aspect-ratio: 16\/9; object-fit: cover;\"\/><\/p>\n<p>\u00a9 Canva<\/p>\n<p>Le film romantique qui se cache derri\u00e8re ces 3 mots-cl\u00e9s est Conte d\u2019\u00e9t\u00e9.<\/p>\n<p>Quel film fran\u00e7ais des ann\u00e9es 90 se cache derri\u00e8re ces 3 mots-cl\u00e9s ?<\/p>\n<p>\t\t\t\t\t<img decoding=\"async\" src=\"https:\/\/www.europesays.com\/fr\/wp-content\/uploads\/2025\/08\/cyrano-de-bergerac-film-francais-en-3-mots-cles.jpg\" alt=\"\u00a9 Canva\" width=\"400\" height=\"225\" loading=\"lazy\" style=\"aspect-ratio: 16\/9; object-fit: cover;\"\/><\/p>\n<p>\u00a9 Canva<\/p>\n<p>Ce film classique n\u2019est autre que Cyrano de Bergerac.<\/p>\n<p>Quel film fran\u00e7ais des ann\u00e9es 90 se cache derri\u00e8re ces 3 mots-cl\u00e9s ?<\/p>\n<p>\t\t\t\t\t<img decoding=\"async\" src=\"https:\/\/www.europesays.com\/fr\/wp-content\/uploads\/2025\/08\/germinal-film-francais-en-3-mots-cles.jpg\" alt=\"\u00a9 Canva\" width=\"400\" height=\"225\" loading=\"lazy\" style=\"aspect-ratio: 16\/9; object-fit: cover;\"\/><\/p>\n<p>\u00a9 Canva<\/p>\n<p>Il s\u2019agit de Germinal, l\u2019adaptation film\u00e9e du roman d\u2019Emile Zola.<\/p>\n<p>Le film fran\u00e7ais des ann\u00e9es 90 qui se cache derri\u00e8re ces 3 mots-cl\u00e9s est La Fille de d\u2019Artagnan.<\/p>\n<p>\t\t\t\t\t<img decoding=\"async\" src=\"https:\/\/www.europesays.com\/fr\/wp-content\/uploads\/2025\/08\/la-fille-de-dartagnan-film-francais-en-3-mots-cles.jpg\" alt=\"\u00a9 Canva\" width=\"400\" height=\"225\" loading=\"lazy\" style=\"aspect-ratio: 16\/9; object-fit: cover;\"\/><\/p>\n<p>\u00a9 Canva<\/p>\n<p>Il fallait bien reconna\u00eetre La Fille de d\u2019Artagnan.<\/p>\n<p>Quel film fran\u00e7ais des ann\u00e9es 90 se cache derri\u00e8re ces 3 mots-cl\u00e9s ?<\/p>\n<p>\t\t\t\t\t<img decoding=\"async\" src=\"https:\/\/www.europesays.com\/fr\/wp-content\/uploads\/2025\/08\/la-reine-margot-film-francais-en-3-mots-cles.jpg\" alt=\"\u00a9 Canva\" width=\"400\" height=\"225\" loading=\"lazy\" style=\"aspect-ratio: 16\/9; object-fit: cover;\"\/><\/p>\n<p>\u00a9 Canva<\/p>\n<p>Au temps des guerres de religion, l\u2019amour fait face aux jeux de pouvoir dans La Reine Margot.<\/p>\n<p>Quel film fran\u00e7ais des ann\u00e9es 90 se cache derri\u00e8re ces 3 mots-cl\u00e9s ?<\/p>\n<p>\t\t\t\t\t<img decoding=\"async\" src=\"https:\/\/www.europesays.com\/fr\/wp-content\/uploads\/2025\/08\/le-diner-de-cons-film-francais-en-3-mots-cles.jpg\" alt=\"\u00a9 Canva\" width=\"400\" height=\"225\" loading=\"lazy\" style=\"aspect-ratio: 16\/9; object-fit: cover;\"\/><\/p>\n<p>\u00a9 Canva<\/p>\n<p>Qui dit maquettes en allumettes et malentendus t\u00e9l\u00e9phoniques, veut bien s\u00fbr dire Le D\u00eener de cons.<\/p>\n<p>Quel film fran\u00e7ais des ann\u00e9es 90 se cache derri\u00e8re ces 3 mots-cl\u00e9s ?<\/p>\n<p>\t\t\t\t\t<img decoding=\"async\" src=\"https:\/\/www.europesays.com\/fr\/wp-content\/uploads\/2025\/08\/le-jaguar-film-francais-en-3-mots-cles.jpg\" alt=\"\u00a9 Canva\" width=\"400\" height=\"225\" loading=\"lazy\" style=\"aspect-ratio: 16\/9; object-fit: cover;\"\/><\/p>\n<p>\u00a9 Canva<\/p>\n<p>Il fallait retrouver Le Jaguar.<\/p>\n<p>Quel film fran\u00e7ais des ann\u00e9es 90 se cache derri\u00e8re ces 3 mots-cl\u00e9s ?<\/p>\n<p>\t\t\t\t\t<img decoding=\"async\" src=\"https:\/\/www.europesays.com\/fr\/wp-content\/uploads\/2025\/08\/la-haine-film-francais-en-3-mots-cles.jpg\" alt=\"\u00a9 Canva\" width=\"400\" height=\"225\" loading=\"lazy\" style=\"aspect-ratio: 16\/9; object-fit: cover;\"\/><\/p>\n<p>\u00a9 Canva<\/p>\n<p>Il fallait reconna\u00eetre La Haine.<\/p>\n<p>Quel film fran\u00e7ais des ann\u00e9es 90 se cache derri\u00e8re ces 3 mots-cl\u00e9s ?<\/p>\n<p>\t\t\t\t\t<img decoding=\"async\" src=\"https:\/\/www.europesays.com\/fr\/wp-content\/uploads\/2025\/08\/le-peril-jeune-film-francais-en-3-mots-cles.jpg\" alt=\"\u00a9 Canva\" width=\"400\" height=\"225\" loading=\"lazy\" style=\"aspect-ratio: 16\/9; object-fit: cover;\"\/><\/p>\n<p>\u00a9 Canva<\/p>\n<p>Ce film culte des ann\u00e9es 90 n\u2019est autre que Le P\u00e9ril jeune.<\/p>\n<p>Quel film fran\u00e7ais des ann\u00e9es 90 se cache derri\u00e8re ces 3 mots-cl\u00e9s ?<\/p>\n<p>\t\t\t\t\t<img decoding=\"async\" src=\"https:\/\/www.europesays.com\/fr\/wp-content\/uploads\/2025\/08\/les-trois-freres-film-francais-en-3-mots-cles.jpg\" alt=\"\u00a9 Canva\" width=\"400\" height=\"225\" loading=\"lazy\" style=\"aspect-ratio: 16\/9; object-fit: cover;\"\/><\/p>\n<p>\u00a9 Canva<\/p>\n<p>La com\u00e9die fran\u00e7aise qui se cache derri\u00e8re ces 3 mots-cl\u00e9s est \u00e9videmment Les Trois Fr\u00e8res.<\/p>\n<p>Quel film fran\u00e7ais des ann\u00e9es 90 se cache derri\u00e8re ces 3 mots-cl\u00e9s ?<\/p>\n<p>\t\t\t\t\t<img decoding=\"async\" src=\"https:\/\/www.europesays.com\/fr\/wp-content\/uploads\/2025\/08\/les-visiteurs-film-francais-en-3-mots-cles.jpg\" alt=\"\u00a9 Canva\" width=\"400\" height=\"225\" loading=\"lazy\" style=\"aspect-ratio: 16\/9; object-fit: cover;\"\/><\/p>\n<p>\u00a9 Canva<\/p>\n<p>Le film fran\u00e7ais qui se cache derri\u00e8re ces 3 mots-cl\u00e9s est la com\u00e9die culte Les Visiteurs !<\/p>\n<p>Quel film fran\u00e7ais des ann\u00e9es 90 se cache derri\u00e8re ces 3 mots-cl\u00e9s ?<\/p>\n<p>\t\t\t\t\t<img decoding=\"async\" src=\"https:\/\/www.europesays.com\/fr\/wp-content\/uploads\/2025\/08\/taxi-film-francais-en-3-mots-cles.jpg\" alt=\"\u00a9 Canva\" width=\"400\" height=\"225\" loading=\"lazy\" style=\"aspect-ratio: 16\/9; object-fit: cover;\"\/><\/p>\n<p>\u00a9 Canva<\/p>\n<p>La bonne r\u00e9ponse est Taxi.<\/p>\n<p>Quel film fran\u00e7ais des ann\u00e9es 90 se cache derri\u00e8re ces 3 mots-cl\u00e9s ?<\/p>\n<p>\t\t\t\t\t<img decoding=\"async\" src=\"https:\/\/www.europesays.com\/fr\/wp-content\/uploads\/2025\/08\/une-chance-sur-deux-film-francais-en-3-mots-cles.jpg\" alt=\"\u00a9 Canva\" width=\"400\" height=\"225\" loading=\"lazy\" style=\"aspect-ratio: 16\/9; object-fit: cover;\"\/><\/p>\n<p>\u00a9 Canva<\/p>\n<p>Le film fran\u00e7ais des ann\u00e9es 90 repr\u00e9sent\u00e9 ici est Une chance sur deux.<\/p>\n<p>Le Ch\u00e2teau de ma m\u00e8re est le film fran\u00e7ais des ann\u00e9es 90 qui se cache derri\u00e8re ces 3 mots-cl\u00e9s.<\/p>\n<p>\t\t\t\t\t<img decoding=\"async\" src=\"https:\/\/www.europesays.com\/fr\/wp-content\/uploads\/2025\/08\/le-chateau-de-ma-mere-film-francais-en-3-mots-cles.jpg\" alt=\"\u00a9 Canva\" width=\"400\" height=\"225\" loading=\"lazy\" style=\"aspect-ratio: 16\/9; object-fit: cover;\"\/><\/p>\n<p>\u00a9 Canva<\/p>\n<p>Le Ch\u00e2teau de ma m\u00e8re est bien le film fran\u00e7ais des ann\u00e9es 90 qui se cache derri\u00e8re ces 3 mots-cl\u00e9s.<\/p>\n<p class=\"o-quiz__result-title\">F\u00e9licitations !<\/p>\n<p class=\"o-quiz__result-subtitle\">Tu as obtenu un score de [[ score ]]\/[[ questions ]]<\/p>\n<p>\t\t\t\t\t\t\t\t\t<img decoding=\"async\" src=\"https:\/\/www.europesays.com\/fr\/wp-content\/uploads\/2025\/08\/le-peril-jeune-1.jpg\" alt=\"F\u00e9licitations !\" width=\"768\" height=\"432\" loading=\"lazy\"\/><\/p>\n<p>Bravo pour ce sans-faute ! Avec ce 15\/15, tu prouves bien que tu es un fan absolu des films made in France sortis dans les ann\u00e9es 90. Des Visiteurs au D\u00eener de cons en passant par Le P\u00e9ril jeune, tu as r\u00e9ussi \u00e0 identifier quels films \u00e9taient cach\u00e9s derri\u00e8re ces mots-cl\u00e9s. Impressionnant !<\/p>\n<p>\u00a0<\/p>\n<p>Continue sur ta lanc\u00e9e avec ces <a href=\"https:\/\/www.serieously.com\/tag\/films-francais\/\" target=\"_blank\" rel=\"noopener nofollow\" aria-label=\"\">autres quiz sur des films fran\u00e7ais<\/a> !<\/p>\n<p class=\"o-quiz__result-title\">Bien jou\u00e9 !<\/p>\n<p class=\"o-quiz__result-subtitle\">Tu as obtenu un score de [[ score ]]\/[[ questions ]]<\/p>\n<p>\t\t\t\t\t\t\t\t\t<img decoding=\"async\" src=\"https:\/\/www.europesays.com\/fr\/wp-content\/uploads\/2025\/08\/taxi-daniele-morales.jpg\" alt=\"Bien jou\u00e9 !\" width=\"768\" height=\"432\" loading=\"lazy\"\/><\/p>\n<p>Pas mal du tout ! Avec un tel score, tu prouves bien que tu es un grand fan des films made in France qui ont marqu\u00e9 les ann\u00e9es 90. Encore un peu d\u2019entra\u00eenement et \u00e0 toi le sans-faute !<\/p>\n<p>\u00a0<\/p>\n<p>Continue sur ta lanc\u00e9e avec ces <a href=\"https:\/\/www.serieously.com\/tag\/films-francais\/\" target=\"_blank\" rel=\"noopener nofollow\" aria-label=\"\">autres quiz sur des films fran\u00e7ais<\/a> !<\/p>\n<p class=\"o-quiz__result-title\">Pas mal<\/p>\n<p class=\"o-quiz__result-subtitle\">Tu as obtenu un score de [[ score ]]\/[[ questions ]]<\/p>\n<p>\t\t\t\t\t\t\t\t\t<img decoding=\"async\" src=\"https:\/\/www.europesays.com\/fr\/wp-content\/uploads\/2025\/08\/le-diner-de-cons.jpg\" alt=\"Pas mal\" width=\"768\" height=\"432\" loading=\"lazy\"\/><\/p>\n<p>Tu as eu des bonnes r\u00e9ponses, mais aussi des mauvaises\u2026 Mais dans l\u2019ensemble, ton score est plus que correct et il nous indique clairement que tu as vu pas mal de ces films fran\u00e7ais sortis dans les ann\u00e9es 90 ! Continue de t\u2019entra\u00eener pour viser le sans-faute la prochaine fois.<\/p>\n<p>\u00a0<\/p>\n<p>Continue sur ta lanc\u00e9e avec ces <a href=\"https:\/\/www.serieously.com\/tag\/films-francais\/\" target=\"_blank\" rel=\"noopener nofollow\" aria-label=\"\">autres quiz sur des films fran\u00e7ais<\/a> !<\/p>\n<p class=\"o-quiz__result-title\">Ce n&rsquo;est pas encore \u00e7a&#8230;<\/p>\n<p class=\"o-quiz__result-subtitle\">Tu as obtenu un score de [[ score ]]\/[[ questions ]]<\/p>\n<p>\t\t\t\t\t\t\t\t\t<img decoding=\"async\" src=\"https:\/\/www.europesays.com\/fr\/wp-content\/uploads\/2025\/08\/les-trois-freres.jpg\" alt=\"Ce n'est pas encore \u00e7a...\" width=\"768\" height=\"432\" loading=\"lazy\"\/><\/p>\n<p>Tu as fais de ton mieux, mais le r\u00e9sultat n\u2019est pas vraiment au rendez-vous. Avec ce petit score, tu ne prouves malheureusement pas que tu es un grand fan de films fran\u00e7ais. Il va encore te falloir de l\u2019entra\u00eenement avant de r\u00e9ussir \u00e0 identifier tous ces films sortis dans les ann\u00e9es 90.<\/p>\n<p>\u00a0<\/p>\n<p>Entra\u00eene-toi avec ces <a href=\"https:\/\/www.serieously.com\/tag\/films-francais\/\" target=\"_blank\" rel=\"noopener nofollow\" aria-label=\"\">autres quiz sur des films fran\u00e7ais<\/a> !<\/p>\n<p class=\"o-quiz__result-title\">A\u00efe, c&rsquo;est rat\u00e9&#8230;<\/p>\n<p class=\"o-quiz__result-subtitle\">Tu as obtenu un score de [[ score ]]\/[[ questions ]]<\/p>\n<p>\t\t\t\t\t\t\t\t\t<img decoding=\"async\" src=\"https:\/\/www.europesays.com\/fr\/wp-content\/uploads\/2025\/06\/les-visiteurs-godefroy-et-jacquouille-2.jpg\" alt=\"A\u00efe, c'est rat\u00e9...\" width=\"768\" height=\"432\" loading=\"lazy\"\/><\/p>\n<p>Dommage\u2026 Avec un score aussi d\u00e9cevant, tu es encore loin de prouver que tu t\u2019y connais en films made in France des ann\u00e9es 90. Pour obtenir un meilleur score la prochaine fois, il va falloir que tu (re)vois ces classiques sans tarder !<\/p>\n<p>\u00a0<\/p>\n<p>Rattrape-toi avec ces <a href=\"https:\/\/www.serieously.com\/tag\/films-francais\/\" target=\"_blank\" rel=\"noopener nofollow\" aria-label=\"\">autres quiz sur des films fran\u00e7ais<\/a> !<\/p>\n<p>\t\tRecommencer le quiz<\/p>\n<p class=\"m-user__name\">Elo\u00efse Jud\u00e9aux Legendre<\/p>\n<p>Lundi&rsquo;spensable<\/p>\n<p class=\"mt-4 mb-4 text-xl text-center\">Le meilleur de <\/p>\n<p> dans ta boite mail<\/p>\n","protected":false},"excerpt":{"rendered":"Accueil &gt; Quiz &gt; Quiz : personne n\u2019a jamais r\u00e9ussi \u00e0 reconna\u00eetre ces 15 films fran\u00e7ais des ann\u00e9es&hellip;\n","protected":false},"author":2,"featured_media":310241,"comment_status":"","ping_status":"","sticky":false,"template":"","format":"standard","meta":{"footnotes":""},"categories":[1354],"tags":[58,59,1346,1011,27,1360],"class_list":{"0":"post-310240","1":"post","2":"type-post","3":"status-publish","4":"format-standard","5":"has-post-thumbnail","7":"category-films","8":"tag-divertissement","9":"tag-entertainment","10":"tag-films","11":"tag-fr","12":"tag-france","13":"tag-movies"},"share_on_mastodon":{"url":"https:\/\/pubeurope.com\/@fr\/115006637038760578","error":""},"_links":{"self":[{"href":"https:\/\/www.europesays.com\/fr\/wp-json\/wp\/v2\/posts\/310240","targetHints":{"allow":["GET"]}}],"collection":[{"href":"https:\/\/www.europesays.com\/fr\/wp-json\/wp\/v2\/posts"}],"about":[{"href":"https:\/\/www.europesays.com\/fr\/wp-json\/wp\/v2\/types\/post"}],"author":[{"embeddable":true,"href":"https:\/\/www.europesays.com\/fr\/wp-json\/wp\/v2\/users\/2"}],"replies":[{"embeddable":true,"href":"https:\/\/www.europesays.com\/fr\/wp-json\/wp\/v2\/comments?post=310240"}],"version-history":[{"count":0,"href":"https:\/\/www.europesays.com\/fr\/wp-json\/wp\/v2\/posts\/310240\/revisions"}],"wp:featuredmedia":[{"embeddable":true,"href":"https:\/\/www.europesays.com\/fr\/wp-json\/wp\/v2\/media\/310241"}],"wp:attachment":[{"href":"https:\/\/www.europesays.com\/fr\/wp-json\/wp\/v2\/media?parent=310240"}],"wp:term":[{"taxonomy":"category","embeddable":true,"href":"https:\/\/www.europesays.com\/fr\/wp-json\/wp\/v2\/categories?post=310240"},{"taxonomy":"post_tag","embeddable":true,"href":"https:\/\/www.europesays.com\/fr\/wp-json\/wp\/v2\/tags?post=310240"}],"curies":[{"name":"wp","href":"https:\/\/api.w.org\/{rel}","templated":true}]}}