{"id":310248,"date":"2025-08-10T21:43:10","date_gmt":"2025-08-10T21:43:10","guid":{"rendered":"https:\/\/www.europesays.com\/fr\/310248\/"},"modified":"2025-08-10T21:43:10","modified_gmt":"2025-08-10T21:43:10","slug":"bayrou-pose-le-cadre-les-syndicats-preparent-la-riposte-liberation","status":"publish","type":"post","link":"https:\/\/www.europesays.com\/fr\/310248\/","title":{"rendered":"Bayrou pose le cadre, les syndicats pr\u00e9parent la riposte \u2013 Lib\u00e9ration"},"content":{"rendered":"<p class=\"sc-ksZaOG ehjQrN text-element\">Ce sont des missives de Matignon aux noms d\u00e9licieusement po\u00e9tiques : lettres de cadrage et document d\u2019orientation. Elles ont en outre \u00e9t\u00e9 envoy\u00e9es aux repr\u00e9sentants des salari\u00e9s et des employeurs durant l\u2019un des week-ends les plus creux de l\u2019ann\u00e9e : celui du 9 ao\u00fbt. Pas s\u00fbr que ce choix soit de nature \u00e0 calmer le m\u00e9contentement des organisations syndicales, toutes ob\u00e9diences confondues. Et pour cause : les lettres en question envoy\u00e9es confirment, apr\u00e8s <a href=\"https:\/\/www.liberation.fr\/economie\/budget-de-francois-bayrou-gel-des-depenses-suppression-de-jours-feries-petits-colis-taxes-ce-quil-faut-retenir-du-discours-20250715_VYW2B62EYVHQPEIUS7RX7B5BKM\/?redirected=1\" target=\"_blank\" rel=\"noopener\" title=\"https:\/\/www.liberation.fr\/economie\/budget-de-francois-bayrou-gel-des-depenses-suppression-de-jours-feries-petits-colis-taxes-ce-quil-faut-retenir-du-discours-20250715_VYW2B62EYVHQPEIUS7RX7B5BKM\/?redirected=1\">l\u2019intervention de Fran\u00e7ois Bayrou le 15 juillet<\/a>, l\u2019intention du gouvernement de faire peser une partie notable de \u00abl\u2019effort\u00bb budg\u00e9taire \u00e0 venir sur les travailleurs, avec la <a href=\"https:\/\/www.liberation.fr\/politique\/lundi-de-paques-et-8-mai-francois-bayrou-veut-sucrer-deux-jours-feries-20250715_WHAP5YDGLRAUZIESVMIBHQB3NQ\/\" target=\"_blank\" rel=\"noopener\" title=\"https:\/\/www.liberation.fr\/politique\/lundi-de-paques-et-8-mai-francois-bayrou-veut-sucrer-deux-jours-feries-20250715_WHAP5YDGLRAUZIESVMIBHQB3NQ\/\">suppression envisag\u00e9e de deux jours f\u00e9ri\u00e9s<\/a>, et sur les demandeurs d\u2019emploi<\/p>\n","protected":false},"excerpt":{"rendered":"Ce sont des missives de Matignon aux noms d\u00e9licieusement po\u00e9tiques : lettres de cadrage et document d\u2019orientation. Elles&hellip;\n","protected":false},"author":2,"featured_media":310249,"comment_status":"","ping_status":"","sticky":false,"template":"","format":"standard","meta":{"footnotes":""},"categories":[6],"tags":[25548,35,214,33,34,1011,27,431],"class_list":{"0":"post-310248","1":"post","2":"type-post","3":"status-publish","4":"format-standard","5":"has-post-thumbnail","7":"category-economie","8":"tag-budget-public","9":"tag-business","10":"tag-chomage","11":"tag-economie","12":"tag-economy","13":"tag-fr","14":"tag-france","15":"tag-francois-bayrou"},"share_on_mastodon":{"url":"https:\/\/pubeurope.com\/@fr\/115006656012667096","error":""},"_links":{"self":[{"href":"https:\/\/www.europesays.com\/fr\/wp-json\/wp\/v2\/posts\/310248","targetHints":{"allow":["GET"]}}],"collection":[{"href":"https:\/\/www.europesays.com\/fr\/wp-json\/wp\/v2\/posts"}],"about":[{"href":"https:\/\/www.europesays.com\/fr\/wp-json\/wp\/v2\/types\/post"}],"author":[{"embeddable":true,"href":"https:\/\/www.europesays.com\/fr\/wp-json\/wp\/v2\/users\/2"}],"replies":[{"embeddable":true,"href":"https:\/\/www.europesays.com\/fr\/wp-json\/wp\/v2\/comments?post=310248"}],"version-history":[{"count":0,"href":"https:\/\/www.europesays.com\/fr\/wp-json\/wp\/v2\/posts\/310248\/revisions"}],"wp:featuredmedia":[{"embeddable":true,"href":"https:\/\/www.europesays.com\/fr\/wp-json\/wp\/v2\/media\/310249"}],"wp:attachment":[{"href":"https:\/\/www.europesays.com\/fr\/wp-json\/wp\/v2\/media?parent=310248"}],"wp:term":[{"taxonomy":"category","embeddable":true,"href":"https:\/\/www.europesays.com\/fr\/wp-json\/wp\/v2\/categories?post=310248"},{"taxonomy":"post_tag","embeddable":true,"href":"https:\/\/www.europesays.com\/fr\/wp-json\/wp\/v2\/tags?post=310248"}],"curies":[{"name":"wp","href":"https:\/\/api.w.org\/{rel}","templated":true}]}}