{"id":31025,"date":"2025-04-17T06:35:20","date_gmt":"2025-04-17T06:35:20","guid":{"rendered":"https:\/\/www.europesays.com\/fr\/31025\/"},"modified":"2025-04-17T06:35:20","modified_gmt":"2025-04-17T06:35:20","slug":"strasbourg-a-la-cite-de-lill-la-fin-de-six-mois-de-creation-artistique-partagee-pour-effacer-les-frontieres","status":"publish","type":"post","link":"https:\/\/www.europesays.com\/fr\/31025\/","title":{"rendered":"Strasbourg. \u00c0 la Cit\u00e9 de l\u2019Ill, la fin de six mois de cr\u00e9ation artistique partag\u00e9e pour effacer les fronti\u00e8res"},"content":{"rendered":"<p>Pendant six mois, le projet a fait du papier un terrain d\u2019expression artistique, de co-construction et de lien, \u00e0 travers des ateliers avec les habitants, notamment le jeune public<\/p>\n<p>L\u2019objectif de <a href=\"https:\/\/www.dna.fr\/culture-loisirs\/2025\/02\/24\/residence-artistique-des-liens-de-papier(s)-se-tissent-au-quartier-de-la-robertsau\" target=\"_blank\" rel=\"nofollow noopener\">la r\u00e9sidence artistique \u00ab \u00a0Lien de papier(s) \u00a0\u00bb<\/a> \u00e0 la Cit\u00e9 de l\u2019Ill \u00e9tait de favoriser les rencontres entre artistes et habitants, et d\u00e9passer les fronti\u00e8res \u2013 g\u00e9ographiques, sociales ou mentales \u2013 entre ce quartier, class\u00e9 prioritaire, et les autres secteurs de la Robertsau.<\/p>\n<p>  En lien avec Strasbourg Capitale mondiale du livre<\/p>\n<p>Pour cette journ\u00e9e de cl\u00f4ture ensoleill\u00e9e, samedi 12\u00a0avril, les participants ont profit\u00e9 de la cabane \u00e0 livres, du bibliobus, d\u2019un atelier manga anim\u00e9 par une artiste et d\u2019un DJ set en plein air, au pied de la tour Schwab.<\/p>\n<p>L\u2019un des moments forts de cette manifestation, en lien avec <a href=\"https:\/\/www.dna.fr\/culture-loisirs\/culture-loisirs\/strasbourg-capitale-mondiale-du-livre\" target=\"_blank\" rel=\"nofollow noopener\">Strasbourg Capitale mondiale du livre<\/a> , \u00e9tait la cri\u00e9e publique. Chacun avait gliss\u00e9 un mot dans une bo\u00eete\u00a0: d\u00e9claration personnelle, pens\u00e9e intime ou note dr\u00f4le. En fin de journ\u00e9e, Pierre, le crieur les a lus devant l\u2019assembl\u00e9e. Une mani\u00e8re sensible et f\u00e9d\u00e9ratrice de clore ces six mois de cr\u00e9ation partag\u00e9e.<\/p>\n<p>Les participants ont aussi pu repartir avec des \u0153uvres en papier r\u00e9alis\u00e9es par les jeunes, t\u00e9moins de cette aventure partag\u00e9e.<\/p>\n<p>Un bilan collectif r\u00e9unissant les partenaires et participants est pr\u00e9vu. La suite de cette aventure artistique se dessinera selon l\u2019envie commune de poursuivre cette dynamique collaborative.<\/p>\n","protected":false},"excerpt":{"rendered":"Pendant six mois, le projet a fait du papier un terrain d\u2019expression artistique, de co-construction et de lien,&hellip;\n","protected":false},"author":2,"featured_media":31026,"comment_status":"","ping_status":"","sticky":false,"template":"","format":"standard","meta":{"footnotes":""},"categories":[2820],"tags":[1111,11,1687,2880,1777,674,2271,107,1011,27,775,12,25,640,2879],"class_list":{"0":"post-31025","1":"post","2":"type-post","3":"status-publish","4":"format-standard","5":"has-post-thumbnail","7":"category-strasbourg","8":"tag-actu","9":"tag-actualites","10":"tag-culture-loisirs","11":"tag-edition-strasbourg","12":"tag-eu","13":"tag-europe","14":"tag-exposition-arts-plastiques","15":"tag-fil-info","16":"tag-fr","17":"tag-france","18":"tag-grand-est","19":"tag-news","20":"tag-republique-francaise","21":"tag-strasbourg","22":"tag-strasbourg-ville"},"share_on_mastodon":{"url":"https:\/\/pubeurope.com\/@fr\/114351919880970079","error":""},"_links":{"self":[{"href":"https:\/\/www.europesays.com\/fr\/wp-json\/wp\/v2\/posts\/31025","targetHints":{"allow":["GET"]}}],"collection":[{"href":"https:\/\/www.europesays.com\/fr\/wp-json\/wp\/v2\/posts"}],"about":[{"href":"https:\/\/www.europesays.com\/fr\/wp-json\/wp\/v2\/types\/post"}],"author":[{"embeddable":true,"href":"https:\/\/www.europesays.com\/fr\/wp-json\/wp\/v2\/users\/2"}],"replies":[{"embeddable":true,"href":"https:\/\/www.europesays.com\/fr\/wp-json\/wp\/v2\/comments?post=31025"}],"version-history":[{"count":0,"href":"https:\/\/www.europesays.com\/fr\/wp-json\/wp\/v2\/posts\/31025\/revisions"}],"wp:featuredmedia":[{"embeddable":true,"href":"https:\/\/www.europesays.com\/fr\/wp-json\/wp\/v2\/media\/31026"}],"wp:attachment":[{"href":"https:\/\/www.europesays.com\/fr\/wp-json\/wp\/v2\/media?parent=31025"}],"wp:term":[{"taxonomy":"category","embeddable":true,"href":"https:\/\/www.europesays.com\/fr\/wp-json\/wp\/v2\/categories?post=31025"},{"taxonomy":"post_tag","embeddable":true,"href":"https:\/\/www.europesays.com\/fr\/wp-json\/wp\/v2\/tags?post=31025"}],"curies":[{"name":"wp","href":"https:\/\/api.w.org\/{rel}","templated":true}]}}