{"id":310250,"date":"2025-08-10T21:44:14","date_gmt":"2025-08-10T21:44:14","guid":{"rendered":"https:\/\/www.europesays.com\/fr\/310250\/"},"modified":"2025-08-10T21:44:14","modified_gmt":"2025-08-10T21:44:14","slug":"ce-quil-faut-retenir-des-annonces-de-netanyahou-sur-le-plan-israelien-pour-gaza","status":"publish","type":"post","link":"https:\/\/www.europesays.com\/fr\/310250\/","title":{"rendered":"Ce qu\u2019il faut retenir des annonces de Netanyahou sur le plan isra\u00e9lien pour Gaza"},"content":{"rendered":"<p>Le \u00ab\u00a0meilleur moyen de terminer la guerre\u00a0\u00bb. Voici comment le Premier ministre isra\u00e9lien <a href=\"https:\/\/www.20minutes.fr\/dossier\/benyamin_netanyahou\" class=\"color-ultramarine c-link\" target=\"_blank\" rel=\"noopener\">Benyamin Netanyahou<\/a> a qualifi\u00e9 dimanche le nouveau plan d\u2019op\u00e9ration de l\u2019arm\u00e9e isra\u00e9lienne dans le territoire palestinien d\u00e9vast\u00e9 et affam\u00e9.<\/p>\n<p>\u00ab\u00a0Nous avons accompli aujourd\u2019hui une grande partie du travail. Nous avons environ 70 \u00e0 75\u00a0% de <a href=\"https:\/\/www.20minutes.fr\/monde\/gaza\/\" class=\"color-ultramarine c-link\" target=\"_blank\" rel=\"noopener\">Gaza <\/a>sous contr\u00f4le militaire isra\u00e9lien\u00a0\u00bb, a d\u00e9clar\u00e9 Benyamin Netanyahou, au cours d\u2019une conf\u00e9rence de presse \u00e0 <a href=\"https:\/\/www.20minutes.fr\/monde\/jerusalem\/\" class=\"color-ultramarine c-link\" target=\"_blank\" rel=\"noopener\">J\u00e9rusalem<\/a>, apr\u00e8s 22 mois de guerre. \u00ab\u00a0Mais nous avons encore deux bastions restants\u00a0: ce sont la ville de Gaza et les camps\u00a0\u00bb du centre. Le plan isra\u00e9lien \u00ab\u00a0est la meilleure fa\u00e7on de terminer la guerre\u00a0\u00bb et \u00ab\u00a0nous n\u2019avons pas d\u2019autre choix pour terminer le travail\u00a0\u00bb, a-t-il affirm\u00e9.<\/p>\n<\/p>\n<p>\u00ab\u00a0Calendrier assez court\u00a0\u00bb<\/p>\n<p>Le nouveau plan de l\u2019arm\u00e9e \u00ab\u00a0ne vise pas \u00e0 occuper Gaza, mais \u00e0 d\u00e9militariser Gaza\u00a0\u00bb, a-t-il r\u00e9p\u00e9t\u00e9, r\u00e9sumant\u00a0: \u00ab\u00a0premi\u00e8rement, d\u00e9sarmer le <a href=\"https:\/\/www.20minutes.fr\/monde\/hamas\/\" class=\"color-ultramarine c-link\" target=\"_blank\" rel=\"noopener\">Hamas<\/a>. Deuxi\u00e8mement, tous les otages sont lib\u00e9r\u00e9s. Troisi\u00e8mement, Gaza est d\u00e9militaris\u00e9e. Quatri\u00e8mement, <a href=\"https:\/\/www.20minutes.fr\/monde\/israel\/\" class=\"color-ultramarine c-link\" target=\"_blank\" rel=\"noopener\">Isra\u00ebl <\/a>exerce un contr\u00f4le de s\u00e9curit\u00e9 pr\u00e9pond\u00e9rant. Et cinqui\u00e8mement, une administration civile pacifique non isra\u00e9lienne\u00a0\u00bb.<\/p>\n<p>\u00ab\u00a0Nous parlons en termes d&rsquo;un calendrier assez court parce que nous voulons mettre fin \u00e0 la guerre. [\u2026] Nous allons gagner la guerre, avec ou sans le soutien des autres\u00a0\u00bb, a-t-il enfin lanc\u00e9, alors que son plan a suscit\u00e9 la r\u00e9probation internationale.<\/p>\n<p>\u00ab\u00a0Une s\u00e9rie de mensonges\u00a0\u00bb selon le Hamas<\/p>\n<p>Isra\u00ebl va ouvrir \u00e0 Gaza des \u00ab\u00a0couloirs prot\u00e9g\u00e9s\u00a0\u00bb et de nouveaux sites de distributions d\u2019aide, a \u00e9galement annonc\u00e9 le Premier ministre. \u00ab\u00a0Nous allons d\u00e9signer des couloirs prot\u00e9g\u00e9s\u00a0\u00bb pour la distribution d\u2019aide dans la bande de Gaza et \u00ab\u00a0augmenter le nombre de sites de distribution d\u2019aide de la GHF\u00a0\u00bb (Fondation priv\u00e9e soutenue par les \u00c9tats-Unis et Isra\u00ebl), a dit Netanyahou au cours d\u2019une conf\u00e9rence de presse.<\/p>\n<p>Le Hamas a accus\u00e9 le dirigeant isra\u00e9lien de dire \u00ab\u00a0une s\u00e9rie de mensonges\u00a0\u00bb, peu de temps apr\u00e8s la prise de parole de ce dernier. \u00ab\u00a0Netanyahou continue de mentir, de tromper et de chercher \u00e0 induire le public en erreur. Tout ce qu\u2019il a dit lors de la conf\u00e9rence de presse constitue une s\u00e9rie de mensonges. Il est incapable d\u2019affronter la v\u00e9rit\u00e9 et \u00e0 la place, il s\u2019emploie \u00e0 la d\u00e9former et \u00e0 la dissimuler\u00a0\u00bb, a d\u00e9clar\u00e9 Taher al-Nounou, conseiller pour les m\u00e9dias du chef du bureau politique du Hamas.<\/p>\n<p>L\u2019effroi des familles d\u2019otages<\/p>\n<p>L\u2019annonce du plan isra\u00e9lien vendredi a suscit\u00e9 l\u2019effroi des familles d\u2019otages enlev\u00e9s lors de l\u2019attaque sanglante du Hamas en Isra\u00ebl du 7\u00a0octobre 2023, qui y voient une condamnation \u00e0 mort de leurs proches. Le Hamas a pr\u00e9venu que la nouvelle offensive aboutirait \u00e0 leur \u00ab\u00a0sacrifice\u00a0\u00bb.<\/p>\n<p>Au m\u00eame moment que la conf\u00e9rence de presse du Premier ministre isra\u00e9lien, s\u2019est ouvert \u00e0 <a href=\"https:\/\/www.20minutes.fr\/dossier\/new_york\" class=\"color-ultramarine c-link\" target=\"_blank\" rel=\"noopener\">New York<\/a> une r\u00e9union urgente du Conseil de s\u00e9curit\u00e9 de l\u2019ONU sur le conflit, au cours de laquelle un haut responsable onusien a mis en garde contre \u00ab\u00a0une nouvelle calamit\u00e9\u00a0\u00bb qui aurait des r\u00e9sonances \u00ab\u00a0dans toute la r\u00e9gion\u00a0\u00bb si jamais ce plan \u00e9tait d\u00e9clench\u00e9.<\/p>\n","protected":false},"excerpt":{"rendered":"Le \u00ab\u00a0meilleur moyen de terminer la guerre\u00a0\u00bb. Voici comment le Premier ministre isra\u00e9lien Benyamin Netanyahou a qualifi\u00e9 dimanche&hellip;\n","protected":false},"author":2,"featured_media":310251,"comment_status":"","ping_status":"","sticky":false,"template":"","format":"standard","meta":{"footnotes":""},"categories":[5],"tags":[47,11,952,1011,27,665,1146,3519,14,664,8306,74,12,28],"class_list":{"0":"post-310250","1":"post","2":"type-post","3":"status-publish","4":"format-standard","5":"has-post-thumbnail","7":"category-international","8":"tag-actualite","9":"tag-actualites","10":"tag-benyamin-netanyahou","11":"tag-fr","12":"tag-france","13":"tag-gaza","14":"tag-guerre","15":"tag-hamas","16":"tag-international","17":"tag-israel","18":"tag-jerusalem","19":"tag-monde","20":"tag-news","21":"tag-world"},"share_on_mastodon":{"url":"https:\/\/pubeurope.com\/@fr\/115006659880899291","error":""},"_links":{"self":[{"href":"https:\/\/www.europesays.com\/fr\/wp-json\/wp\/v2\/posts\/310250","targetHints":{"allow":["GET"]}}],"collection":[{"href":"https:\/\/www.europesays.com\/fr\/wp-json\/wp\/v2\/posts"}],"about":[{"href":"https:\/\/www.europesays.com\/fr\/wp-json\/wp\/v2\/types\/post"}],"author":[{"embeddable":true,"href":"https:\/\/www.europesays.com\/fr\/wp-json\/wp\/v2\/users\/2"}],"replies":[{"embeddable":true,"href":"https:\/\/www.europesays.com\/fr\/wp-json\/wp\/v2\/comments?post=310250"}],"version-history":[{"count":0,"href":"https:\/\/www.europesays.com\/fr\/wp-json\/wp\/v2\/posts\/310250\/revisions"}],"wp:featuredmedia":[{"embeddable":true,"href":"https:\/\/www.europesays.com\/fr\/wp-json\/wp\/v2\/media\/310251"}],"wp:attachment":[{"href":"https:\/\/www.europesays.com\/fr\/wp-json\/wp\/v2\/media?parent=310250"}],"wp:term":[{"taxonomy":"category","embeddable":true,"href":"https:\/\/www.europesays.com\/fr\/wp-json\/wp\/v2\/categories?post=310250"},{"taxonomy":"post_tag","embeddable":true,"href":"https:\/\/www.europesays.com\/fr\/wp-json\/wp\/v2\/tags?post=310250"}],"curies":[{"name":"wp","href":"https:\/\/api.w.org\/{rel}","templated":true}]}}