{"id":310268,"date":"2025-08-10T22:02:24","date_gmt":"2025-08-10T22:02:24","guid":{"rendered":"https:\/\/www.europesays.com\/fr\/310268\/"},"modified":"2025-08-10T22:02:24","modified_gmt":"2025-08-10T22:02:24","slug":"en-norvege-partez-sur-les-traces-des-derniers-rennes-sauvages-deurope","status":"publish","type":"post","link":"https:\/\/www.europesays.com\/fr\/310268\/","title":{"rendered":"En Norv\u00e8ge, partez sur les traces des derniers rennes sauvages d&rsquo;Europe"},"content":{"rendered":"<p>Les habitu\u00e9s des pays nordiques le savent : les<a href=\"https:\/\/www.geo.fr\/voyage\/une-semaine-chez-les-eleveurs-de-rennes-en-finlande-218824\" rel=\"nofollow noopener\" target=\"_blank\"> rennes<\/a> que l\u2019on y croise sont dans leur quasi-totalit\u00e9 semi-sauvages. Domestiqu\u00e9s depuis des mill\u00e9naires par les Samis, ils appartiennent \u00e0 des \u00e9leveurs. Mais contrairement \u00e0 ceux de <a href=\"https:\/\/www.geo.fr\/voyage\/que-faire-en-finlande-quand-on-aime-la-nature-214014\" rel=\"nofollow noopener\" target=\"_blank\">Finlande<\/a> ou de <a href=\"https:\/\/www.geo.fr\/voyage\/que-faire-en-suede-quand-on-aime-la-nature-213394\" rel=\"nofollow noopener\" target=\"_blank\">Su\u00e8de<\/a>, en <a href=\"https:\/\/www.geo.fr\/voyage\/norvege-plongee-au-coeur-du-sognefjord-le-roi-des-fjords-210633\" rel=\"nofollow noopener\" target=\"_blank\">Norv\u00e8ge<\/a>, environ 25\u2009000 rennes (Rangifer tarandus) sont v\u00e9ritablement sauvages. Le revers de cette libert\u00e9 : les individus du parc national de Dovrefjell sont plus craintifs et donc plus difficiles \u00e0 approcher, mais le sentiment de privil\u00e8ge \u00e0 pouvoir les observer en est d\u00e9cupl\u00e9.<\/p>\n<p>Rennes et b\u0153ufs musqu\u00e9s : entre observation et survie fragile<\/p>\n<p>Bien que les b\u00eates occupent les zones les plus recul\u00e9es du parc, plusieurs sentiers permettent de maximiser les chances de les observer, notamment le Musk Ox Trail (\u00ab\u00a0sentier du B\u0153uf musqu\u00e9\u00a0\u00bb), un itin\u00e9raire proposant des boucles de cinq \u00e0 quinze kilom\u00e8tres. Avec un peu de patience, on peut observer des rennes et, avec un brin de chance, apercevoir \u00e9galement des b\u0153ufs musqu\u00e9s. Bon \u00e0 savoir : les cervid\u00e9s affectionnent le milieu forestier et sont plus faciles \u00e0 apercevoir \u00e0 l\u2019aube ou lorsque survient le cr\u00e9puscule.<\/p>\n<p>Les populations de rennes qui d\u00e9passent le demi-million de t\u00eates dans les pays nordiques sont bouscul\u00e9es par le <a href=\"https:\/\/www.geo.fr\/environnement\/rechauffement-climatique-comment-la-fonte-des-glaciers-affecte-t-elle-notre-vie-quotidienne-225239\" rel=\"nofollow noopener\" target=\"_blank\">r\u00e9chauffement climatique<\/a> et l\u2019expansion des activit\u00e9s industrielles et mini\u00e8res. La fonte pr\u00e9coce des neiges, suivie de gels soudains, cr\u00e9e des cro\u00fbtes de glace qui rendent le lichen inaccessible. Les rennes, priv\u00e9s de leur nourriture principale, s\u2019affaiblissent et leur mortalit\u00e9 augmente. Cette situation affecte directement l\u2019existence d\u00e9j\u00e0 pr\u00e9caire des Samis.<\/p>\n<p>La meilleure p\u00e9riode pour observer les rennes sauvages<\/p>\n<p>L\u2019\u00e9t\u00e9 et le d\u00e9but de l\u2019automne, quand les troupeaux migrent vers des altitudes plus basses. \u00c0 noter : certaines zones du parc sont ferm\u00e9es de mai \u00e0 juillet, p\u00e9riode de mise bas des rennes, durant laquelle ils sont particuli\u00e8rement vuln\u00e9rables aux perturbations.<\/p>\n<p>Les autres esp\u00e8ces \u00e0 observer en Norv\u00e8ge<\/p>\n<p>Le parc national de Dovrefjell est l\u2019un des rares au monde o\u00f9 l\u2019on peut voir les majestueux b\u0153ufs musqu\u00e9s. D\u2019autres esp\u00e8ces typiquement septentrionales habitent le parc telles que le glouton, un must\u00e9lid\u00e9 solitaire, et le renard arctique.<\/p>\n<p>Le spot d&rsquo;observation<\/p>\n<p>Le magnifique observatoire de Sn\u00f8hetta, accessible au terme d\u2019une courte marche depuis le parking du mont Tverrfjellet, domine un paysage steppique, \u00e0 1250 m\u00e8tres d\u2019altitude. Les immenses baies vitr\u00e9es permettent de scruter la faune locale depuis un abri chaud. Jumelles recommand\u00e9es !<\/p>\n<p>Autre site naturel<\/p>\n<p>On peut trouver des rennes dans quasiment toute <a href=\"https:\/\/www.geo.fr\/histoire\/avant-les-raids-vikings-la-scandinavie-vivait-elle-en-autarcie-220736\" rel=\"nofollow noopener\" target=\"_blank\">la Scandinavie<\/a>, mais pour observer et photographier des sp\u00e9cimens sauvages dans leur milieu forestier naturel, la Laponie finlandaise est recommand\u00e9e, notamment le parc national de Lemmenjoki.<\/p>\n<p>\u27a4 Article paru dans le magazine GEO HS n\u00b0128, \u00ab\u00a0Fascinante faune sauvage\u00a0\u00bb, d&rsquo;ao\u00fbt-septembre 2025.<\/p>\n<p>\u27a4 Vous \u00eates d\u00e9j\u00e0 fid\u00e8le au contenu GEO ? Alors pour ne rien manquer, d\u00e9couvrez <a href=\"https:\/\/www.prismashop.fr\/tous-les-magazines\/connaissance-et-voyage\/geo.html?code=SIEPMSGEO&amp;utm_source=geo-fr&amp;utm_medium=sites-editos&amp;utm_campaign=article&amp;utm_content=pms\" rel=\"nofollow noopener\" target=\"_blank\">nos formules d&rsquo;abonnement <\/a>pour recevoir chaque mois GEO chez vous en toute simplicit\u00e9.<\/p>\n","protected":false},"excerpt":{"rendered":"Les habitu\u00e9s des pays nordiques le savent : les rennes que l\u2019on y croise sont dans leur quasi-totalit\u00e9&hellip;\n","protected":false},"author":2,"featured_media":310269,"comment_status":"","ping_status":"","sticky":false,"template":"","format":"standard","meta":{"footnotes":""},"categories":[2821],"tags":[1111,11,829,1777,674,1011,27,12,584,25],"class_list":{"0":"post-310268","1":"post","2":"type-post","3":"status-publish","4":"format-standard","5":"has-post-thumbnail","7":"category-rennes","8":"tag-actu","9":"tag-actualites","10":"tag-bretagne","11":"tag-eu","12":"tag-europe","13":"tag-fr","14":"tag-france","15":"tag-news","16":"tag-rennes","17":"tag-republique-francaise"},"share_on_mastodon":{"url":"https:\/\/pubeurope.com\/@fr\/115006730573351408","error":""},"_links":{"self":[{"href":"https:\/\/www.europesays.com\/fr\/wp-json\/wp\/v2\/posts\/310268","targetHints":{"allow":["GET"]}}],"collection":[{"href":"https:\/\/www.europesays.com\/fr\/wp-json\/wp\/v2\/posts"}],"about":[{"href":"https:\/\/www.europesays.com\/fr\/wp-json\/wp\/v2\/types\/post"}],"author":[{"embeddable":true,"href":"https:\/\/www.europesays.com\/fr\/wp-json\/wp\/v2\/users\/2"}],"replies":[{"embeddable":true,"href":"https:\/\/www.europesays.com\/fr\/wp-json\/wp\/v2\/comments?post=310268"}],"version-history":[{"count":0,"href":"https:\/\/www.europesays.com\/fr\/wp-json\/wp\/v2\/posts\/310268\/revisions"}],"wp:featuredmedia":[{"embeddable":true,"href":"https:\/\/www.europesays.com\/fr\/wp-json\/wp\/v2\/media\/310269"}],"wp:attachment":[{"href":"https:\/\/www.europesays.com\/fr\/wp-json\/wp\/v2\/media?parent=310268"}],"wp:term":[{"taxonomy":"category","embeddable":true,"href":"https:\/\/www.europesays.com\/fr\/wp-json\/wp\/v2\/categories?post=310268"},{"taxonomy":"post_tag","embeddable":true,"href":"https:\/\/www.europesays.com\/fr\/wp-json\/wp\/v2\/tags?post=310268"}],"curies":[{"name":"wp","href":"https:\/\/api.w.org\/{rel}","templated":true}]}}