{"id":310278,"date":"2025-08-10T22:10:26","date_gmt":"2025-08-10T22:10:26","guid":{"rendered":"https:\/\/www.europesays.com\/fr\/310278\/"},"modified":"2025-08-10T22:10:26","modified_gmt":"2025-08-10T22:10:26","slug":"le-fc-montlouis-accueillera-t-il-les-girondins-de-bordeaux-a-la-vallee-du-cher","status":"publish","type":"post","link":"https:\/\/www.europesays.com\/fr\/310278\/","title":{"rendered":"Le FC Montlouis accueillera-t-il les Girondins de Bordeaux \u00e0 la Vall\u00e9e du Cher ?"},"content":{"rendered":"<p>C\u2019est l\u2019affiche que tout le monde attend. Avec sa promotion en National\u00a02, Montlouis aura la chance d\u2019affronter une \u00e9quipe mythique du championnat de France, les Girondins de Bordeaux. \u00ab\u00a0Tout le monde nous en parle et on est les premiers \u00e0 \u00eatre plus que content de les affronter cette ann\u00e9e, que ce soit \u00e0 l\u2019aller comme au retour\u00a0\u00bb, se r\u00e9jouit Jordan Durand, le nouveau directeur g\u00e9n\u00e9ral du club.<\/p>\n<p>La rencontre pourrait d\u2019ailleurs se jouer \u00e0 Tours. \u00ab\u00a0On serait en droit de jouer \u00e0\u00a0Eug\u00e8ne-Cholet. Mais il ne faut pas se mentir, on serait dans l\u2019incapacit\u00e9 d\u2019accueillir les supporteurs bordelais ici. En termes de s\u00e9curit\u00e9, ce serait difficilement envisageable. Donc on a \u00e9mis le souhait de jouer \u00e0 la Vall\u00e9e du Cher.\u00a0\u00bb<\/p>\n<p>Il faut dire qu\u2019avec leurs deux kops qui se d\u00e9placent \u2013 et ne s\u2019entendent pas entre eux \u2013, il \u00e9tait difficile d\u2019imaginer les supporteurs girondins dans le petit stade montlouisien. Et le Descartois de naissance veut \u00ab\u00a0leur permettre de se d\u00e9placer\u00a0\u00bb.<\/p>\n<p>\u00ab\u00a0Une f\u00eate\u00a0\u00bb pour le d\u00e9partement<\/p>\n<p>Ce serait en tout cas une superbe occasion pour la Touraine selon le directeur g\u00e9n\u00e9ral de 30\u00a0ans\u00a0: \u00ab\u00a0Pour nous, c\u2019est difficilement envisageable de refuser cette f\u00eate au d\u00e9partement. On a vraiment envie de faire une superbe rencontre avec \u00e9norm\u00e9ment de spectateurs, pour Montlouis mais aussi pour l\u2019ensemble de la terre tourangelle qui est demandeuse.\u00a0\u00bb<\/p>\n<p>Des discussions entre la mairie de Montlouis et celle de Tours ont, en tout cas, d\u00e9but\u00e9 \u00ab\u00a0et tout semble bien engag\u00e9\u00a0\u00bb pour cette rencontre pr\u00e9vue le week-end du 13\u00a0d\u00e9cembre 2025.<\/p>\n","protected":false},"excerpt":{"rendered":"C\u2019est l\u2019affiche que tout le monde attend. Avec sa promotion en National\u00a02, Montlouis aura la chance d\u2019affronter une&hellip;\n","protected":false},"author":2,"featured_media":310279,"comment_status":"","ping_status":"","sticky":false,"template":"","format":"standard","meta":{"footnotes":""},"categories":[2817],"tags":[1392,1111,11,1997,1777,674,63,1011,27,1387,21131,22485,12,2219,25,60,1390],"class_list":{"0":"post-310278","1":"post","2":"type-post","3":"status-publish","4":"format-standard","5":"has-post-thumbnail","7":"category-bordeaux","8":"tag-a-la-une-local","9":"tag-actu","10":"tag-actualites","11":"tag-bordeaux","12":"tag-eu","13":"tag-europe","14":"tag-football","15":"tag-fr","16":"tag-france","17":"tag-indre-et-loire","18":"tag-montlouis-sur-loire","19":"tag-nationaux-football","20":"tag-news","21":"tag-nouvelle-aquitaine","22":"tag-republique-francaise","23":"tag-sports","24":"tag-tours"},"share_on_mastodon":{"url":"https:\/\/pubeurope.com\/@fr\/115006762167645056","error":""},"_links":{"self":[{"href":"https:\/\/www.europesays.com\/fr\/wp-json\/wp\/v2\/posts\/310278","targetHints":{"allow":["GET"]}}],"collection":[{"href":"https:\/\/www.europesays.com\/fr\/wp-json\/wp\/v2\/posts"}],"about":[{"href":"https:\/\/www.europesays.com\/fr\/wp-json\/wp\/v2\/types\/post"}],"author":[{"embeddable":true,"href":"https:\/\/www.europesays.com\/fr\/wp-json\/wp\/v2\/users\/2"}],"replies":[{"embeddable":true,"href":"https:\/\/www.europesays.com\/fr\/wp-json\/wp\/v2\/comments?post=310278"}],"version-history":[{"count":0,"href":"https:\/\/www.europesays.com\/fr\/wp-json\/wp\/v2\/posts\/310278\/revisions"}],"wp:featuredmedia":[{"embeddable":true,"href":"https:\/\/www.europesays.com\/fr\/wp-json\/wp\/v2\/media\/310279"}],"wp:attachment":[{"href":"https:\/\/www.europesays.com\/fr\/wp-json\/wp\/v2\/media?parent=310278"}],"wp:term":[{"taxonomy":"category","embeddable":true,"href":"https:\/\/www.europesays.com\/fr\/wp-json\/wp\/v2\/categories?post=310278"},{"taxonomy":"post_tag","embeddable":true,"href":"https:\/\/www.europesays.com\/fr\/wp-json\/wp\/v2\/tags?post=310278"}],"curies":[{"name":"wp","href":"https:\/\/api.w.org\/{rel}","templated":true}]}}