{"id":310286,"date":"2025-08-10T22:15:11","date_gmt":"2025-08-10T22:15:11","guid":{"rendered":"https:\/\/www.europesays.com\/fr\/310286\/"},"modified":"2025-08-10T22:15:11","modified_gmt":"2025-08-10T22:15:11","slug":"un-sexagenaire-meurt-noye-dans-le-8e-arrondissement-de-marseille-au-niveau-de-la-plage-de-la-batterie","status":"publish","type":"post","link":"https:\/\/www.europesays.com\/fr\/310286\/","title":{"rendered":"Un sexag\u00e9naire meurt noy\u00e9 dans le 8e arrondissement de Marseille, au niveau de la plage de la Batterie"},"content":{"rendered":"<p>C\u2019est une succession de petites plages plus ou moins m\u00e9connues du littoral Marseillais, situ\u00e9es dans le prolongement de la Pointe-Rouge, quartier de Montredon, dans le 8e arrondissement de Marseille. Bain des dames, verrerie, <a href=\"https:\/\/www.laprovence.com\/article\/sorties-loisirs\/6831591\/cest-lete-a-marseille-la-bonne-brise-plage-du-peuple-et-des-cabanons.html\" target=\"_blank\" rel=\"noopener\">chacune \u00e0 ses habitu\u00e9s<\/a>, qui savent aussi que selon les conditions m\u00e9t\u00e9o, le cadre idyllique de ces petites criques, o\u00f9 la baignade n\u2019est pas surveill\u00e9e, \u00e0 t\u00f4t fait d\u2019\u00eatre redoutable \u00e0 l\u2019heure de regagner le bord. <a href=\"https:\/\/www.laprovence.com\/article\/region\/49091101114587\/marseille-un-baigneur-porte-disparu-a-la-verrerie\" target=\"_blank\" rel=\"noopener\">Presque chaque ann\u00e9e, des baigneurs y perdent la vie<\/a>.<\/p>\n<p>\u00c0 nouveau, un homme de 68\u00a0ans a ainsi succomb\u00e9 \u00e0 la noyade sur l\u2019une de ces plages, celle dite de la Batterie, ce matin du dimanche 10\u00a0ao\u00fbt 2025. L\u2019alerte a \u00e9t\u00e9 donn\u00e9e vers 8h30, mais \u00e0 l\u2019arriv\u00e9e des marins-pompiers, la victime \u00e9tait d\u00e9j\u00e0 inconsciente. En d\u00e9pit des efforts de r\u00e9animation de l\u2019\u00e9quipe du Smur \u00e9galement d\u00e9p\u00each\u00e9e sur place, le d\u00e9c\u00e8s du sexag\u00e9naire a d\u00fb \u00eatre d\u00e9clar\u00e9 par le m\u00e9decin.<\/p>\n","protected":false},"excerpt":{"rendered":"C\u2019est une succession de petites plages plus ou moins m\u00e9connues du littoral Marseillais, situ\u00e9es dans le prolongement de&hellip;\n","protected":false},"author":2,"featured_media":310287,"comment_status":"","ping_status":"","sticky":false,"template":"","format":"standard","meta":{"footnotes":""},"categories":[2814],"tags":[17,1111,11,3869,1446,1777,674,274,1011,27,884,5479,12,4072,17446,882,25,16647],"class_list":{"0":"post-310286","1":"post","2":"type-post","3":"status-publish","4":"format-standard","5":"has-post-thumbnail","7":"category-marseille","8":"tag-17","9":"tag-actu","10":"tag-actualites","11":"tag-arrondissement","12":"tag-dans","13":"tag-eu","14":"tag-europe","15":"tag-faits-divers-justice","16":"tag-fr","17":"tag-france","18":"tag-marseille","19":"tag-meurt","20":"tag-news","21":"tag-niveau","22":"tag-noye","23":"tag-provence-alpes-cote-dazur","24":"tag-republique-francaise","25":"tag-sexagenaire"},"share_on_mastodon":{"url":"https:\/\/pubeurope.com\/@fr\/115006781758905692","error":""},"_links":{"self":[{"href":"https:\/\/www.europesays.com\/fr\/wp-json\/wp\/v2\/posts\/310286","targetHints":{"allow":["GET"]}}],"collection":[{"href":"https:\/\/www.europesays.com\/fr\/wp-json\/wp\/v2\/posts"}],"about":[{"href":"https:\/\/www.europesays.com\/fr\/wp-json\/wp\/v2\/types\/post"}],"author":[{"embeddable":true,"href":"https:\/\/www.europesays.com\/fr\/wp-json\/wp\/v2\/users\/2"}],"replies":[{"embeddable":true,"href":"https:\/\/www.europesays.com\/fr\/wp-json\/wp\/v2\/comments?post=310286"}],"version-history":[{"count":0,"href":"https:\/\/www.europesays.com\/fr\/wp-json\/wp\/v2\/posts\/310286\/revisions"}],"wp:featuredmedia":[{"embeddable":true,"href":"https:\/\/www.europesays.com\/fr\/wp-json\/wp\/v2\/media\/310287"}],"wp:attachment":[{"href":"https:\/\/www.europesays.com\/fr\/wp-json\/wp\/v2\/media?parent=310286"}],"wp:term":[{"taxonomy":"category","embeddable":true,"href":"https:\/\/www.europesays.com\/fr\/wp-json\/wp\/v2\/categories?post=310286"},{"taxonomy":"post_tag","embeddable":true,"href":"https:\/\/www.europesays.com\/fr\/wp-json\/wp\/v2\/tags?post=310286"}],"curies":[{"name":"wp","href":"https:\/\/api.w.org\/{rel}","templated":true}]}}