{"id":310292,"date":"2025-08-10T22:18:15","date_gmt":"2025-08-10T22:18:15","guid":{"rendered":"https:\/\/www.europesays.com\/fr\/310292\/"},"modified":"2025-08-10T22:18:15","modified_gmt":"2025-08-10T22:18:15","slug":"alcool-gaz-hilarant-portable-la-fete-danniversaire-dun-detenu-nouvelle-defaillance-a-la-prison-de-lyon-corbas","status":"publish","type":"post","link":"https:\/\/www.europesays.com\/fr\/310292\/","title":{"rendered":"Alcool, gaz hilarant, portable : la f\u00eate d&rsquo;anniversaire d&rsquo;un d\u00e9tenu, nouvelle d\u00e9faillance \u00e0 la prison de Lyon-Corbas ?"},"content":{"rendered":"<ul class=\"jsx-862013697 ArticleChapo__List\">\n<li class=\"jsx-862013697 ArticleChapo__List_Item flex\">Les images montrent une banale f\u00eate d&rsquo;anniversaire, mais elle a \u00e9t\u00e9 captur\u00e9e dans une cellule de la prison de Lyon-Corbas.<\/li>\n<li class=\"jsx-862013697 ArticleChapo__List_Item flex\">En plus des t\u00e9l\u00e9phones, on y voit plusieurs objets en principe interdits aux d\u00e9tenus.<\/li>\n<li class=\"jsx-862013697 ArticleChapo__List_Item flex\">Une enqu\u00eate a \u00e9t\u00e9 ouverte pour d\u00e9terminer comment ces objets de f\u00eate ont pu entrer dans cette maison d&rsquo;arr\u00eat.<\/li>\n<\/ul>\n<p><a href=\"https:\/\/www.tf1info.fr\/emissions\/tf1\/le-13h-10927\/\" rel=\"noopener\" class=\"jsx-484472199 Link jsx-1428418400 jsx-640816507\" target=\"_blank\"><\/p>\n<p style=\"font-weight:400\" class=\"jsx-1837267516\">Suivez la couverture compl\u00e8te<\/p>\n<p style=\"font-weight:800\" class=\"jsx-1837267516\">Le 13H<\/p>\n<p><\/a><\/p>\n<p data-module=\"article-paragraph\" class=\"jsx-3046738180 Paragraph Paragraph__End\">Une prison d\u00e9faillante ? Ces derni\u00e8res semaines, une vid\u00e9o montrant une f\u00eate d&rsquo;anniversaire en prison ne cesse de faire r\u00e9agir sur les r\u00e9seaux sociaux, certains d\u00e9noncent des conditions d&rsquo;incarc\u00e9ration trop souples. La vid\u00e9o a \u00e9t\u00e9 tourn\u00e9e fin juin par un <a href=\"https:\/\/www.tf1info.fr\/justice-faits-divers\/prisons-un-nombre-record-de-detenus-en-france-au-1er-juillet-2025-2386451.html\" target=\"_blank\" rel=\"noopener\">d\u00e9tenu <\/a>qui f\u00eatait ses 22 ans en cellule \u00e0 la<a href=\"https:\/\/www.tf1info.fr\/justice-faits-divers\/evasion-a-la-maison-d-arret-prison-de-lyon-corbas-le-detenu-en-fuite-a-ete-interpelle-2382738.html\" target=\"_blank\" rel=\"noopener\"> prison de Lyon-Corbas<\/a> en banlieue lyonnaise (Rh\u00f4ne). Si le jeune homme a tout \u00e0 fait l&rsquo;autorisation de f\u00eater son anniversaire, le t\u00e9l\u00e9phone portable, avec lequel il filme la vid\u00e9o, est lui interdit.\u00a0<\/p>\n<p data-module=\"article-paragraph\" class=\"jsx-3046738180 Paragraph Paragraph__End\">Sur les images disponibles dans le reportage de TF1 en t\u00eate de cet article, on aper\u00e7oit aussi des bouteilles d&rsquo;alcool et du gaz hilarant&#8230; Ces produits, interdits en prison, n&rsquo;auraient normalement pas pu y \u00eatre introduits. Une enqu\u00eate a \u00e9t\u00e9 ouverte par le parquet de Lyon pour d\u00e9terminer comment ces objets de f\u00eate ont pu p\u00e9n\u00e9trer dans la maison d&rsquo;arr\u00eat.<\/p>\n<p>Les dysfonctionnements se multiplient dans la prison<\/p>\n<p data-module=\"article-paragraph\" class=\"jsx-3046738180 Paragraph Paragraph__End\">Ce n&rsquo;est pas la premi\u00e8re fois que l&rsquo;\u00e9tablissement se retrouve point\u00e9 du doigt. L&rsquo;an dernier d\u00e9j\u00e0, une autre soir\u00e9e dans la m\u00eame cellule avait \u00e9t\u00e9 diffus\u00e9e sur les r\u00e9seaux sociaux. Et mi-juillet, <a href=\"https:\/\/www.tf1info.fr\/justice-faits-divers\/lyon-evasion-dans-un-sac-a-linge-le-fugitif-et-son-complice-mis-en-examen-et-ecroues-2383298.html\" target=\"_blank\" rel=\"noopener\">un d\u00e9tenu avait pu s&rsquo;\u00e9chapper de la prison<\/a> par la grande porte, dissimul\u00e9 dans un sac de linge, peu avant d&rsquo;\u00eatre de nouveau arr\u00eat\u00e9. \u00c0 l&rsquo;\u00e9poque, l&rsquo;administration p\u00e9nitentiaire avait reconnu \u00ab\u00a0une accumulation d&rsquo;erreurs\u00a0\u00bb et des \u00ab\u00a0dysfonctionnements\u00a0\u00bb qui avaient rendu possible cette \u00e9vasion spectaculaire.\u00a0<\/p>\n<p><a href=\"https:\/\/www.tf1info.fr\/justice-faits-divers\/video-reportage-document-tf1-prison-de-haute-securite-les-images-exclusives-des-premiers-transferts-de-narcotrafiquants-a-vendin-le-vieil-2384421.html\" rel=\"noopener\" class=\"jsx-3308031228 Link flex\" target=\"_blank\"><img decoding=\"async\" src=\"https:\/\/www.europesays.com\/fr\/wp-content\/uploads\/2025\/08\/extraction-premiers-prisonniers-5fe1e1-0@1x.jpeg\" alt=\"Capture TF1\" loading=\"lazy\" importance=\"low\" fetchpriority=\"low\" class=\"\" aria-hidden=\"true\"\/><\/p>\n<p class=\"jsx-3657663356 ReadMoreArticle__Title\">Lire aussi<\/p>\n<p class=\"jsx-3657663356\">Prison de haute s\u00e9curit\u00e9 : les images exclusives des premiers transferts de narcotrafiquants \u00e0 Vendin-le-Vieil<\/p>\n<p><\/a><\/p>\n<p data-module=\"article-paragraph\" class=\"jsx-3046738180 Paragraph Paragraph__End\">Selon les syndicats, cette s\u00e9rie de probl\u00e8mes s&rsquo;explique par la <a href=\"https:\/\/www.tf1info.fr\/meteo\/chaleur-surpopulation-centres-vetustes-les-prisons-en-surchauffe-face-aux-fortes-chaleurs-un-plan-canicule-lance-2380219.html\" target=\"_blank\" rel=\"noopener\">surpopulation carc\u00e9rale<\/a> de la prison de Lyon-Corbas, o\u00f9 1.150 d\u00e9tenus sont incarc\u00e9r\u00e9s pour 750 places. Toutefois, ce type d&rsquo;\u00e9v\u00e9nements n&rsquo;\u00e9pargne aucun \u00e9tablissement. Les vid\u00e9os \u00e0 l&rsquo;int\u00e9rieur des cellules, avec des d\u00e9tenus parfois en possession de drogues, se multiplient sur les r\u00e9seaux sociaux, malgr\u00e9 la saisie de 40.000 t\u00e9l\u00e9phones l&rsquo;an dernier. Pour endiguer le ph\u00e9nom\u00e8ne, des syst\u00e8mes de brouillage sont en cours d&rsquo;installation. Mais pour l&rsquo;heure, seule une vingtaine d&rsquo;\u00e9tablissements sur 188 en sont \u00e9quip\u00e9s.<\/p>\n<p>La r\u00e9daction de TF1info | Reportage : Matthieu DESMOULINS, Gwenaelle BELLEC, Maxence LABREUX<\/p>\n","protected":false},"excerpt":{"rendered":"Les images montrent une banale f\u00eate d&rsquo;anniversaire, mais elle a \u00e9t\u00e9 captur\u00e9e dans une cellule de la prison&hellip;\n","protected":false},"author":2,"featured_media":310293,"comment_status":"","ping_status":"","sticky":false,"template":"","format":"standard","meta":{"footnotes":""},"categories":[1889],"tags":[1111,11,1921,2430,2951,2950,1777,674,1011,27,1922,2954,5008,2428,12,25,133,2953,2949],"class_list":{"0":"post-310292","1":"post","2":"type-post","3":"status-publish","4":"format-standard","5":"has-post-thumbnail","7":"category-lyon","8":"tag-actu","9":"tag-actualites","10":"tag-article-video","11":"tag-auvergne-rhone-alpes","12":"tag-criminalite","13":"tag-delinquance","14":"tag-eu","15":"tag-europe","16":"tag-fr","17":"tag-france","18":"tag-info","19":"tag-justice-et-faits-divers","20":"tag-le-13h","21":"tag-lyon","22":"tag-news","23":"tag-republique-francaise","24":"tag-video","25":"tag-video-police","26":"tag-violences"},"share_on_mastodon":{"url":"https:\/\/pubeurope.com\/@fr\/115006793532846951","error":""},"_links":{"self":[{"href":"https:\/\/www.europesays.com\/fr\/wp-json\/wp\/v2\/posts\/310292","targetHints":{"allow":["GET"]}}],"collection":[{"href":"https:\/\/www.europesays.com\/fr\/wp-json\/wp\/v2\/posts"}],"about":[{"href":"https:\/\/www.europesays.com\/fr\/wp-json\/wp\/v2\/types\/post"}],"author":[{"embeddable":true,"href":"https:\/\/www.europesays.com\/fr\/wp-json\/wp\/v2\/users\/2"}],"replies":[{"embeddable":true,"href":"https:\/\/www.europesays.com\/fr\/wp-json\/wp\/v2\/comments?post=310292"}],"version-history":[{"count":0,"href":"https:\/\/www.europesays.com\/fr\/wp-json\/wp\/v2\/posts\/310292\/revisions"}],"wp:featuredmedia":[{"embeddable":true,"href":"https:\/\/www.europesays.com\/fr\/wp-json\/wp\/v2\/media\/310293"}],"wp:attachment":[{"href":"https:\/\/www.europesays.com\/fr\/wp-json\/wp\/v2\/media?parent=310292"}],"wp:term":[{"taxonomy":"category","embeddable":true,"href":"https:\/\/www.europesays.com\/fr\/wp-json\/wp\/v2\/categories?post=310292"},{"taxonomy":"post_tag","embeddable":true,"href":"https:\/\/www.europesays.com\/fr\/wp-json\/wp\/v2\/tags?post=310292"}],"curies":[{"name":"wp","href":"https:\/\/api.w.org\/{rel}","templated":true}]}}