{"id":310296,"date":"2025-08-10T22:22:21","date_gmt":"2025-08-10T22:22:21","guid":{"rendered":"https:\/\/www.europesays.com\/fr\/310296\/"},"modified":"2025-08-10T22:22:21","modified_gmt":"2025-08-10T22:22:21","slug":"une-journee-a-linstitut-francais-de-la-mode","status":"publish","type":"post","link":"https:\/\/www.europesays.com\/fr\/310296\/","title":{"rendered":"Une journ\u00e9e \u00e0 l\u2019Institut Fran\u00e7ais de la Mode"},"content":{"rendered":"<p>L\u2019Institut Fran\u00e7ais de la Mode est une \u00e9cole de mode fran\u00e7aise unique situ\u00e9e dans le 13e arrondissement. Ses \u00e9tudiants sont form\u00e9s aux industries du luxe, du design et du textile. Toki Woki a pu participer \u00e0 un \u00e9v\u00e9nement majeur de l&rsquo;\u00e9cole. <\/p>\n<p>\n      La Quotidienne Soci\u00e9t\u00e9\n    <\/p>\n<p>\n      De la vie quotidienne aux grands enjeux, recevez tous les jours les sujets qui font la soci\u00e9t\u00e9 locale, comme la justice, l\u2019\u00e9ducation, la sant\u00e9 et la famille.\n    <\/p>\n<p>    France T\u00e9l\u00e9visions utilise votre adresse e-mail afin de vous envoyer la newsletter \u00ab\u00a0La Quotidienne Soci\u00e9t\u00e9\u00a0\u00bb. Vous pouvez vous d\u00e9sinscrire \u00e0 tout moment via le lien en bas de cette newsletter. <a target=\"_blank\" href=\"https:\/\/www.francetelevisions.fr\/groupe\/confidentialite\/politique-de-confidentialite\/politique-de-confidentialite-de-france-televisions-6503\" rel=\"nofollow noopener\">Notre politique de confidentialit\u00e9<\/a><\/p>\n<p>Entre les murs de L\u2019Institut Fan\u00e7ais de la Mode (IFM), se cache un prodige de la haute couture. Tidjane Tall, \u00e9l\u00e8ve de la prodigieuse \u00e9cole, va d\u00e9filer pour la premi\u00e8re fois \u00e0 la Paris Fashion Week. <\/p>\n<p>Chaque ann\u00e9e, les 70 \u00e9tudiants du bachelor de l&rsquo;IFM pr\u00e9sentent leur collection \u00e0 un jury. Les gagnants d\u00e9crochent ensuite leur ticket pour participer \u00e0 l&rsquo;ouverture de la Paris Fashion Week. <\/p>\n<p>Effervescence, casting sauvage et ajustements de derni\u00e8re minute, dans les couloirs de l&rsquo;IFM, tout le monde s&rsquo;active pour esp\u00e9rer d\u00e9crocher le s\u00e9same. Parmi les grands gagnants de cette ann\u00e9e : Tidjane Tall. \u00c9mu aux larmes, le cr\u00e9ateur se dit \u00ab\u00a0tr\u00e8s excit\u00e9\u00a0\u00bb. \u00ab\u00a0C&rsquo;est une grande plateforme et je pense que \u00e7a va vraiment donner un contexte \u00e0 ma collection\u00a0\u00bb, ajoute le jeune couturier. <\/p>\n","protected":false},"excerpt":{"rendered":"L\u2019Institut Fran\u00e7ais de la Mode est une \u00e9cole de mode fran\u00e7aise unique situ\u00e9e dans le 13e arrondissement. Ses&hellip;\n","protected":false},"author":2,"featured_media":310297,"comment_status":"","ping_status":"","sticky":false,"template":"","format":"standard","meta":{"footnotes":""},"categories":[1888],"tags":[1111,1928,11,1927,1777,674,1011,27,12,1926,626,1925,25],"class_list":{"0":"post-310296","1":"post","2":"type-post","3":"status-publish","4":"format-standard","5":"has-post-thumbnail","7":"category-paris","8":"tag-actu","9":"tag-actu-paris","10":"tag-actualites","11":"tag-actualites-paris","12":"tag-eu","13":"tag-europe","14":"tag-fr","15":"tag-france","16":"tag-news","17":"tag-news-paris","18":"tag-paris","19":"tag-paris-news","20":"tag-republique-francaise"},"share_on_mastodon":{"url":"https:\/\/pubeurope.com\/@fr\/115006809345439711","error":""},"_links":{"self":[{"href":"https:\/\/www.europesays.com\/fr\/wp-json\/wp\/v2\/posts\/310296","targetHints":{"allow":["GET"]}}],"collection":[{"href":"https:\/\/www.europesays.com\/fr\/wp-json\/wp\/v2\/posts"}],"about":[{"href":"https:\/\/www.europesays.com\/fr\/wp-json\/wp\/v2\/types\/post"}],"author":[{"embeddable":true,"href":"https:\/\/www.europesays.com\/fr\/wp-json\/wp\/v2\/users\/2"}],"replies":[{"embeddable":true,"href":"https:\/\/www.europesays.com\/fr\/wp-json\/wp\/v2\/comments?post=310296"}],"version-history":[{"count":0,"href":"https:\/\/www.europesays.com\/fr\/wp-json\/wp\/v2\/posts\/310296\/revisions"}],"wp:featuredmedia":[{"embeddable":true,"href":"https:\/\/www.europesays.com\/fr\/wp-json\/wp\/v2\/media\/310297"}],"wp:attachment":[{"href":"https:\/\/www.europesays.com\/fr\/wp-json\/wp\/v2\/media?parent=310296"}],"wp:term":[{"taxonomy":"category","embeddable":true,"href":"https:\/\/www.europesays.com\/fr\/wp-json\/wp\/v2\/categories?post=310296"},{"taxonomy":"post_tag","embeddable":true,"href":"https:\/\/www.europesays.com\/fr\/wp-json\/wp\/v2\/tags?post=310296"}],"curies":[{"name":"wp","href":"https:\/\/api.w.org\/{rel}","templated":true}]}}