{"id":310298,"date":"2025-08-10T22:23:13","date_gmt":"2025-08-10T22:23:13","guid":{"rendered":"https:\/\/www.europesays.com\/fr\/310298\/"},"modified":"2025-08-10T22:23:13","modified_gmt":"2025-08-10T22:23:13","slug":"les-eveques-de-france-invitent-a-reconsiderer-la-promotion-du-pretre-dominique-spina-condamne-pour-viol","status":"publish","type":"post","link":"https:\/\/www.europesays.com\/fr\/310298\/","title":{"rendered":"Les \u00e9v\u00eaques de France invitent \u00e0 \u00ab\u00a0reconsid\u00e9rer\u00a0\u00bb la promotion du pr\u00eatre Dominique Spina condamn\u00e9 pour viol"},"content":{"rendered":"<p class=\"paragraph text_align_left lp-f-body-02\">Leur r\u00e9action \u00e9tait attendue par une large partie des catholiques fran\u00e7ais. Les \u00e9v\u00eaques de France souhaitent que l\u2019archev\u00eaque de Toulouse revienne sur sa d\u00e9cision de <a href=\"https:\/\/www.leparisien.fr\/haute-garonne-31\/polemique-a-toulouse-un-pretre-nomme-chancelier-du-diocese-malgre-sa-condamnation-en-2006-pour-viol-sur-un-mineur-07-07-2025-ATNCVEPLQVBXBHX2KD32NGJ2XY.php\" target=\"_self\" rel=\"nofollow noopener\">promouvoir Dominique Spina, un pr\u00eatre condamn\u00e9 pour viol sur mineur en 2006<\/a>, estimant que cette nomination ne peut que \u00ab raviver des blessures \u00bb et \u00ab d\u00e9concerter \u00bb les fid\u00e8les.<\/p>\n<p class=\"paragraph text_align_left lp-f-body-02\">\u00ab Nous avons engag\u00e9 un dialogue constructif avec Mgr Guy de Kerimel, archev\u00eaque de Toulouse, l\u2019invitant \u00e0 reconsid\u00e9rer la d\u00e9cision qu\u2019il avait prise quant \u00e0 la nomination du chancelier de son dioc\u00e8se \u00bb indique dimanche la pr\u00e9sidence de la Conf\u00e9rence des \u00e9v\u00eaques de France dans un communiqu\u00e9.<\/p>\n<p class=\"paragraph text_align_left lp-f-body-02\">\u00ab En effet, une telle nomination \u00e0 un poste aussi important, canoniquement et symboliquement, ne peut que raviver des blessures, r\u00e9veiller des soup\u00e7ons et d\u00e9concerter le peuple de Dieu \u00bb, souligne l\u2019organisation.<\/p>\n<p>\u00ab Le parti de la mis\u00e9ricorde \u00bb<\/p>\n<p class=\"paragraph text_align_left lp-f-body-02\">D\u00e9but juin l\u2019archev\u00eaque de Toulouse <a href=\"https:\/\/www.leparisien.fr\/haute-garonne-31\/polemique-a-toulouse-un-pretre-nomme-chancelier-du-diocese-malgre-sa-condamnation-en-2006-pour-viol-sur-un-mineur-07-07-2025-ATNCVEPLQVBXBHX2KD32NGJ2XY.php\" target=\"_self\" rel=\"nofollow noopener\">a nomm\u00e9 au poste de chancelier<\/a> le pr\u00eatre Dominique Spina, condamn\u00e9 en 2006 \u00e0 cinq ans de prison dont un avec sursis pour le viol d\u2019un lyc\u00e9en de 16 ans en 1993.<\/p>\n<p class=\"paragraph text_align_left lp-f-body-02\">L\u2019archev\u00eaque a expliqu\u00e9 avoir \u00ab pris le parti de la mis\u00e9ricorde \u00bb pour nommer ce pr\u00eatre \u00e0 qui il n\u2019a \u00ab rien \u00e0 reprocher \u00bb dans une \u00ab fonction administrative \u00bb &#8211; le chancelier \u00e9tablit les actes administratifs et endosse un r\u00f4le de conseil.<\/p>\n<p class=\"paragraph text_align_left lp-f-body-02\">Une d\u00e9cision qui a suscit\u00e9 l\u2019incompr\u00e9hension. En r\u00e9action, plusieurs collectifs de victimes d\u2019\u00e9tablissements catholiques dont <a href=\"https:\/\/www.leparisien.fr\/societe\/affaire-betharram\/\" target=\"_self\" rel=\"nofollow noopener\">Notre-Dame de B\u00e9tharram<\/a> ont fait part de leur \u00ab col\u00e8re \u00bb face \u00e0 une situation \u00ab inacceptable \u00bb.<\/p>\n<p class=\"paragraph text_align_left lp-f-body-02\">\u00ab Nous avons appris \u00e0 regarder ces faits d\u2019abord du point de vue des personnes qui en ont \u00e9t\u00e9 les victimes et qui en subissent les cons\u00e9quences \u00e0 longueur de vie. Ce d\u00e9placement du regard, l\u2019\u00e9coute bouleversante de leur d\u00e9tresse et de leur douleur, l\u2019accueil de leur invitation \u00e0 poursuivre humblement avec elles un chemin de v\u00e9rit\u00e9, ont amorc\u00e9, pour notre institution eccl\u00e9siale, un long et exigeant travail de conversion, que nous sommes r\u00e9solus \u00e0 poursuivre \u00bb, affirme la Conf\u00e9rence des \u00e9v\u00eaques de France (CEF), pr\u00e9sid\u00e9e par le cardinal <a href=\"https:\/\/www.leparisien.fr\/societe\/religions\/qui-est-jean-marc-aveline-le-cardinal-marseillais-elu-patron-des-eveques-de-france-02-04-2025-OQPJRSPDMVHUFPTLTMD3RLP36E.php\" target=\"_self\" rel=\"nofollow noopener\">Jean-Marc Aveline<\/a>, archev\u00eaque de Marseille.<\/p>\n","protected":false},"excerpt":{"rendered":"Leur r\u00e9action \u00e9tait attendue par une large partie des catholiques fran\u00e7ais. Les \u00e9v\u00eaques de France souhaitent que l\u2019archev\u00eaque&hellip;\n","protected":false},"author":2,"featured_media":310299,"comment_status":"","ping_status":"","sticky":false,"template":"","format":"standard","meta":{"footnotes":""},"categories":[1888],"tags":[11,1777,674,118,1011,27,12,626,11725,25,104],"class_list":{"0":"post-310298","1":"post","2":"type-post","3":"status-publish","4":"format-standard","5":"has-post-thumbnail","7":"category-paris","8":"tag-actualites","9":"tag-eu","10":"tag-europe","11":"tag-faits-divers","12":"tag-fr","13":"tag-france","14":"tag-news","15":"tag-paris","16":"tag-religions","17":"tag-republique-francaise","18":"tag-societe"},"share_on_mastodon":{"url":"https:\/\/pubeurope.com\/@fr\/115006813188735441","error":""},"_links":{"self":[{"href":"https:\/\/www.europesays.com\/fr\/wp-json\/wp\/v2\/posts\/310298","targetHints":{"allow":["GET"]}}],"collection":[{"href":"https:\/\/www.europesays.com\/fr\/wp-json\/wp\/v2\/posts"}],"about":[{"href":"https:\/\/www.europesays.com\/fr\/wp-json\/wp\/v2\/types\/post"}],"author":[{"embeddable":true,"href":"https:\/\/www.europesays.com\/fr\/wp-json\/wp\/v2\/users\/2"}],"replies":[{"embeddable":true,"href":"https:\/\/www.europesays.com\/fr\/wp-json\/wp\/v2\/comments?post=310298"}],"version-history":[{"count":0,"href":"https:\/\/www.europesays.com\/fr\/wp-json\/wp\/v2\/posts\/310298\/revisions"}],"wp:featuredmedia":[{"embeddable":true,"href":"https:\/\/www.europesays.com\/fr\/wp-json\/wp\/v2\/media\/310299"}],"wp:attachment":[{"href":"https:\/\/www.europesays.com\/fr\/wp-json\/wp\/v2\/media?parent=310298"}],"wp:term":[{"taxonomy":"category","embeddable":true,"href":"https:\/\/www.europesays.com\/fr\/wp-json\/wp\/v2\/categories?post=310298"},{"taxonomy":"post_tag","embeddable":true,"href":"https:\/\/www.europesays.com\/fr\/wp-json\/wp\/v2\/tags?post=310298"}],"curies":[{"name":"wp","href":"https:\/\/api.w.org\/{rel}","templated":true}]}}